{"id":5833,"date":"2025-07-01T17:26:05","date_gmt":"2025-07-01T20:26:05","guid":{"rendered":"https:\/\/www.enorsai.com\/noticias\/sociedad\/apagon-total-en-quilmes-mas-de-17-000-familias-quedaron-a-oscuras-en-la-noche-mas-fria-del-ano\/"},"modified":"2025-07-01T17:26:05","modified_gmt":"2025-07-01T20:26:05","slug":"apagon-total-en-quilmes-mas-de-17-000-familias-quedaron-a-oscuras-en-la-noche-mas-fria-del-ano","status":"publish","type":"post","link":"https:\/\/www.enorsai.com\/noticias\/sociedad\/apagon-total-en-quilmes-mas-de-17-000-familias-quedaron-a-oscuras-en-la-noche-mas-fria-del-ano\/","title":{"rendered":"Apag\u00f3n total en Quilmes: m\u00e1s de 17.000 familias quedaron a oscuras en la noche m\u00e1s fr\u00eda del a\u00f1o"},"content":{"rendered":"\n<p><strong><em>Vecinos pasaron horas sin luz ni calefacci\u00f3n y exigen respuestas a la distribuidora el\u00e9ctrica. El masivo corte se produjo este lunes por la noche, justo cuando la temperatura rozaba los 0\u00b0C. Aunque el servicio comenz\u00f3 a restituirse de madrugada, persisten los reclamos y la incertidumbre sobre las causas de la falla<\/em><\/strong>.<br><br>La ola polar que golpea al AMBA tuvo un cap\u00edtulo dram\u00e1tico en Quilmes. Este lunes por la noche, m\u00e1s de 17.000 familias quedaron sin suministro el\u00e9ctrico durante varias horas a causa de un apag\u00f3n masivo que afect\u00f3 principalmente las zonas de Quilmes Centro y Quilmes Oeste, justo en la jornada m\u00e1s fr\u00eda del a\u00f1o, con marcas t\u00e9rmicas cercanas a los 0\u00b0C.<br><br>Seg\u00fan datos difundidos por el Ente Nacional Regulador de la Electricidad (ENRE), el corte comenz\u00f3 pasadas las 21 horas y gener\u00f3 enorme preocupaci\u00f3n en distintos barrios, donde muchos vecinos se vieron impedidos de encender estufas o aparatos el\u00e9ctricos para calefaccionarse. La situaci\u00f3n result\u00f3 especialmente cr\u00edtica para personas mayores y familias con ni\u00f1os peque\u00f1os, que atravesaron la noche polar en condiciones de gran vulnerabilidad.<br><br>En redes sociales, las quejas se multiplicaron. Usuarios exigieron explicaciones a la empresa Edesur por la falta de servicio y denunciaron demoras en la atenci\u00f3n de los reclamos. Hasta el momento, la empresa no emiti\u00f3 un comunicado oficial que precise las causas del corte. Sin embargo, se especula que la sobrecarga en la red por la elevada demanda energ\u00e9tica, t\u00edpica de las noches de fr\u00edo extremo, podr\u00eda haber provocado la interrupci\u00f3n.<br><br>Si bien el servicio comenz\u00f3 a restituirse de manera paulatina durante la madrugada, este martes el ENRE inform\u00f3 que unas 50 familias segu\u00edan sin luz en la ciudad. No se descartan interrupciones intermitentes a lo largo del d\u00eda.<br><br>Mientras tanto, el malestar social crece ante la incertidumbre y la falta de respuestas oficiales. El recuerdo de extensos cortes de luz en inviernos pasados vuelve a instalar el debate sobre la capacidad del sistema el\u00e9ctrico para afrontar picos de demanda y proteger a los usuarios m\u00e1s vulnerables en contextos clim\u00e1ticos extremos.<br><br>Fuente:<\/p>\n\n\n\n<ul class=\"wp-block-list\">\n<li>https:\/\/www.infoquilmes.com.ar\/noticias\/54320-apagon-masivo-afecto-a-miles-de-familias-en-la-noche-mas-fria-del-ano\/<\/li>\n<\/ul>\n","protected":false},"excerpt":{"rendered":"<p>Vecinos pasaron horas sin luz ni calefacci\u00f3n y exigen respuestas a la distribuidora el\u00e9ctrica. El masivo corte se produjo este lunes por la noche, justo cuando la temperatura rozaba los 0\u00b0C. Aunque el servicio comenz\u00f3 a restituirse de madrugada, persisten los reclamos y la incertidumbre sobre las causas de la falla. La ola polar que&#8230;<\/p>\n","protected":false},"author":12,"featured_media":5832,"comment_status":"open","ping_status":"open","sticky":false,"template":"","format":"standard","meta":{"_monsterinsights_skip_tracking":false,"_monsterinsights_sitenote_active":false,"_monsterinsights_sitenote_note":"","_monsterinsights_sitenote_category":0,"footnotes":"","jetpack_publicize_message":"","jetpack_publicize_feature_enabled":true,"jetpack_social_post_already_shared":true,"jetpack_social_options":{"image_generator_settings":{"template":"highway","default_image_id":0,"font":"","enabled":false},"version":2}},"categories":[4],"tags":[],"class_list":["post-5833","post","type-post","status-publish","format-standard","has-post-thumbnail","hentry","category-sociedad"],"jetpack_publicize_connections":[],"_links":{"self":[{"href":"https:\/\/www.enorsai.com\/noticias\/wp-json\/wp\/v2\/posts\/5833","targetHints":{"allow":["GET"]}}],"collection":[{"href":"https:\/\/www.enorsai.com\/noticias\/wp-json\/wp\/v2\/posts"}],"about":[{"href":"https:\/\/www.enorsai.com\/noticias\/wp-json\/wp\/v2\/types\/post"}],"author":[{"embeddable":true,"href":"https:\/\/www.enorsai.com\/noticias\/wp-json\/wp\/v2\/users\/12"}],"replies":[{"embeddable":true,"href":"https:\/\/www.enorsai.com\/noticias\/wp-json\/wp\/v2\/comments?post=5833"}],"version-history":[{"count":0,"href":"https:\/\/www.enorsai.com\/noticias\/wp-json\/wp\/v2\/posts\/5833\/revisions"}],"wp:featuredmedia":[{"embeddable":true,"href":"https:\/\/www.enorsai.com\/noticias\/wp-json\/wp\/v2\/media\/5832"}],"wp:attachment":[{"href":"https:\/\/www.enorsai.com\/noticias\/wp-json\/wp\/v2\/media?parent=5833"}],"wp:term":[{"taxonomy":"category","embeddable":true,"href":"https:\/\/www.enorsai.com\/noticias\/wp-json\/wp\/v2\/categories?post=5833"},{"taxonomy":"post_tag","embeddable":true,"href":"https:\/\/www.enorsai.com\/noticias\/wp-json\/wp\/v2\/tags?post=5833"}],"curies":[{"name":"wp","href":"https:\/\/api.w.org\/{rel}","templated":true}]}}