{"id":582,"date":"2025-02-03T10:36:42","date_gmt":"2025-02-03T13:36:42","guid":{"rendered":"https:\/\/www.enorsai.com\/noticias\/?p=582"},"modified":"2025-02-03T10:36:42","modified_gmt":"2025-02-03T13:36:42","slug":"confirmado-los-incendios-en-epuyen-y-el-bolson-fueron-provocados-intencionalmente","status":"publish","type":"post","link":"https:\/\/www.enorsai.com\/noticias\/sociedad\/confirmado-los-incendios-en-epuyen-y-el-bolson-fueron-provocados-intencionalmente\/","title":{"rendered":"Confirmado: Los incendios en Epuy\u00e9n y El Bols\u00f3n fueron provocados intencionalmente"},"content":{"rendered":"\n<p>Los gobernadores de R\u00edo Negro y Chubut confirmaron que el fuego en esas zonas fue producido de manera intencional, ya que se detect\u00f3 la presencia de sustancias acelerantes.<\/p>\n<p>Los incendios que se registraron en las ciudades de<strong>\u00a0Epuy\u00e9n, en Chubut, y El Bols\u00f3n, en R\u00edo Negro,<\/strong>\u00a0fueron provocados intencionalmente, informaron las autoridades locales.<\/p>\n<p>Ante esta situaci\u00f3n,\u00a0<strong>los gobernadores de Chubut y R\u00edo Negro, Ignacio Torres y Alberto Weretilneck, confirmaron que el fuego que azota a El Bols\u00f3n y a Epuy\u00e9n\u00a0<\/strong>fue producido de manera intencional.<\/p>\n<p>Los mandatarios, se\u00f1alan desde Noticias Argentinas, lo confirmaron el pasado domingo y prometieron ir\u00a0<em><strong>\u201chasta las \u00faltimas consecuencias\u201d<\/strong><\/em>\u00a0para penalizar a los responsables.<\/p>\n<p>El gobernador Torres, por su parte arremeti\u00f3:\u00a0<em><strong>\u201cSe encontr\u00f3 material acelerante, que es combustible, y tambi\u00e9n est\u00e1 confirmado desde el d\u00eda uno, aunque el peritaje reci\u00e9n lo confirm\u00f3 oficialmente la semana pasada, que el atentado en la estancia Amancay con bombas molotov fue claramente intencional\u201d.<\/strong><\/em><\/p>\n<p>La confirmaci\u00f3n lleg\u00f3 luego de una pericia realizada por la Divisi\u00f3n Investigaci\u00f3n de Siniestros de la Superintendencia Federal de Bomberos y mencionaron que las llamas se originaron en la parte trasera de la Escuela N\u00b09 Mariano Moreno.<strong>\u00a0Adem\u00e1s, encontraron evidencias de intervenci\u00f3n humana reciente.\u00a0<\/strong><\/p>\n<p>Asimismo,\u00a0<strong>los especialistas y los perros de guardia detectaron la presencia de sustancias acelerantes, lo que refuerza la hip\u00f3tesis de que el incendio fue provocado de manera intencional.<\/strong><\/p>\n<p>\u201cHoy, despu\u00e9s de estar en Epuy\u00e9n acompa\u00f1ando a las familias damnificadas por el incendio, estuvimos presentes en un nuevo foco \u00edgneo que estaba siendo r\u00e1pidamente apagado por los Bomberos, luego de que, minutos antes, un delincuente intenta desatar otro incendio en la regi\u00f3n, prendiendo fuego los tendidos el\u00e9ctricos\u201d, continu\u00f3 el gobernador de Chubut en sus redes sociales.<\/p>\n<figure class=\"wp-block-image size-large\"><img loading=\"lazy\" decoding=\"async\" width=\"1024\" height=\"512\" data-attachment-id=\"96320\" data-permalink=\"https:\/\/noticiaslainsuperable.com.ar\/2025\/02\/03\/confirman-que-los-incendios-en-epuyen-y-el-bolson-son-intencionales\/qq1-796\/\" data-orig-file=\"https:\/\/noticiaslainsuperable.com.ar\/wp-content\/uploads\/2025\/02\/qq1.webp\" data-orig-size=\"1280,640\" data-comments-opened=\"1\" data-image-meta='{\"aperture\":\"0\",\"credit\":\"\",\"camera\":\"\",\"caption\":\"\",\"created_timestamp\":\"0\",\"copyright\":\"\",\"focal_length\":\"0\",\"iso\":\"0\",\"shutter_speed\":\"0\",\"title\":\"\",\"orientation\":\"0\"}' data-image-title=\"qq1\" data-image-description=\"\" data-image-caption=\"\" data-medium-file=\"https:\/\/noticiaslainsuperable.com.ar\/wp-content\/uploads\/2025\/02\/qq1.webp?w=300\" data-large-file=\"https:\/\/noticiaslainsuperable.com.ar\/wp-content\/uploads\/2025\/02\/qq1.webp?w=1024\" src=\"https:\/\/noticiaslainsuperable.com.ar\/wp-content\/uploads\/2025\/02\/qq1.webp?w=1024\" alt=\"\" class=\"wp-image-96320\" \/><\/figure>\n<p>\u201cNo nos vamos a dejar amedrentar y vamos a ir hasta las \u00faltimas consecuencias contra cada uno de estos delincuentes, hasta que terminen todos presos, que es donde tienen que estar.\u201d, a\u00f1adi\u00f3 en su posteo.<\/p>\n<p>Por otro lado,\u00a0<strong>el gobernador de R\u00edo Negro, Alberto Weretilneck, afirm\u00f3 mediante un mensaje en sus redes que las llamas que afectan a localidad de El Bols\u00f3n tambi\u00e9n fueron producidas de manera intencional.<\/strong><\/p>\n<p><em><strong>\u201cLa Polic\u00eda de R\u00edo Negro, el Fiscal de Turno y peritos accedieron a los puntos donde comenz\u00f3 el fuego. En uno de ellos se encontr\u00f3 una botella de vidrio, que ser\u00e1 peritada para determinar su vinculaci\u00f3n con el incendio\u201d<\/strong><\/em>, detall\u00f3 el mandatario en su cuenta de X.<\/p>\n<p>Por \u00faltimo, confirm\u00f3: \u201cTenemos ya la certeza de que el incendio fue intencional.\u00a0<strong>Personal de la Polic\u00eda de R\u00edo Negro, junto con el fiscal y peritos, pudieron encontrar los tres lugares donde se inici\u00f3 el fuego, y en uno de esos lugares encontraron botellas que ser\u00e1n peritadas<\/strong>\u00a0para ver qu\u00e9 es lo que se puede encontrar y que sirva para la investigaci\u00f3n y el esclarecimiento del hecho\u201d.<\/p>\n\n\n\n","protected":false},"excerpt":{"rendered":"<p>Los gobernadores de R\u00edo Negro y Chubut confirmaron que el fuego en esas zonas fue producido de manera intencional, ya que se detect\u00f3 la presencia de sustancias acelerantes. Los incendios que se registraron en las ciudades de\u00a0Epuy\u00e9n, en Chubut, y El Bols\u00f3n, en R\u00edo Negro,\u00a0fueron provocados intencionalmente, informaron las autoridades locales. Ante esta situaci\u00f3n,\u00a0los gobernadores&#8230;<\/p>\n","protected":false},"author":7,"featured_media":583,"comment_status":"open","ping_status":"open","sticky":false,"template":"","format":"standard","meta":{"_monsterinsights_skip_tracking":false,"_monsterinsights_sitenote_active":false,"_monsterinsights_sitenote_note":"","_monsterinsights_sitenote_category":0,"footnotes":"","jetpack_publicize_message":"Los gobernadores de R\u00edo Negro y Chubut confirmaron que el fuego en esas zonas fue producido de manera intencional, ya que se detect\u00f3 la presencia de sustancias acelerantes","jetpack_publicize_feature_enabled":true,"jetpack_social_post_already_shared":false,"jetpack_social_options":{"image_generator_settings":{"template":"highway","enabled":false},"version":2}},"categories":[4],"tags":[],"class_list":["post-582","post","type-post","status-publish","format-standard","has-post-thumbnail","hentry","category-sociedad"],"jetpack_publicize_connections":[],"_links":{"self":[{"href":"https:\/\/www.enorsai.com\/noticias\/wp-json\/wp\/v2\/posts\/582","targetHints":{"allow":["GET"]}}],"collection":[{"href":"https:\/\/www.enorsai.com\/noticias\/wp-json\/wp\/v2\/posts"}],"about":[{"href":"https:\/\/www.enorsai.com\/noticias\/wp-json\/wp\/v2\/types\/post"}],"author":[{"embeddable":true,"href":"https:\/\/www.enorsai.com\/noticias\/wp-json\/wp\/v2\/users\/7"}],"replies":[{"embeddable":true,"href":"https:\/\/www.enorsai.com\/noticias\/wp-json\/wp\/v2\/comments?post=582"}],"version-history":[{"count":1,"href":"https:\/\/www.enorsai.com\/noticias\/wp-json\/wp\/v2\/posts\/582\/revisions"}],"predecessor-version":[{"id":600,"href":"https:\/\/www.enorsai.com\/noticias\/wp-json\/wp\/v2\/posts\/582\/revisions\/600"}],"wp:featuredmedia":[{"embeddable":true,"href":"https:\/\/www.enorsai.com\/noticias\/wp-json\/wp\/v2\/media\/583"}],"wp:attachment":[{"href":"https:\/\/www.enorsai.com\/noticias\/wp-json\/wp\/v2\/media?parent=582"}],"wp:term":[{"taxonomy":"category","embeddable":true,"href":"https:\/\/www.enorsai.com\/noticias\/wp-json\/wp\/v2\/categories?post=582"},{"taxonomy":"post_tag","embeddable":true,"href":"https:\/\/www.enorsai.com\/noticias\/wp-json\/wp\/v2\/tags?post=582"}],"curies":[{"name":"wp","href":"https:\/\/api.w.org\/{rel}","templated":true}]}}