{"id":5810,"date":"2025-07-01T05:55:05","date_gmt":"2025-07-01T08:55:05","guid":{"rendered":"https:\/\/www.enorsai.com\/noticias\/?p=5810"},"modified":"2025-07-01T05:55:05","modified_gmt":"2025-07-01T08:55:05","slug":"kicillof-denuncio-el-fallo-de-la-jueza-preska-como-un-disparate-juridico-y-apunto-contra-javier-milei-por-alinearse-con-intereses-extranjeros","status":"publish","type":"post","link":"https:\/\/www.enorsai.com\/noticias\/politica\/kicillof-denuncio-el-fallo-de-la-jueza-preska-como-un-disparate-juridico-y-apunto-contra-javier-milei-por-alinearse-con-intereses-extranjeros\/","title":{"rendered":"Kicillof denunci\u00f3 el fallo de la jueza Preska como un \u201cdisparate jur\u00eddico\u201d y apunt\u00f3 contra Javier Milei por alinearse con intereses extranjeros"},"content":{"rendered":"\n<p><strong><em>La soberan\u00eda energ\u00e9tica vuelve a estar bajo amenaza, esta vez con un presidente que aplaude desde el borde. Mientras una jueza de Nueva York ordena entregar el 51% de YPF a los fondos buitre, el presidente argentino opta por burlarse en un streaming en lugar de defender los recursos estrat\u00e9gicos del pa\u00eds. Axel Kicillof responde con dureza y denuncia una alianza peligrosa entre el gobierno de Milei y los intereses financieros for\u00e1neos.<\/em><\/strong><\/p>\n\n\n\n<p>La escena no podr\u00eda ser m\u00e1s reveladora ni m\u00e1s obscena: una jueza estadounidense, heredera del tristemente c\u00e9lebre Thomas Griesa, firma desde Nueva York una sentencia que ordena nada menos que entregar el 51% de YPF a los fondos buitre. Mientras tanto, el presidente argentino, Javier Milei, se disfraza con un mameluco de la petrolera y pasa horas en un canal de streaming, entre bromas y performance digital. La rep\u00fablica arde, y \u00e9l hace memes. Axel Kicillof lo dijo sin rodeos: \u201cUn disparate jur\u00eddico y una intolerable intromisi\u00f3n sobre nuestra soberan\u00eda\u201d.<\/p>\n\n\n\n<p>No se trata simplemente de un nuevo traspi\u00e9 legal en el litigio por la expropiaci\u00f3n de YPF. Es mucho m\u00e1s grave. El n\u00facleo del problema es que, por primera vez en la historia democr\u00e1tica reciente, la m\u00e1xima autoridad del pa\u00eds no solo no rechaza el avance extranjero sobre un activo estrat\u00e9gico, sino que lo celebra, lo legitima, lo reproduce en forma de show. La figura presidencial se ha transformado en vocero y facilitador de las finanzas internacionales m\u00e1s voraces, un verdadero \u201ctopo en la Casa Rosada\u201d, como lo describi\u00f3 Kicillof.<\/p>\n\n\n\n<p>Pero no es s\u00f3lo una frase ingeniosa o una denuncia ret\u00f3rica. La evidencia es abrumadora. El fallo de Loretta Preska, que exige ceder la mitad del control de YPF a fondos especulativos, no cae en el vac\u00edo: aterriza en una Argentina gobernada por un presidente cuya \u201cpasi\u00f3n norteamericana\u201d \u2014como la define con iron\u00eda Kicillof\u2014 lo lleva a visitar con frecuencia Estados Unidos, tejer alianzas oscuras y esbozar un plan de privatizaci\u00f3n que ni siquiera se molesta en disimular. El precandidato oficialista en la provincia lo confes\u00f3 sin tapujos: aspiran a vender YPF. La soberan\u00eda energ\u00e9tica, pieza clave de cualquier proyecto de desarrollo, se ha vuelto una carga inc\u00f3moda para esta administraci\u00f3n.<\/p>\n\n\n\n<p>\u00bfDe qu\u00e9 hablamos cuando hablamos de YPF? Hablamos de una empresa que, desde su recuperaci\u00f3n por el gobierno de Cristina Fern\u00e1ndez de Kirchner, volvi\u00f3 a invertir, producir, crecer, generar empleo, y sobre todo, puso en marcha el proyecto de Vaca Muerta, una reserva energ\u00e9tica de escala mundial. Esa decisi\u00f3n pol\u00edtica, acompa\u00f1ada por amplios sectores del Congreso y respaldada por buena parte de la sociedad, fue una reivindicaci\u00f3n de la soberan\u00eda en tiempos en que el capital financiero presionaba por el desguace total del Estado. Hoy, Milei y su equipo buscan revertirlo todo, bajo la excusa de una modernidad delirante que se resume en memes, esl\u00f3ganes y una peligrosa ignorancia sobre los intereses estrat\u00e9gicos del pa\u00eds.<\/p>\n\n\n\n<p>La gravedad institucional de este momento no puede ser subestimada. Kicillof lo deja claro: no es el fallo en s\u00ed lo que m\u00e1s escandaliza \u2014aunque sea inaceptable jur\u00eddicamente y un atropello contra la autodeterminaci\u00f3n de la Argentina\u2014, sino la complicidad de un presidente que se ubica con entusiasmo del lado de los fondos buitres. \u201cNo hace falta una investigaci\u00f3n muy profunda para advertir el v\u00ednculo entre la pasi\u00f3n norteamericana de nuestro presidente y esta noticia\u201d, afirma el gobernador, marcando un punto crucial. Hay una matriz ideol\u00f3gica en el oficialismo que desprecia lo nacional, demoniza el Estado y celebra la entrega. Es esa l\u00f3gica la que gu\u00eda el repliegue brutal del aparato p\u00fablico y que, en este caso, podr\u00eda costarnos YPF.<\/p>\n\n\n\n<p>En su mensaje, Kicillof pone el dedo en la llaga: \u201cEste Gobierno \u2018Nacional\u2019 no defiende a la Argentina: defiende los intereses de los Estados Unidos y de las finanzas y las empresas extranjeras\u201d. No es solo una opini\u00f3n: es una descripci\u00f3n pol\u00edtica que se constata en cada viaje, en cada decreto, en cada veto presidencial que golpea al tejido productivo nacional mientras se aplauden desde Washington o Wall Street. El gobierno de Javier Milei ha resignado el rol de defensor del inter\u00e9s p\u00fablico para transformarse en un facilitador del saqueo organizado.<\/p>\n\n\n\n<p>La reacci\u00f3n de Kicillof no es una m\u00e1s. Es la voz de un ex ministro de Econom\u00eda que conoce a fondo el proceso de recuperaci\u00f3n de YPF y que entiende mejor que nadie lo que est\u00e1 en juego. Su advertencia de que \u201cYPF no se vende\u201d no es nostalgia estatista: es un llamado urgente frente a una ofensiva pol\u00edtica que busca desmantelar las herramientas b\u00e1sicas del desarrollo argentino. Su promesa de dar una conferencia de prensa para detallar las consecuencias de este fallo no es un acto protocolar: es una toma de posici\u00f3n que interpela a toda la dirigencia pol\u00edtica que a\u00fan conserve un m\u00ednimo de dignidad patri\u00f3tica.<\/p>\n\n\n\n<p>Es dif\u00edcil encontrar un episodio m\u00e1s elocuente para ilustrar el contraste entre dos modelos de pa\u00eds. Uno, representado por Kicillof y quienes defienden la soberan\u00eda energ\u00e9tica como pilar del desarrollo. Otro, encarnado por Milei y sus aliados, que desprecian los recursos comunes y prefieren rendirse ante las corporaciones extranjeras, mientras banalizan la pol\u00edtica en Twitch o YouTube. Es un drama con forma de comedia, un saqueo disfrazado de espect\u00e1culo.<\/p>\n\n\n\n<p>Estamos ante una nueva ofensiva, no solo judicial, sino simb\u00f3lica, econ\u00f3mica y pol\u00edtica. YPF no es una empresa m\u00e1s. Es la llave del futuro energ\u00e9tico argentino. Lo supieron los gobiernos que la recuperaron. Lo saben los buitres que ahora la reclaman. Y parece saberlo, aunque prefiera hacerse el distra\u00eddo, el propio presidente. La diferencia es que, en lugar de resistir, Milei pavonea su indiferencia entre likes y carcajadas, como si entregar el patrimonio nacional fuera un cap\u00edtulo m\u00e1s de su reality show ideol\u00f3gico.<\/p>\n\n\n\n<p>Frente a eso, no queda margen para la tibieza ni la neutralidad. O se est\u00e1 con la soberan\u00eda, o se est\u00e1 con los fondos buitres. O se defiende lo que es de todos, o se deja avanzar a los mismos intereses que hundieron a la Argentina en el pasado. Es hora de trazar esa l\u00ednea. Porque YPF no se vende. Y porque hay presidentes que, por m\u00e1s que chillen en streamings, no lograr\u00e1n borrar la memoria ni los derechos de un pueblo que todav\u00eda sabe lo que significa tener patria.<\/p>\n\n\n\n<p>Fuente:<\/p>\n\n\n\n<ul class=\"wp-block-list\">\n<li><a href=\"https:\/\/www.tiempoar.com.ar\/ta_article\/kicillof-se-trata-de-un-disparate-juridico-y-de-una-intolerable-intromision-sobre-nuestra-soberania\/\">https:\/\/www.tiempoar.com.ar\/ta_article\/kicillof-se-trata-de-un-disparate-juridico-y-de-una-intolerable-intromision-sobre-nuestra-soberania\/<\/a><\/li>\n<\/ul>\n","protected":false},"excerpt":{"rendered":"<p>Axel Kicillof denunci\u00f3 el fallo judicial de EE. UU. sobre YPF como una agresi\u00f3n a la soberan\u00eda y apunt\u00f3 contra Milei por alinearse con los fondos buitre. Mientras el presidente bromea en streaming, el control energ\u00e9tico argentino vuelve a estar en riesgo. \u201cYPF no se vende\u201d, advierte el gobernador bonaerense.<\/p>\n","protected":false},"author":9,"featured_media":5811,"comment_status":"open","ping_status":"open","sticky":false,"template":"","format":"standard","meta":{"_monsterinsights_skip_tracking":false,"_monsterinsights_sitenote_active":false,"_monsterinsights_sitenote_note":"","_monsterinsights_sitenote_category":0,"footnotes":"","jetpack_publicize_message":"","jetpack_publicize_feature_enabled":true,"jetpack_social_post_already_shared":true,"jetpack_social_options":{"image_generator_settings":{"template":"highway","default_image_id":0,"font":"","enabled":false},"version":2}},"categories":[2],"tags":[93,15,813,70,104,45,1185,671,30,411],"class_list":["post-5810","post","type-post","status-publish","format-standard","has-post-thumbnail","hentry","category-politica","tag-argentina","tag-economia","tag-energia","tag-justicia","tag-kicillof","tag-milei","tag-petroleo","tag-privatizacion","tag-soberania","tag-ypf"],"jetpack_publicize_connections":[],"_links":{"self":[{"href":"https:\/\/www.enorsai.com\/noticias\/wp-json\/wp\/v2\/posts\/5810","targetHints":{"allow":["GET"]}}],"collection":[{"href":"https:\/\/www.enorsai.com\/noticias\/wp-json\/wp\/v2\/posts"}],"about":[{"href":"https:\/\/www.enorsai.com\/noticias\/wp-json\/wp\/v2\/types\/post"}],"author":[{"embeddable":true,"href":"https:\/\/www.enorsai.com\/noticias\/wp-json\/wp\/v2\/users\/9"}],"replies":[{"embeddable":true,"href":"https:\/\/www.enorsai.com\/noticias\/wp-json\/wp\/v2\/comments?post=5810"}],"version-history":[{"count":1,"href":"https:\/\/www.enorsai.com\/noticias\/wp-json\/wp\/v2\/posts\/5810\/revisions"}],"predecessor-version":[{"id":5812,"href":"https:\/\/www.enorsai.com\/noticias\/wp-json\/wp\/v2\/posts\/5810\/revisions\/5812"}],"wp:featuredmedia":[{"embeddable":true,"href":"https:\/\/www.enorsai.com\/noticias\/wp-json\/wp\/v2\/media\/5811"}],"wp:attachment":[{"href":"https:\/\/www.enorsai.com\/noticias\/wp-json\/wp\/v2\/media?parent=5810"}],"wp:term":[{"taxonomy":"category","embeddable":true,"href":"https:\/\/www.enorsai.com\/noticias\/wp-json\/wp\/v2\/categories?post=5810"},{"taxonomy":"post_tag","embeddable":true,"href":"https:\/\/www.enorsai.com\/noticias\/wp-json\/wp\/v2\/tags?post=5810"}],"curies":[{"name":"wp","href":"https:\/\/api.w.org\/{rel}","templated":true}]}}