{"id":5796,"date":"2025-06-30T20:56:43","date_gmt":"2025-06-30T23:56:43","guid":{"rendered":"https:\/\/www.enorsai.com\/noticias\/?p=5796"},"modified":"2025-06-30T20:57:25","modified_gmt":"2025-06-30T23:57:25","slug":"carton-lleno-la-esposa-del-fiscal-luciani-que-quiere-mandar-a-la-carcel-a-cristina-trabaja-para-el-marido-de-lospennato","status":"publish","type":"post","link":"https:\/\/www.enorsai.com\/noticias\/politica\/carton-lleno-la-esposa-del-fiscal-luciani-que-quiere-mandar-a-la-carcel-a-cristina-trabaja-para-el-marido-de-lospennato\/","title":{"rendered":"CART\u00d3N LLENO: La esposa del Fiscal Luciani, que quiere mandar a la c\u00e1rcel a Cristina, trabaja para el marido de\u00a0Lospennato"},"content":{"rendered":"\n<p>El c\u00edrculo detr\u00e1s de la persecuci\u00f3n pol\u00edtica a Cristina es cada vez m\u00e1s estrecho.<\/p>\n\n\n\n<p>(Por Guillermo Carlos Delgado Jordan) Hoy fue noticia en los medios&nbsp;<strong>el pedido del fiscal federal Diego Luciani, junto a su par Sergio Mola, apelando la prisi\u00f3n domiciliaria de la dos veces presidenta Cristina Kirchner&nbsp;<\/strong>en la causa \u201cVialidad\u201d, pidiendo que \u201ccontin\u00fae cumpliendo la pena de prisi\u00f3n que se le impuso en una unidad carcelaria\u201d.<\/p>\n\n\n\n<p>Este \u00abpedido\u00bb se enmarca dentro de la&nbsp;<strong>persecuci\u00f3n pol\u00edtica<\/strong>&nbsp;que, desde que se inici\u00f3 la causa, viene sufriendo la exmandataria por parte de un s\u00e9quito de poder cuya cara visible es el expresidente Mauricio Macri.<\/p>\n\n\n\n<p>Para alg\u00fan desprevenido que ande por ah\u00ed,&nbsp;<strong>estamos hablando del Fiscal que iba a jugar al f\u00fatbol con el juez de la causa que conden\u00f3 y proscribi\u00f3 a Cristina Kirchner<\/strong>, en emotivos encuentros deportivos disputados en las tierras de Mauricio Macri. Pe\u00f3n de tablero, Luciani supo ubicarse a trav\u00e9s de su matrimonio como un servil del poder al que ahora defiende a capa y espada y al que sirve con pleites\u00eda:&nbsp;<strong>la familia pol\u00edtica del fiscal es de aquellas \u201cpatricias\u201d due\u00f1as de la econom\u00eda, de manejos feudatarios y perteneciente a los grupos de poder<\/strong>.<\/p>\n\n\n\n<h2 class=\"wp-block-heading\">Explotaci\u00f3n<\/h2>\n\n\n\n<p>Casado con\u00a0<strong>Josefina de Abelleyra<\/strong>, el suegro del fiscal es\u00a0<strong>Eduardo Florencio de Abelleyra<\/strong>, ingeniero agr\u00f3nomo, due\u00f1o junto a sus hijos del\u00a0<strong>Grupo Garab\u00ed<\/strong>, de gran importancia en la zona mesopot\u00e1mica donde se dedica a la explotaci\u00f3n forestal. Comenz\u00f3 sus actividades en 1976 (\u00bfcasualidad el a\u00f1o?) en Corrientes, y administra actualmente m\u00e1s de 34.000 hect\u00e1reas. En los \u00faltimos a\u00f1os, diversific\u00f3 y empez\u00f3 a interesarse en nuevos proyectos: ganader\u00eda, agricultura, yerba mate, arroz, cultivo de ar\u00e1ndanos y olivos. La familia pol\u00edtica del Fiscal tambi\u00e9n visitaba la Casa Rosada frecuentemente en \u00e9pocas de Macri.<\/p>\n\n\n\n<p>Tambi\u00e9n, al parecer,&nbsp;<strong>se dedican a la explotaci\u00f3n de personas<\/strong>: a mediados de 2021 una comitiva de fiscalizadores y funcionarios integrados por el Delegado del NEA la Direcci\u00f3n del Comit\u00e9 contra la trata de personas Jos\u00e9 Maria Serbin, el sub delegado provincial de UATRE Sergio Gre\u00f1iuk y fiscalizadores de RENATRE y UATRE encontraron a&nbsp;<strong>un grupo de trabajadores misioneros en condiciones infrahumanas<\/strong>&nbsp;en una forestaci\u00f3n en Corrientes. La misma se desarroll\u00f3 en el establecimiento Rinc\u00f3n Chico, perteneciente a la empresa Rinc\u00f3n de Ita Cabi S.A., del grupo Garab\u00ed.<\/p>\n\n\n\n<figure class=\"wp-block-embed is-type-rich is-provider-twitter wp-block-embed-twitter\"><div class=\"wp-block-embed__wrapper\">\n<blockquote class=\"twitter-tweet\" data-width=\"550\" data-dnt=\"true\"><p lang=\"es\" dir=\"ltr\">Muchas gracias <a href=\"https:\/\/twitter.com\/radio_dos?ref_src=twsrc%5Etfw\">@radio_dos<\/a> por la entrevista. La Mesa contra la trata de personas sigue adelante con los organismos en la implementaci\u00f3n del Plan Bienal 2020\/2022. <a href=\"https:\/\/twitter.com\/hashtag\/ArgentinaSinTrata?src=hash&amp;ref_src=twsrc%5Etfw\">#ArgentinaSinTrata<\/a> \ud83c\udde6\ud83c\uddf7<a href=\"https:\/\/t.co\/QCmoqT4eQP\">https:\/\/t.co\/QCmoqT4eQP<\/a> <a href=\"https:\/\/t.co\/fncpakBUYv\">pic.twitter.com\/fncpakBUYv<\/a><\/p>&mdash; Jos\u00e9 Maria Serbin (@JoseMariaSerbin) <a href=\"https:\/\/twitter.com\/JoseMariaSerbin\/status\/1404784725739384837?ref_src=twsrc%5Etfw\">June 15, 2021<\/a><\/blockquote><script async src=\"https:\/\/platform.twitter.com\/widgets.js\" charset=\"utf-8\"><\/script>\n<\/div><\/figure>\n\n\n\n<p>Los inspectores&nbsp;<strong>hallaron en el establecimiento administrado por el suegro del fiscal Luciani un campamento de trabajadores oriundos de Misiones, viviendo en condiciones precarias<\/strong>&nbsp;en un colectivo viejo, sin energ\u00eda el\u00e9ctrica ni agua potable y viviendas deplorables. Pero nadie pidi\u00f3 c\u00e1rcel para los due\u00f1os\u2026<\/p>\n\n\n\n<h2 class=\"wp-block-heading\">FIFAGate<\/h2>\n\n\n\n<p>Otra causa que le gusta desempolvar cada tanto a nuestro Poder Judicial, cada vez m\u00e1s lejano de la Justicia, es la del FIFAGate, archivada ya hace tiempo por el juez Daniel Rafecas, y que en octubre de 2021 fue reabierta por la Sala I de la C\u00e1mara Federal porte\u00f1a, que orden\u00f3 investigar a An\u00edbal Fern\u00e1ndez (que ya hab\u00eda sido sobrese\u00eddo) por supuestos sobornos para acceder a derechos de televisaci\u00f3n.&nbsp;<strong>Uno de los nombres all\u00ed involucrados era el de Eduardo Manuel De Abelleyra<\/strong>, hoy fallecido cu\u00f1ado del fiscal Luciani.<\/p>\n\n\n\n<p>Y es que&nbsp;<strong>Abelleyra, hermano de Josefina, formaba parte desde 2010 del Grupo Clar\u00edn, donde fue Director de Torneos y Competencias y CEO de DirecTV<\/strong>&nbsp;y participando en otras empresas del grupo como T2 Green Golf y Alpha Tel, hasta el a\u00f1o pasado, cuando muri\u00f3 v\u00edctima del coronavirus.<\/p>\n\n\n<div class=\"wp-block-image\">\n<figure class=\"aligncenter\"><img decoding=\"async\" src=\"https:\/\/noticiaslainsuperable.com.ar\/wp-content\/uploads\/2025\/06\/qq2.png?w=287\" alt=\"\" class=\"wp-image-102286\"\/><\/figure>\n<\/div>\n\n\n<p>Muchos recuerdan a\u00fan los beneficios logrados por el grupo en el macrismo durante la gesti\u00f3n de Abelleyra.<\/p>\n\n\n\n<figure class=\"wp-block-image\"><img decoding=\"async\" src=\"https:\/\/noticiaslainsuperable.com.ar\/wp-content\/uploads\/2025\/06\/qq3-1.jpg?w=900\" alt=\"\" class=\"wp-image-102288\"\/><figcaption class=\"wp-element-caption\">Macri reunido en la Casa Rosada con el entonces presidente de DirectTV para Am\u00e9rica Latina, Eduardo Manuel de Abelleyra (cu\u00f1ado del fiscal Luciani) y otros empresarios y funcionarios.<\/figcaption><\/figure>\n\n\n\n<h2 class=\"wp-block-heading\">Los Braun<\/h2>\n\n\n\n<p>Las conexiones de la familia pol\u00edtica del Fiscal tienen muchas aristas\u2026, y muchos socios. Por ejemplo,&nbsp;<strong>Federico Braun, el due\u00f1o de La An\u00f3nima<\/strong>&nbsp;y una de las familias que detent\u00f3 el poder junto a Macri en su presidencia. El suegro de Luciani y Braun son socios&nbsp;<strong>en la empresa Forestal San Vicente S.A.<\/strong>, constituida en 2003.<\/p>\n\n\n\n<figure class=\"wp-block-image\"><img decoding=\"async\" src=\"https:\/\/noticiaslainsuperable.com.ar\/wp-content\/uploads\/2025\/06\/qq4.png?w=254\" alt=\"\" class=\"wp-image-102290\"\/><\/figure>\n\n\n\n<p>A trav\u00e9s de Forestal San Vicente,&nbsp;<strong>el due\u00f1o de La An\u00f3nima y la familia del fiscal Luciani explotan forestalmente 562 hect\u00e1reas en la provincia de Corrientes<\/strong>.<\/p>\n\n\n\n<p><\/p>\n\n\n\n<h2 class=\"wp-block-heading\">Lavado<\/h2>\n\n\n\n<p>Quienes tambien participan del negocio forestal en el Grupo Garab\u00ed, es la&nbsp;<strong>familia Goyheneix<\/strong>. Todos cercanos: Margarita Goyheneix es la suegra del fiscal Luciani.<\/p>\n\n\n\n<figure class=\"wp-block-image\"><img decoding=\"async\" src=\"https:\/\/noticiaslainsuperable.com.ar\/wp-content\/uploads\/2025\/06\/qq5.png?w=260\" alt=\"\" class=\"wp-image-102292\"\/><\/figure>\n\n\n\n<p>Ella es Directora, por ejemplo, en&nbsp;<strong>Forestal Palomares<\/strong>, una explotaci\u00f3n de 1040 hect\u00e1reas del Grupo Garab\u00ed, tambi\u00e9n en Corrientes y, tambi\u00e9n,&nbsp;<strong>durante la pandemia, denunci\u00f3 al gobierno de Alberto Fern\u00e1ndez&nbsp;<\/strong>ante la justicia.<\/p>\n\n\n\n<p>Hermano de ella y&nbsp;<strong>t\u00edo de la esposa de Luciani es Esteban Goyheneix<\/strong>, un reconocido financista CEO de Neix S.A., una sociedad de servicios financieros en Argentina, denunciada junto a otras sociedades por la AFIP durante la gesti\u00f3n de Ricardo Echegaray, en 2015. La AFIP acus\u00f3 a Neix y a otras empresas financieras de integrar una supuesta<strong>&nbsp;\u201casociaci\u00f3n il\u00edcita tributaria\u201d para \u201cayudar a terceros a evadir\u201d<\/strong>. Seg\u00fan la acusaci\u00f3n, durante el cepo (2012-2013), estas sociedades habr\u00edan transferido fondos de terceros al exterior a trav\u00e9s de cuentas comitentes que no permitir\u00edan identificar a los verdaderos due\u00f1os del dinero. \u00bfC\u00f3mo sal\u00eda el dinero? A trav\u00e9s del d\u00f3lar cable o CCL (d\u00f3lar contado con liquidaci\u00f3n), se\u00f1alaban desde el diario&nbsp;<a href=\"https:\/\/www.perfil.com\/noticias\/politica\/eeuu-puso-la-mira-en-financieras-que-movieron-millones-durante-el-cepo.phtml\">Perfil<\/a>.<\/p>\n\n\n\n<p>El t\u00edo pol\u00edtico del fiscal Luciani tambi\u00e9n est\u00e1 en la mira del Consorcio Internacional de Periodistas de Investigaci\u00f3n (ICIJ). Seg\u00fan sus investigaciones, la firma Heracles Finance Corp., con sede en Par\u00eds pero operaciones en Islas Caim\u00e1n, fue reportada ante la FinCEN por el Banco New York Mellon por<strong>&nbsp;haber realizado 488 transferencias \u201csospechosas\u201d con bancos asociados entre 2012 y 2013. El total observado fue de casi U$S23 millones. El beneficiario final de Heracles \u2013siempre seg\u00fan esos registros bancarios- es el mencionado \u201ct\u00edo\u201d Esteban Goyheneix<\/strong>, formado en el Banco Galicia y el Finansur (<a href=\"https:\/\/noticiaslainsuperable.com.ar\/2019\/06\/09\/las-huellas-del-macrismo-en-los-bolsos-de-lopez\/\">el banco vinculado a Macri de donde salieron los \u00abbolsos\u00bb de L\u00f3pez&nbsp;<\/a>y que la Justicia cajone\u00f3).<\/p>\n\n\n\n<h2 class=\"wp-block-heading\">Lospennato<\/h2>\n\n\n\n<p>Pero los v\u00ednculos estrechos entre el macrismo y el Fiscal no se limitan a los suegros y a los \u00abpicados\u00bb y asados cuyo humo nunca nublo la imparcialidad del Fiscal, asegura la Justicia.<\/p>\n\n\n\n<p>En las pasadas elecciones en la Ciudad de Buenos Aires, recordar\u00e1n, la gran perdedora fue&nbsp;<strong>la candidata de Mauricio Macri, Silvia Lospennato<\/strong>. Para los que no conocen su vida privada (que se encarga de tapar), Lospennato est\u00e1 casada con un proveedor del Gobierno de la Ciudad de Buenos Aires para la que ella trabaja y donde fue elegida.<\/p>\n\n\n\n<figure class=\"wp-block-image\"><img decoding=\"async\" src=\"https:\/\/noticiaslainsuperable.com.ar\/wp-content\/uploads\/2025\/06\/qq7.webp?w=288\" alt=\"\" class=\"wp-image-102299\"\/><figcaption class=\"wp-element-caption\">Depalma<\/figcaption><\/figure>\n\n\n\n<p>Hablamos de&nbsp;<strong>Francisco Lucas Depalma, con quien se cas\u00f3 el 22 de diciembre de 2003<\/strong>, beneficiado con&nbsp;<strong>innumerables contrataciones directas desde hace a\u00f1os de parte del gobierno de la Ciudad<\/strong>.<\/p>\n\n\n\n<p>Francisco Lucas de Palma es el hijo del empresario editorial Jos\u00e9 Luis Depalma y, actualmente, junto a su hermana Anabella, directores de las empresas del&nbsp;<strong>grupo HAMMURABI<\/strong>, con el cual la Ciudad, por ejemplo, el a\u00f1o pasado, a trav\u00e9s del Consejo de la Magistratura, realizo la CD N\u00b0 2-0012-CDI24, cuyo objeto espec\u00edfico fue la \u00abadquisici\u00f3n de material bibliogr\u00e1fico de la Editorial Hammurabi S.R.L.\u00bb. \u00bfEl monto que se llevo la empresa del esposo de la candidata PRO? Poco&nbsp;<strong>m\u00e1s de 9 millones y medio<\/strong>.<\/p>\n\n\n\n<figure class=\"wp-block-image\"><img decoding=\"async\" src=\"https:\/\/noticiaslainsuperable.com.ar\/wp-content\/uploads\/2025\/06\/qq8.webp?w=262\" alt=\"\" class=\"wp-image-102301\"\/><\/figure>\n\n\n\n<figure class=\"wp-block-image\"><img decoding=\"async\" src=\"https:\/\/noticiaslainsuperable.com.ar\/wp-content\/uploads\/2025\/06\/qq6.png?w=722\" alt=\"\" class=\"wp-image-102298\"\/><\/figure>\n\n\n\n<h2 class=\"wp-block-heading\">Todo cierra<\/h2>\n\n\n\n<p>Lo que nadie sab\u00eda, hasta ahora, y que te contamos en exclusiva desde Noticias La Insuperable, es que&nbsp;<strong>quien trabaja para la Editorial del marido de Lospennato, la candidata de Macri, y que lleva adelante importantes negocios con el gobierno PRO desde hace a\u00f1os en el \u00e1mbito porte\u00f1o, es la mism\u00edsima esposa del Fiscal Luciani<\/strong>&nbsp;(el que pide c\u00e1rcel para Cristina) la mencionada Josefina de Abelleyra. Y es su propio Linkedin el que afirma que cobra de esa empresa desde 2019.<\/p>\n\n\n\n<figure class=\"wp-block-image\"><img decoding=\"async\" src=\"https:\/\/noticiaslainsuperable.com.ar\/wp-content\/uploads\/2025\/06\/qq10.jpg?w=486\" alt=\"\" class=\"wp-image-102303\"\/><\/figure>\n\n\n\n<p>Un c\u00edrculo cada vez m\u00e1s estrecho que busca destruir al peronismo desde hace d\u00e9cadas y que va, sin miramientos, por la cabeza de su principal dirigente.<\/p>\n","protected":false},"excerpt":{"rendered":"<p>El c\u00edrculo detr\u00e1s de la persecuci\u00f3n pol\u00edtica a Cristina es cada vez m\u00e1s estrecho. (Por Guillermo Carlos Delgado Jordan) Hoy fue noticia en los medios&nbsp;el pedido del fiscal federal Diego Luciani, junto a su par Sergio Mola, apelando la prisi\u00f3n domiciliaria de la dos veces presidenta Cristina Kirchner&nbsp;en la causa \u201cVialidad\u201d, pidiendo que \u201ccontin\u00fae cumpliendo&#8230;<\/p>\n","protected":false},"author":6,"featured_media":5797,"comment_status":"open","ping_status":"open","sticky":false,"template":"","format":"standard","meta":{"_monsterinsights_skip_tracking":false,"_monsterinsights_sitenote_active":false,"_monsterinsights_sitenote_note":"","_monsterinsights_sitenote_category":0,"footnotes":"","jetpack_publicize_message":"","jetpack_publicize_feature_enabled":true,"jetpack_social_post_already_shared":true,"jetpack_social_options":{"image_generator_settings":{"template":"highway","default_image_id":0,"font":"","enabled":false},"version":2}},"categories":[2],"tags":[],"class_list":["post-5796","post","type-post","status-publish","format-standard","has-post-thumbnail","hentry","category-politica"],"jetpack_publicize_connections":[],"_links":{"self":[{"href":"https:\/\/www.enorsai.com\/noticias\/wp-json\/wp\/v2\/posts\/5796","targetHints":{"allow":["GET"]}}],"collection":[{"href":"https:\/\/www.enorsai.com\/noticias\/wp-json\/wp\/v2\/posts"}],"about":[{"href":"https:\/\/www.enorsai.com\/noticias\/wp-json\/wp\/v2\/types\/post"}],"author":[{"embeddable":true,"href":"https:\/\/www.enorsai.com\/noticias\/wp-json\/wp\/v2\/users\/6"}],"replies":[{"embeddable":true,"href":"https:\/\/www.enorsai.com\/noticias\/wp-json\/wp\/v2\/comments?post=5796"}],"version-history":[{"count":1,"href":"https:\/\/www.enorsai.com\/noticias\/wp-json\/wp\/v2\/posts\/5796\/revisions"}],"predecessor-version":[{"id":5798,"href":"https:\/\/www.enorsai.com\/noticias\/wp-json\/wp\/v2\/posts\/5796\/revisions\/5798"}],"wp:featuredmedia":[{"embeddable":true,"href":"https:\/\/www.enorsai.com\/noticias\/wp-json\/wp\/v2\/media\/5797"}],"wp:attachment":[{"href":"https:\/\/www.enorsai.com\/noticias\/wp-json\/wp\/v2\/media?parent=5796"}],"wp:term":[{"taxonomy":"category","embeddable":true,"href":"https:\/\/www.enorsai.com\/noticias\/wp-json\/wp\/v2\/categories?post=5796"},{"taxonomy":"post_tag","embeddable":true,"href":"https:\/\/www.enorsai.com\/noticias\/wp-json\/wp\/v2\/tags?post=5796"}],"curies":[{"name":"wp","href":"https:\/\/api.w.org\/{rel}","templated":true}]}}