{"id":5784,"date":"2025-06-30T13:35:05","date_gmt":"2025-06-30T16:35:05","guid":{"rendered":"https:\/\/www.enorsai.com\/noticias\/politica\/lowfar-fuerte-ataque-de-los-fiscales-contra-cfk-redoblan-la-apuesta-y-exhiben-su-costado-mas-revanchista\/"},"modified":"2025-06-30T13:38:35","modified_gmt":"2025-06-30T16:38:35","slug":"lowfar-fuerte-ataque-de-los-fiscales-contra-cfk-redoblan-la-apuesta-y-exhiben-su-costado-mas-revanchista","status":"publish","type":"post","link":"https:\/\/www.enorsai.com\/noticias\/politica\/lowfar-fuerte-ataque-de-los-fiscales-contra-cfk-redoblan-la-apuesta-y-exhiben-su-costado-mas-revanchista\/","title":{"rendered":"Lowfare: Fuerte ataque de los Fiscales contra CFK redoblan la apuesta y exhiben su costado m\u00e1s revanchista"},"content":{"rendered":"\n<p>Luciani y Mola apelaron el arresto domiciliario de la ex presidenta y exigen c\u00e1rcel com\u00fan, ignorando razones humanitarias y de seguridad. Una avanzada que despierta sospechas sobre el verdadero objetivo de la persecuci\u00f3n judicial.<br \/><br \/>La embestida judicial contra Cristina Fern\u00e1ndez de Kirchner sum\u00f3 en las \u00faltimas horas un nuevo cap\u00edtulo cargado de tintes revanchistas y pol\u00edticos. Los fiscales federales Diego Luciani y Sergio Mola apelaron la prisi\u00f3n domiciliaria otorgada a la ex presidenta en la causa Vialidad y pidieron, sin medias tintas, que sea trasladada a una c\u00e1rcel com\u00fan para cumplir su condena a seis a\u00f1os de prisi\u00f3n.<br \/><br \/>El pedido, elevado ante la C\u00e1mara Federal de Casaci\u00f3n Penal, se ampara \u2014seg\u00fan ellos\u2014 en la supuesta \u201cfalta de igualdad ante la ley\u201d. Pero lo que a primera vista pretenden presentar como una defensa de la equidad jur\u00eddica, revela en los hechos un ensa\u00f1amiento dif\u00edcil de disimular, que huele m\u00e1s a vendetta pol\u00edtica que a estricta aplicaci\u00f3n de justicia.<br \/><br \/>Los fiscales sostienen que \u201cno se verifican las causales\u201d para que Cristina Kirchner permanezca bajo arresto domiciliario, minimizando dos cuestiones fundamentales: su edad de 72 a\u00f1os y el atentado fallido que sufri\u00f3 en septiembre de 2022, que volvi\u00f3 inviable, seg\u00fan el propio Tribunal Oral Federal 2, alojarla en una unidad penitenciaria com\u00fan sin comprometer su seguridad ni someterla a un aislamiento incompatible con est\u00e1ndares humanitarios.<br \/><br \/>No obstante, Luciani y Mola desoyen estos argumentos y se aferran a la idea de que \u201cla domiciliaria es un privilegio\u201d, omitiendo que en democracia no se trata \u00fanicamente de \u201cmeter presos\u201d sino tambi\u00e9n de garantizar la integridad f\u00edsica y la dignidad de cualquier persona detenida, m\u00e1s a\u00fan en el caso de quien ha sido dos veces presidenta y enfrenta un escenario pol\u00edtico y social de alta polarizaci\u00f3n.<br \/><br \/>Argumentos que rozan el absurdo<br \/><br \/>Los fiscales aseguran que \u201cno hay razones humanitarias\u201d que justifiquen el arresto domiciliario, amparados en un informe m\u00e9dico que indica que Cristina se encuentra en buen estado de salud. Pero deliberadamente ignoran que el TOF 2 concedi\u00f3 la domiciliaria no s\u00f3lo por cuestiones de salud, sino por el riesgo extraordinario que implicar\u00eda mantenerla en una c\u00e1rcel, dada su condici\u00f3n de ex mandataria y v\u00edctima de un intento de magnicidio.<br \/><br \/>El Ministerio de Seguridad, dicen los fiscales, ofreci\u00f3 \u201calternativas seguras\u201d para alojarla. Pero lo cierto es que ninguna c\u00e1rcel argentina garantiza, en la pr\u00e1ctica, las condiciones excepcionales de seguridad ni el aislamiento necesario para alguien que ha sido blanco de un intento de asesinato y cuya figura contin\u00faa generando movilizaciones masivas. Pretender reducir esa situaci\u00f3n a un mero tr\u00e1mite log\u00edstico es de una irresponsabilidad que alarma.<br \/><br \/>\u00bfJusticia o persecuci\u00f3n?<br \/><br \/>Resulta inevitable preguntarse si, tras la fachada de legalismo, no se esconde una l\u00f3gica de escarmiento. Es evidente que la causa Vialidad ha estado atravesada por ribetes pol\u00edticos desde su inicio, y la insistencia en llevar a Cristina Kirchner a una c\u00e1rcel com\u00fan \u2014pese a su edad, su rol institucional y los riesgos acreditados\u2014 no hace m\u00e1s que robustecer la sospecha de que el objetivo es humillarla p\u00fablicamente.<br \/><br \/>Si de igualdad ante la ley se trata, habr\u00eda que preguntarse cu\u00e1ntos ex presidentes en Am\u00e9rica Latina han sido sometidos a semejante nivel de exposici\u00f3n y hostigamiento medi\u00e1tico y judicial por causas cuyo trasfondo pol\u00edtico resulta innegable.<br \/><br \/>El derecho penal moderno no se basa en la venganza ni en la espectacularidad, sino en el respeto de garant\u00edas m\u00ednimas, incluso para los condenados. A estas alturas, la embestida de Luciani y Mola luce m\u00e1s interesada en hacer de Cristina Kirchner un trofeo pol\u00edtico que en impartir verdadera justicia.<br \/><br \/>La C\u00e1mara de Casaci\u00f3n deber\u00e1 resolver ahora si convalida este giro punitivista o si, por el contrario, confirma que el Estado de Derecho tambi\u00e9n rige para quienes alguna vez ocuparon los m\u00e1s altos cargos. Mientras tanto, la sociedad asiste, otra vez, al triste espect\u00e1culo de una justicia convertida en ariete pol\u00edtico.<br \/><br \/>Fuente:<\/p>\n\n\n\n<ul class=\"wp-block-list\">\n<li>https:\/\/mnews.com.ar\/politica\/137322-La-fiscalia-apelo-el-arresto-domiciliario-de-Cristina-Kirchner-y-pidio-que-vaya-a-una-carcel<\/li>\n<\/ul>\n","protected":false},"excerpt":{"rendered":"<p>Luciani y Mola apelaron el arresto domiciliario de la ex presidenta y exigen c\u00e1rcel com\u00fan, ignorando razones humanitarias y de seguridad. Una avanzada que despierta sospechas sobre el verdadero objetivo de la persecuci\u00f3n judicial. La embestida judicial contra Cristina Fern\u00e1ndez de Kirchner sum\u00f3 en las \u00faltimas horas un nuevo cap\u00edtulo cargado de tintes revanchistas y&#8230;<\/p>\n","protected":false},"author":9,"featured_media":5783,"comment_status":"open","ping_status":"open","sticky":false,"template":"","format":"standard","meta":{"_monsterinsights_skip_tracking":false,"_monsterinsights_sitenote_active":false,"_monsterinsights_sitenote_note":"","_monsterinsights_sitenote_category":0,"footnotes":"","jetpack_publicize_message":"","jetpack_publicize_feature_enabled":true,"jetpack_social_post_already_shared":true,"jetpack_social_options":{"image_generator_settings":{"template":"highway","default_image_id":0,"font":"","enabled":false},"version":2}},"categories":[2],"tags":[],"class_list":["post-5784","post","type-post","status-publish","format-standard","has-post-thumbnail","hentry","category-politica"],"jetpack_publicize_connections":[],"_links":{"self":[{"href":"https:\/\/www.enorsai.com\/noticias\/wp-json\/wp\/v2\/posts\/5784","targetHints":{"allow":["GET"]}}],"collection":[{"href":"https:\/\/www.enorsai.com\/noticias\/wp-json\/wp\/v2\/posts"}],"about":[{"href":"https:\/\/www.enorsai.com\/noticias\/wp-json\/wp\/v2\/types\/post"}],"author":[{"embeddable":true,"href":"https:\/\/www.enorsai.com\/noticias\/wp-json\/wp\/v2\/users\/9"}],"replies":[{"embeddable":true,"href":"https:\/\/www.enorsai.com\/noticias\/wp-json\/wp\/v2\/comments?post=5784"}],"version-history":[{"count":1,"href":"https:\/\/www.enorsai.com\/noticias\/wp-json\/wp\/v2\/posts\/5784\/revisions"}],"predecessor-version":[{"id":5785,"href":"https:\/\/www.enorsai.com\/noticias\/wp-json\/wp\/v2\/posts\/5784\/revisions\/5785"}],"wp:featuredmedia":[{"embeddable":true,"href":"https:\/\/www.enorsai.com\/noticias\/wp-json\/wp\/v2\/media\/5783"}],"wp:attachment":[{"href":"https:\/\/www.enorsai.com\/noticias\/wp-json\/wp\/v2\/media?parent=5784"}],"wp:term":[{"taxonomy":"category","embeddable":true,"href":"https:\/\/www.enorsai.com\/noticias\/wp-json\/wp\/v2\/categories?post=5784"},{"taxonomy":"post_tag","embeddable":true,"href":"https:\/\/www.enorsai.com\/noticias\/wp-json\/wp\/v2\/tags?post=5784"}],"curies":[{"name":"wp","href":"https:\/\/api.w.org\/{rel}","templated":true}]}}