{"id":5781,"date":"2025-06-30T13:19:45","date_gmt":"2025-06-30T16:19:45","guid":{"rendered":"https:\/\/www.enorsai.com\/noticias\/politica\/otro-reves-judicial-para-milei-la-justicia-declaro-inconstitucional-el-dnu-antihuelga-y-refuerza-el-derecho-sindical\/"},"modified":"2025-06-30T13:19:45","modified_gmt":"2025-06-30T16:19:45","slug":"otro-reves-judicial-para-milei-la-justicia-declaro-inconstitucional-el-dnu-antihuelga-y-refuerza-el-derecho-sindical","status":"publish","type":"post","link":"https:\/\/www.enorsai.com\/noticias\/politica\/otro-reves-judicial-para-milei-la-justicia-declaro-inconstitucional-el-dnu-antihuelga-y-refuerza-el-derecho-sindical\/","title":{"rendered":"Otro rev\u00e9s judicial para Milei: La Justicia declar\u00f3 inconstitucional el DNU antihuelga y refuerza el derecho sindical"},"content":{"rendered":"\n<p>La jueza laboral Moira Fullana fall\u00f3 contra el decreto 340\/2025 que buscaba ampliar la categor\u00eda de \u201cservicios esenciales\u201d y crear los \u201ctrascendentales\u201d, limitando el derecho de huelga. Para la magistrada, el Ejecutivo se arrog\u00f3 funciones legislativas, vulner\u00f3 tratados internacionales y no justific\u00f3 la urgencia para dictar el DNU.<br><br>El Gobierno de Javier Milei sum\u00f3 este lunes un nuevo traspi\u00e9 en su ofensiva contra los derechos laborales: el Juzgado Nacional de Primera Instancia del Trabajo N\u00b03, a cargo de la jueza Moira Fullana, declar\u00f3 la inconstitucionalidad de los art\u00edculos 2 y 3 del DNU 340\/2025, los cuales pretend\u00edan modificar la Ley de R\u00e9gimen Laboral (25.877) para ampliar la lista de \u201cservicios esenciales\u201d e incorporar una nueva categor\u00eda de \u201cservicios trascendentales\u201d, restringiendo as\u00ed el derecho de huelga.<br><br>La sentencia definitiva lleg\u00f3 tras el amparo interpuesto por la Confederaci\u00f3n General del Trabajo (CGT), que ya hab\u00eda logrado suspender provisoriamente el decreto con una cautelar dictada por la misma jueza a principios de junio y ratificada luego por la C\u00e1mara Nacional de Apelaciones del Trabajo (CNAT).<br><br>Seg\u00fan Fullana, el decreto presidencial es inv\u00e1lido porque no existieron las \u201ccircunstancias excepcionales\u201d que exige el art\u00edculo 99 de la Constituci\u00f3n Nacional para dictar un DNU, dado que el Congreso estaba en pleno funcionamiento. La jueza destac\u00f3 que ambas c\u00e1maras legislativas ven\u00edan sesionando normalmente en mayo de este a\u00f1o, lo que desmiente el argumento oficial sobre la supuesta urgencia que habr\u00eda impedido un tratamiento legislativo.<br><br>&gt; \u201cEl Congreso de la Naci\u00f3n Argentina se encontraba en pleno funcionamiento, es as\u00ed que la C\u00e1mara de Senadores en sesi\u00f3n ordinaria se reuni\u00f3 el 07\/05\/2025 y el mi\u00e9rcoles 21\/05\/2025 se llevaron a cabo sucesivas reuniones de comisiones\u201d, se\u00f1al\u00f3 la jueza en su fallo, al tiempo que calific\u00f3 la conducta del Gobierno como una intromisi\u00f3n en atribuciones legislativas.<br><br><br><br>Fullana tambi\u00e9n rechaz\u00f3 el planteo del Ejecutivo respecto de la falta de pronunciamiento de la Corte Suprema sobre el DNU 70\/2023, y subray\u00f3 que aunque existan cap\u00edtulos suspendidos de aquel decreto, el Gobierno avanz\u00f3 con un nuevo DNU que directamente sustitu\u00eda el art\u00edculo completo de la Ley 25.877, arrog\u00e1ndose competencias del Congreso.<br><br>El fallo incluye un llamado de atenci\u00f3n sobre la violaci\u00f3n de la divisi\u00f3n de poderes, al advertir que el Poder Ejecutivo utiliz\u00f3 argumentos de \u201ct\u00e9cnica legislativa\u201d para justificar cambios que, en rigor, son materia exclusiva del Parlamento.<br><br>Adem\u00e1s, la magistrada dio la raz\u00f3n a la CGT sobre los riesgos que implicaba el DNU en relaci\u00f3n con derechos protegidos por tratados internacionales, como el Convenio 87 de la Organizaci\u00f3n Internacional del Trabajo (OIT) y la Convenci\u00f3n Americana sobre Derechos Humanos (CADH). Fullana advirti\u00f3 que la creaci\u00f3n de la figura de \u201cservicios trascendentales\u201d \u2014no reconocida internacionalmente\u2014 abre la puerta a restricciones arbitrarias del derecho de huelga, lo que podr\u00eda vulnerar garant\u00edas sindicales amparadas por el art\u00edculo 14 bis de la Constituci\u00f3n.<br><br>En ese sentido, cit\u00f3 a la OIT, que ha alertado sobre los peligros de definir de manera excesivamente amplia qu\u00e9 actividades constituyen \u201cservicios esenciales\u201d, dado que eso podr\u00eda vaciar de contenido el derecho de huelga. \u201cSer\u00eda poco conveniente e incluso imposible pretender la elaboraci\u00f3n de una lista completa y definitiva de los servicios que puede considerarse como esenciales\u201d, se\u00f1ala el fallo.<br><br>As\u00ed, con este nuevo rev\u00e9s judicial, el Gobierno de Milei ve frustrado otro intento de avanzar sobre la legislaci\u00f3n laboral mediante decretos de necesidad y urgencia, y la CGT suma un nuevo triunfo en defensa de la huelga como derecho fundamental, tal como ya hab\u00eda ocurrido en diciembre de 2023 contra el DNU 70\/2023.<br><br>Fuente:<\/p>\n\n\n","protected":false},"excerpt":{"rendered":"<p>La jueza laboral Moira Fullana fall\u00f3 contra el decreto 340\/2025 que buscaba ampliar la categor\u00eda de \u201cservicios esenciales\u201d y crear los \u201ctrascendentales\u201d, limitando el derecho de huelga. Para la magistrada, el Ejecutivo se arrog\u00f3 funciones legislativas, vulner\u00f3 tratados internacionales y no justific\u00f3 la urgencia para dictar el DNU. El Gobierno de Javier Milei sum\u00f3 este&#8230;<\/p>\n","protected":false},"author":13,"featured_media":5780,"comment_status":"open","ping_status":"open","sticky":false,"template":"","format":"standard","meta":{"_monsterinsights_skip_tracking":false,"_monsterinsights_sitenote_active":false,"_monsterinsights_sitenote_note":"","_monsterinsights_sitenote_category":0,"footnotes":"","jetpack_publicize_message":"","jetpack_publicize_feature_enabled":true,"jetpack_social_post_already_shared":true,"jetpack_social_options":{"image_generator_settings":{"template":"highway","default_image_id":0,"font":"","enabled":false},"version":2}},"categories":[2],"tags":[],"class_list":["post-5781","post","type-post","status-publish","format-standard","has-post-thumbnail","hentry","category-politica"],"jetpack_publicize_connections":[],"_links":{"self":[{"href":"https:\/\/www.enorsai.com\/noticias\/wp-json\/wp\/v2\/posts\/5781","targetHints":{"allow":["GET"]}}],"collection":[{"href":"https:\/\/www.enorsai.com\/noticias\/wp-json\/wp\/v2\/posts"}],"about":[{"href":"https:\/\/www.enorsai.com\/noticias\/wp-json\/wp\/v2\/types\/post"}],"author":[{"embeddable":true,"href":"https:\/\/www.enorsai.com\/noticias\/wp-json\/wp\/v2\/users\/13"}],"replies":[{"embeddable":true,"href":"https:\/\/www.enorsai.com\/noticias\/wp-json\/wp\/v2\/comments?post=5781"}],"version-history":[{"count":0,"href":"https:\/\/www.enorsai.com\/noticias\/wp-json\/wp\/v2\/posts\/5781\/revisions"}],"wp:featuredmedia":[{"embeddable":true,"href":"https:\/\/www.enorsai.com\/noticias\/wp-json\/wp\/v2\/media\/5780"}],"wp:attachment":[{"href":"https:\/\/www.enorsai.com\/noticias\/wp-json\/wp\/v2\/media?parent=5781"}],"wp:term":[{"taxonomy":"category","embeddable":true,"href":"https:\/\/www.enorsai.com\/noticias\/wp-json\/wp\/v2\/categories?post=5781"},{"taxonomy":"post_tag","embeddable":true,"href":"https:\/\/www.enorsai.com\/noticias\/wp-json\/wp\/v2\/tags?post=5781"}],"curies":[{"name":"wp","href":"https:\/\/api.w.org\/{rel}","templated":true}]}}