{"id":5777,"date":"2025-06-30T09:34:27","date_gmt":"2025-06-30T12:34:27","guid":{"rendered":"https:\/\/www.enorsai.com\/noticias\/?p=5777"},"modified":"2025-06-30T09:34:27","modified_gmt":"2025-06-30T12:34:27","slug":"cristina-durisima-contra-milei-hermano-los-dolares-se-van-y-las-inversiones-no-llegan","status":"publish","type":"post","link":"https:\/\/www.enorsai.com\/noticias\/politica\/cristina-durisima-contra-milei-hermano-los-dolares-se-van-y-las-inversiones-no-llegan\/","title":{"rendered":"Cristina dur\u00edsima contra Milei: \u201cHermano\u2026 los d\u00f3lares se van y las inversiones no llegan\u201d"},"content":{"rendered":"\n<p><strong><em>Desde su casa en San Jos\u00e9 1111, CFK public\u00f3 en sus redes otro texto encabezado con \u201cChe Milei\u201d en el que desglos\u00f3 los n\u00fameros del balance cambiario que present\u00f3 el Banco Central y afirm\u00f3 que \u201cel modelo econ\u00f3mico de endeudamiento estructural, salarios pisados y d\u00f3lar planchado, como siempre, va a fracasar. Ya lo vivimos\u201d.<\/em><\/strong><\/p>\n\n\n\n<p>Cristina Kirchner cuestion\u00f3 este s\u00e1bado al mandatario nacional Javier Milei por la salida de divisas y la ausencia de inversiones en el pa\u00eds, tras la publicaci\u00f3n del \u00faltimo balance cambiario del Banco Central.<\/p>\n\n\n\n<p>\u201cChe Milei, \u2018economista experto en crecimiento con y sin dinero\u2019\u2026\u201d, inici\u00f3 su mensaje en redes sociales. \u201cVos podr\u00e1s gritar como energ\u00fameno, putear en arameo y amenazar con meter \u2018presos a todos\u2019\u2026 pero hermano\u2026 los d\u00f3lares se van y las inversiones no llegan\u2026\u201d, expres\u00f3 la ex mandataria, aludiendo al discurso confrontativo del presidente.<\/p>\n\n\n\n<p>\u201cNi en d\u00f3lares. Y por lo que vimos en la licitaci\u00f3n de deuda de la semana pasada, ni en pesos. Tuviste que pagar tasa por arriba de la inflaci\u00f3n y el 42% no te renov\u00f3. \u00bfEmpezar\u00e1 la huida del carry trade?\u201d, cuestion\u00f3.<\/p>\n\n\n\n<p>La dos veces presidenta que cumple prisi\u00f3n domiciliaria agreg\u00f3, en referencia directa a Milei: \u201cF\u00edjate, porque ya NO TEN\u00c9S QU\u00c9 AJUSTAR. Te qued\u00e1s con guita que es de las provincias. TEN\u00c9S A MEDIA ARGENTINA QUE NO LLEGA A FIN DE MES Y SE ENDEUDA PARA COMER y arriba los n\u00fameros no te cierran\u201d.<\/p>\n\n\n\n<p>En alusi\u00f3n a su condena, CFK coment\u00f3: \u201cPodr\u00e1n encerrarme y proscribirme, pero el MODELO ECON\u00d3MICO DE ENDEUDAMIENTO ESTRUCTURAL, SALARIOS PISADOS Y D\u00d3LAR PLANCHADO, como siempre, va a FRACASAR. Ya lo vivimos\u201d.<\/p>\n\n\n\n<p>Los n\u00fameros del BCRA<\/p>\n\n\n\n<p>En un punteo, la titular del Partido Justicialista (PJ) nacional analiz\u00f3 \u201calgunos numeritos\u201d que surgieron del balance cambiario que public\u00f3 el Banco Central.<\/p>\n\n\n\n<p>Durante el mes de mayo, el sector privado no financiero se llev\u00f3 al exterior 3.226 millones de d\u00f3lares. \u201cR\u00e9cord desde el 2003 y superior al promedio mensual del 2018 y 2019 cuando la deuda que hab\u00eda tomado tu ministro Toto Caputo, en versi\u00f3n macrista, le explot\u00f3 al gobierno de la derecha mafiosa\u201d, sostuvo la expresidenta.<\/p>\n\n\n\n<p>En abril, el sector privado no financiero, sigui\u00f3 Cristina, ya se hab\u00eda llevado al exterior 5.247 millones de d\u00f3lares. \u201cO sea\u2026en 45 d\u00edas se llevaron el 44% de los 12 mil millones de d\u00f3lares que te dio el FMI en abril\u201d, apunt\u00f3 y record\u00f3 que es una cifra superior a la que ella misma hab\u00eda dicho en su discurso v\u00eda audio el pasado 18 de junio en Plaza de Mayo.<\/p>\n\n\n\n<p>\u201c\u00bfSegu\u00eds pensando que los que se llevaban los d\u00f3lares afuera \u2018eran h\u00e9roes contra la casta\u2019?\u2026Mir\u00e1 que ahora el Presidente sos vos y se la siguen llevando igual\u201d.<\/p>\n\n\n\n<p>Asimismo, la expresidenta afirm\u00f3 que el turismo emisivo y el pago por intereses de la deuda implicaron un gasto de 25.921 millones de d\u00f3lares que estaban acumulados en la balanza comercial y que \u201cni siquiera te alcanzaron para cubrir los dos conceptos y qued\u00e1s en negativo por USD 292 millones. Una cat\u00e1strofe\u201d.<\/p>\n\n\n\n<p>Por \u00faltimo, Cristina remarc\u00f3 que la inversi\u00f3n extranjera directa \u201cdesde que llegaste a la presidencia, tiene saldo negativo\u201d, a pesar de la sanci\u00f3n del RIGI, al que calific\u00f3 como \u201cun fracaso\u201d.<\/p>\n\n\n\n<p>Y remat\u00f3: \u201c\u00bfEn serio segu\u00eds pensando que el problema de la Argentina es solo el sector p\u00fablico?\u201d.<\/p>\n\n\n\n<p>Por Motor Econ\u00f3mico <\/p>\n","protected":false},"excerpt":{"rendered":"<p>Desde su casa en San Jos\u00e9 1111, CFK public\u00f3 en sus redes otro texto encabezado con \u201cChe Milei\u201d en el que desglos\u00f3 los n\u00fameros del balance cambiario que present\u00f3 el Banco Central y afirm\u00f3 que \u201cel modelo econ\u00f3mico de endeudamiento estructural, salarios pisados y d\u00f3lar planchado, como siempre, va a fracasar. Ya lo vivimos\u201d. Cristina&#8230;<\/p>\n","protected":false},"author":5,"featured_media":5778,"comment_status":"open","ping_status":"open","sticky":false,"template":"","format":"standard","meta":{"_monsterinsights_skip_tracking":false,"_monsterinsights_sitenote_active":false,"_monsterinsights_sitenote_note":"","_monsterinsights_sitenote_category":0,"footnotes":"","jetpack_publicize_message":"","jetpack_publicize_feature_enabled":true,"jetpack_social_post_already_shared":true,"jetpack_social_options":{"image_generator_settings":{"template":"highway","default_image_id":0,"font":"","enabled":false},"version":2}},"categories":[2],"tags":[43,87,45],"class_list":["post-5777","post","type-post","status-publish","format-standard","has-post-thumbnail","hentry","category-politica","tag-crisis","tag-cristina","tag-milei"],"jetpack_publicize_connections":[],"_links":{"self":[{"href":"https:\/\/www.enorsai.com\/noticias\/wp-json\/wp\/v2\/posts\/5777","targetHints":{"allow":["GET"]}}],"collection":[{"href":"https:\/\/www.enorsai.com\/noticias\/wp-json\/wp\/v2\/posts"}],"about":[{"href":"https:\/\/www.enorsai.com\/noticias\/wp-json\/wp\/v2\/types\/post"}],"author":[{"embeddable":true,"href":"https:\/\/www.enorsai.com\/noticias\/wp-json\/wp\/v2\/users\/5"}],"replies":[{"embeddable":true,"href":"https:\/\/www.enorsai.com\/noticias\/wp-json\/wp\/v2\/comments?post=5777"}],"version-history":[{"count":1,"href":"https:\/\/www.enorsai.com\/noticias\/wp-json\/wp\/v2\/posts\/5777\/revisions"}],"predecessor-version":[{"id":5779,"href":"https:\/\/www.enorsai.com\/noticias\/wp-json\/wp\/v2\/posts\/5777\/revisions\/5779"}],"wp:featuredmedia":[{"embeddable":true,"href":"https:\/\/www.enorsai.com\/noticias\/wp-json\/wp\/v2\/media\/5778"}],"wp:attachment":[{"href":"https:\/\/www.enorsai.com\/noticias\/wp-json\/wp\/v2\/media?parent=5777"}],"wp:term":[{"taxonomy":"category","embeddable":true,"href":"https:\/\/www.enorsai.com\/noticias\/wp-json\/wp\/v2\/categories?post=5777"},{"taxonomy":"post_tag","embeddable":true,"href":"https:\/\/www.enorsai.com\/noticias\/wp-json\/wp\/v2\/tags?post=5777"}],"curies":[{"name":"wp","href":"https:\/\/api.w.org\/{rel}","templated":true}]}}