{"id":5742,"date":"2025-06-29T11:44:47","date_gmt":"2025-06-29T14:44:47","guid":{"rendered":"https:\/\/www.enorsai.com\/noticias\/?p=5742"},"modified":"2025-06-29T15:40:17","modified_gmt":"2025-06-29T18:40:17","slug":"cordoba-arrasa-su-historia-destruyen-un-quebracho-centenario-y-detienen-a-una-periodista","status":"publish","type":"post","link":"https:\/\/www.enorsai.com\/noticias\/sociedad\/cordoba-arrasa-su-historia-destruyen-un-quebracho-centenario-y-detienen-a-una-periodista\/","title":{"rendered":"C\u00f3rdoba arrasa su historia: destruyen un quebracho centenario y detienen a una periodista"},"content":{"rendered":"\n<p>En nombre del cemento, se arranca de ra\u00edz un s\u00edmbolo de tres siglos mientras se criminaliza la protesta social<br><br>Hay gestos que definen a una sociedad. C\u00f3rdoba acaba de escribir uno de los m\u00e1s tristes: con un gigantesco operativo policial, Infanter\u00eda desaloj\u00f3 un acampe vecinal y procedi\u00f3 a arrancar de su lugar a un quebracho blanco que lleva en sus entra\u00f1as entre 200 y 300 a\u00f1os de historia. Para sumar esc\u00e1ndalo, detuvieron a Silvia Majul, periodista y defensora ambiental, acusada de obstrucci\u00f3n a la autoridad. Su verdadero delito: querer cubrir y denunciar la destrucci\u00f3n de un \u00e1rbol hist\u00f3rico, trasladado apenas 25 metros para dejar paso al trazado de la avenida Padre Lucchesse, en Villa Allende.<br><br>\u00bfDe qu\u00e9 \u201cprogreso\u201d hablamos si se construye sobre las ruinas vivas de la naturaleza y de la libertad de expresi\u00f3n?<br><br>El quebracho blanco, testigo de generaciones, de lluvias, de sequ\u00edas, de p\u00e1jaros y de pueblos originarios, se convirti\u00f3 de pronto en \u201cobst\u00e1culo\u201d para una obra vial. Con absoluta frialdad, funcionarios municipales justificaron su traslado, subrayando que as\u00ed \u201cse evita talarlo\u201d. Cinismo puro: cualquier especialista ambiental \u2014como coinciden los citados en la propia cr\u00f3nica de LA NACION\u2014 sabe que una maniobra de trasplante de un ejemplar tan a\u00f1ejo tiene m\u00ednima probabilidad de \u00e9xito. En otras palabras, se condena a muerte lenta a un \u00e1rbol que deber\u00eda ser patrimonio protegido.<br><br>Cuando la topadora avanza, la Justicia retrocede. En mayo, un fallo judicial orden\u00f3 suspender cualquier intervenci\u00f3n sobre el quebracho, pero la C\u00e1mara Contenciosa Administrativa rechaz\u00f3 finalmente el amparo, liberando las m\u00e1quinas. El poder pol\u00edtico, sin freno ni escr\u00fapulo, se ensa\u00f1\u00f3 entonces contra quienes pretend\u00edan defender la memoria verde de Villa Allende.<br><br>La represi\u00f3n no tard\u00f3 en llegar. La asamblea vecinal, que llevaba semanas en un acampe pac\u00edfico, fue desalojada a golpes de Infanter\u00eda. A los manifestantes se les impuso un ins\u00f3lito per\u00edmetro de 500 metros. Fue en ese contexto que Silvia Majul, periodista y ambientalista, acudi\u00f3 al lugar. Seg\u00fan testimonios, no fue notificada de la orden judicial. Su detenci\u00f3n, mientras hac\u00eda su trabajo y se solidarizaba con vecinos, constituye una se\u00f1al peligros\u00edsima: C\u00f3rdoba criminaliza el periodismo y la protesta social.<br><br>El C\u00edrculo Sindical de la Prensa de C\u00f3rdoba repudi\u00f3 la detenci\u00f3n y encendi\u00f3 la alarma: no es el primer caso de periodistas maltratados mientras cubren temas ambientales. Estamos ante un s\u00edntoma claro de lo que sucede cuando se antepone el cemento a la democracia: el silencio impuesto por la fuerza para tapar la destrucci\u00f3n ambiental.<br><br>\u00bfCu\u00e1nto vale un \u00e1rbol de 300 a\u00f1os? \u00bfCu\u00e1nto vale la vida que da sombra, ox\u00edgeno y memoria? \u00bfCu\u00e1nto vale la voz de periodistas que denuncian estos atropellos? Para las autoridades, nada. Para la sociedad cordobesa, deber\u00eda valerlo todo. Porque lo que est\u00e1 en juego no es solo un quebracho, sino el derecho a defender nuestro ambiente, nuestra historia y nuestras libertades.<br><br>Mientras las m\u00e1quinas devoran lo verde y la polic\u00eda se dedica a esposar comunicadores, C\u00f3rdoba se vac\u00eda de ra\u00edces. El \u201cprogreso\u201d no puede medirse en kil\u00f3metros de asfalto sino en la capacidad de proteger lo que nos hace comunidad. Y hoy, la comunidad perdi\u00f3 un gigante de madera y savia que hab\u00eda sobrevivido tres siglos. Perdi\u00f3, tambi\u00e9n, un pedazo de libertad.<br><br>Fuente:<\/p>\n\n\n\n<ul class=\"wp-block-list\">\n<li>https:\/\/www.lanacion.com.ar\/sociedad\/cordoba-en-medio-de-un-operativo-para-remover-un-arbol-historico-detuvieron-a-una-periodista-nid25062025\/<\/li>\n<\/ul>\n","protected":false},"excerpt":{"rendered":"<p>En nombre del cemento, se arranca de ra\u00edz un s\u00edmbolo de tres siglos mientras se criminaliza la protesta social Hay gestos que definen a una sociedad. C\u00f3rdoba acaba de escribir uno de los m\u00e1s tristes: con un gigantesco operativo policial, Infanter\u00eda desaloj\u00f3 un acampe vecinal y procedi\u00f3 a arrancar de su lugar a un quebracho&#8230;<\/p>\n","protected":false},"author":12,"featured_media":5749,"comment_status":"open","ping_status":"open","sticky":false,"template":"","format":"standard","meta":{"_monsterinsights_skip_tracking":false,"_monsterinsights_sitenote_active":false,"_monsterinsights_sitenote_note":"","_monsterinsights_sitenote_category":0,"footnotes":"","jetpack_publicize_message":"","jetpack_publicize_feature_enabled":true,"jetpack_social_post_already_shared":true,"jetpack_social_options":{"image_generator_settings":{"template":"highway","default_image_id":0,"font":"","enabled":false},"version":2}},"categories":[4],"tags":[],"class_list":["post-5742","post","type-post","status-publish","format-standard","has-post-thumbnail","hentry","category-sociedad"],"jetpack_publicize_connections":[],"_links":{"self":[{"href":"https:\/\/www.enorsai.com\/noticias\/wp-json\/wp\/v2\/posts\/5742","targetHints":{"allow":["GET"]}}],"collection":[{"href":"https:\/\/www.enorsai.com\/noticias\/wp-json\/wp\/v2\/posts"}],"about":[{"href":"https:\/\/www.enorsai.com\/noticias\/wp-json\/wp\/v2\/types\/post"}],"author":[{"embeddable":true,"href":"https:\/\/www.enorsai.com\/noticias\/wp-json\/wp\/v2\/users\/12"}],"replies":[{"embeddable":true,"href":"https:\/\/www.enorsai.com\/noticias\/wp-json\/wp\/v2\/comments?post=5742"}],"version-history":[{"count":1,"href":"https:\/\/www.enorsai.com\/noticias\/wp-json\/wp\/v2\/posts\/5742\/revisions"}],"predecessor-version":[{"id":5750,"href":"https:\/\/www.enorsai.com\/noticias\/wp-json\/wp\/v2\/posts\/5742\/revisions\/5750"}],"wp:featuredmedia":[{"embeddable":true,"href":"https:\/\/www.enorsai.com\/noticias\/wp-json\/wp\/v2\/media\/5749"}],"wp:attachment":[{"href":"https:\/\/www.enorsai.com\/noticias\/wp-json\/wp\/v2\/media?parent=5742"}],"wp:term":[{"taxonomy":"category","embeddable":true,"href":"https:\/\/www.enorsai.com\/noticias\/wp-json\/wp\/v2\/categories?post=5742"},{"taxonomy":"post_tag","embeddable":true,"href":"https:\/\/www.enorsai.com\/noticias\/wp-json\/wp\/v2\/tags?post=5742"}],"curies":[{"name":"wp","href":"https:\/\/api.w.org\/{rel}","templated":true}]}}