{"id":5710,"date":"2025-06-27T22:40:02","date_gmt":"2025-06-28T01:40:02","guid":{"rendered":"https:\/\/www.enorsai.com\/noticias\/sociedad\/la-sobreactuacion-peligrosa-daia-amenaza-con-judicializar-un-sketch-humoristico-que-roza-la-censura-y-la-banalizacion\/"},"modified":"2025-06-29T10:05:24","modified_gmt":"2025-06-29T13:05:24","slug":"la-sobreactuacion-peligrosa-daia-amenaza-con-judicializar-un-sketch-humoristico-que-roza-la-censura-y-la-banalizacion","status":"publish","type":"post","link":"https:\/\/www.enorsai.com\/noticias\/sociedad\/la-sobreactuacion-peligrosa-daia-amenaza-con-judicializar-un-sketch-humoristico-que-roza-la-censura-y-la-banalizacion\/","title":{"rendered":"La sobreactuaci\u00f3n peligrosa: DAIA amenaza con judicializar un sketch humor\u00edstico que roza la censura y la banalizaci\u00f3n"},"content":{"rendered":"\n<p><strong><em>La organizaci\u00f3n acus\u00f3 de antisemitismo a un segmento humor\u00edstico que ironizaba sobre supuestos beneficios para israel\u00edes, y amenaza con llevar a la Justicia a la conductora. Una reacci\u00f3n que roza la censura y banaliza, peligrosamente, la lucha contra el verdadero odio antisemita.<\/em><\/strong><br \/><br \/>La Delegaci\u00f3n de Asociaciones Israelitas Argentinas (DAIA) volvi\u00f3 a colocarse en el centro de la pol\u00e9mica tras anunciar que analiza acciones legales contra Elizabeth \u201cLa Negra\u201d Vernaci, a ra\u00edz de un sketch humor\u00edstico emitido en su programa radial \u201cNegr\u00f3polis\u201d. El segmento ironizaba sobre supuestas pensiones para ciudadanos israel\u00edes, mencionando frases como \u201cles regalamos la Patagonia para que hagan de Chubut un kibutz\u201d o \u201csi antes se embarazaban por un plan, ahora se van a querer cortar el pito\u201d.<br \/><br \/>A ojos de la DAIA, semejantes l\u00edneas humor\u00edsticas constituyen \u201cantisemitismo\u201d, y su presidente, Mauro Berenstein, denunci\u00f3 que el sketch no solo \u201cdesinforma\u201d, sino que genera \u201cviolencia y odio\u201d.<br \/><br \/>Sin embargo, lo que deber\u00eda debatirse con serenidad y contexto termin\u00f3 convertido en un esc\u00e1ndalo medi\u00e1tico, donde la amenaza de juicio a un chiste roza l\u00edmites peligrosos para la libertad de expresi\u00f3n. Resulta, cuanto menos, preocupante que la organizaci\u00f3n que hist\u00f3ricamente dice defender a la comunidad jud\u00eda y combatir el antisemitismo, coloque bajo la misma etiqueta a un sketch radial y a discursos de odio real.<br \/><br \/>Berenstein admiti\u00f3 que no acusan a Vernaci de ser antisemita, sino de utilizar a la comunidad jud\u00eda como recurso humor\u00edstico para \u201ccriticar al Gobierno\u201d. Incluso explic\u00f3 que no existe ning\u00fan plan especial para israel\u00edes, sino convenios multilaterales de seguridad social vigentes con varios pa\u00edses, lo cual es un dato relevante.<\/p>\n\n\n\n<figure class=\"wp-block-embed is-type-rich is-provider-twitter wp-block-embed-twitter\"><div class=\"wp-block-embed__wrapper\">\n<blockquote class=\"twitter-tweet\" data-width=\"550\" data-dnt=\"true\"><p lang=\"es\" dir=\"ltr\">De la DAIA se pueden decir muchas cosas (nadie como Jorge Elbaum, por ejemplo, para desenmascararlos), pero en el \u00e1rea que a mi me toca, s\u00f3lo dir\u00e9 esto:<br>SON UNOS AMARGOS.<br>(catalogaron como antisemita este audio del programa de la Negra Vernaci \ud83e\udd28) <a href=\"https:\/\/t.co\/stqPebb2E6\">pic.twitter.com\/stqPebb2E6<\/a><\/p>&mdash; Prol. Humor Gr\u00e1fico (@FabianPrl) <a href=\"https:\/\/twitter.com\/FabianPrl\/status\/1938732349283344388?ref_src=twsrc%5Etfw\">June 27, 2025<\/a><\/blockquote><script async src=\"https:\/\/platform.twitter.com\/widgets.js\" charset=\"utf-8\"><\/script>\n<\/div><\/figure>\n\n\n\n<p><br><br>Pero la pregunta es inevitable: \u00bfamerita un chiste, por m\u00e1s inc\u00f3modo o torpe que sea, semejante vendaval institucional y la amenaza de judicializaci\u00f3n?<br><br>Nadie discute que el antisemitismo sigue existiendo \u2014y que debe combatirse con firmeza\u2014, pero confundir humor, por \u00e1cido que sea, con un discurso de odio real, diluye la seriedad de la causa. No es casual que cada vez m\u00e1s voces adviertan que la sobreactuaci\u00f3n de organismos como la DAIA termina alimentando la idea de que hay temas \u201cintocables\u201d, con humoristas o periodistas caminando sobre un campo minado.<br><br>Mientras en Argentina se incautan arsenales de simbolog\u00eda nazi y se investiga a redes neonazis que s\u00ed constituyen una amenaza concreta, la DAIA parece distraer esfuerzos en perseguir a la radio de Vernaci, trivializando su propia misi\u00f3n.<br><br>Banalizar el t\u00e9rmino \u201cantisemitismo\u201d para etiquetar un sketch es, adem\u00e1s, un flaco favor a las v\u00edctimas hist\u00f3ricas del odio antijud\u00edo. No se combate el prejuicio censurando la s\u00e1tira: se lo combate con informaci\u00f3n, pedagog\u00eda y di\u00e1logo.<br><br>Vernaci puede haber sido impertinente para algunos o caer en humor de mal gusto para otros \u2014ese es otro debate\u2014, pero la idea de llevarla a tribunales por un chiste es el verdadero desprop\u00f3sito. Y revela una actitud peligrosa: la de quienes pretenden blindar ciertos temas detr\u00e1s de un muro de solemnidad, donde el humor, la iron\u00eda o la cr\u00edtica pol\u00edtica pasan a ser delitos.<\/p>\n\n\n\n<figure class=\"wp-block-embed is-type-rich is-provider-twitter wp-block-embed-twitter\"><div class=\"wp-block-embed__wrapper\">\n<blockquote class=\"twitter-tweet\" data-width=\"550\" data-dnt=\"true\"><p lang=\"es\" dir=\"ltr\">Cualquiera que haya escuchado un solo programa de la Negra Vernaci sabe que no tiene un pelo de antisemita. Esto es cualquiera <a href=\"https:\/\/t.co\/2v4682VPv3\">https:\/\/t.co\/2v4682VPv3<\/a><\/p>&mdash; Rodrigo Miranda (@RodriiiMi) <a href=\"https:\/\/twitter.com\/RodriiiMi\/status\/1938770867733065852?ref_src=twsrc%5Etfw\">June 28, 2025<\/a><\/blockquote><script async src=\"https:\/\/platform.twitter.com\/widgets.js\" charset=\"utf-8\"><\/script>\n<\/div><\/figure>\n\n\n\n<p><br \/><br \/>No es la primera vez que la DAIA reacciona con tono persecutorio ante expresiones art\u00edsticas o humor\u00edsticas. Y si persiste en ese camino, corre el riesgo de volverse no la defensora, sino la carcelera de la libertad de expresi\u00f3n. Una libertad que, guste o no, tambi\u00e9n ampara el derecho de hacer humor inc\u00f3modo, incluso sobre temas delicados.<br \/><br \/>Porque, al final, el humor \u2014aun el m\u00e1s \u00e1cido\u2014 no es el enemigo. El verdadero enemigo es el odio real, el antisemitismo que asesina, persigue o amenaza. Y si no se distinguen las diferencias, la lucha contra el antisemitismo se transforma en un boomerang que da\u00f1a a todos.<br \/><br \/>Fuente:<\/p>\n\n\n\n<ul class=\"wp-block-list\">\n<li>https:\/\/noticiasargentinas.com\/sociedad\/fuerte-escandalo-con-la-negra-vernaci-por-un-polemico-sketch&#8211;la-daia-analiza-llevarla-a-la-justicia_a685f10aa8e56833f57f22ec6<\/li>\n<\/ul>\n","protected":false},"excerpt":{"rendered":"<p>La organizaci\u00f3n acus\u00f3 de antisemitismo a un segmento humor\u00edstico que ironizaba sobre supuestos beneficios para israel\u00edes, y amenaza con llevar a la Justicia a la conductora. Una reacci\u00f3n que roza la censura y banaliza, peligrosamente, la lucha contra el verdadero odio antisemita. La Delegaci\u00f3n de Asociaciones Israelitas Argentinas (DAIA) volvi\u00f3 a colocarse en el centro&#8230;<\/p>\n","protected":false},"author":2,"featured_media":5709,"comment_status":"open","ping_status":"open","sticky":false,"template":"","format":"standard","meta":{"_monsterinsights_skip_tracking":false,"_monsterinsights_sitenote_active":false,"_monsterinsights_sitenote_note":"","_monsterinsights_sitenote_category":0,"footnotes":"","jetpack_publicize_message":"","jetpack_publicize_feature_enabled":true,"jetpack_social_post_already_shared":true,"jetpack_social_options":{"image_generator_settings":{"template":"highway","default_image_id":0,"font":"","enabled":false},"version":2}},"categories":[4],"tags":[1760,504,1852,1853,1431,70,505,1855,1854],"class_list":["post-5710","post","type-post","status-publish","format-standard","has-post-thumbnail","hentry","category-sociedad","tag-antisemitismo","tag-censura","tag-daia","tag-expresion","tag-humor","tag-justicia","tag-libertad","tag-polemica","tag-vernaci"],"jetpack_publicize_connections":[],"_links":{"self":[{"href":"https:\/\/www.enorsai.com\/noticias\/wp-json\/wp\/v2\/posts\/5710","targetHints":{"allow":["GET"]}}],"collection":[{"href":"https:\/\/www.enorsai.com\/noticias\/wp-json\/wp\/v2\/posts"}],"about":[{"href":"https:\/\/www.enorsai.com\/noticias\/wp-json\/wp\/v2\/types\/post"}],"author":[{"embeddable":true,"href":"https:\/\/www.enorsai.com\/noticias\/wp-json\/wp\/v2\/users\/2"}],"replies":[{"embeddable":true,"href":"https:\/\/www.enorsai.com\/noticias\/wp-json\/wp\/v2\/comments?post=5710"}],"version-history":[{"count":1,"href":"https:\/\/www.enorsai.com\/noticias\/wp-json\/wp\/v2\/posts\/5710\/revisions"}],"predecessor-version":[{"id":5711,"href":"https:\/\/www.enorsai.com\/noticias\/wp-json\/wp\/v2\/posts\/5710\/revisions\/5711"}],"wp:featuredmedia":[{"embeddable":true,"href":"https:\/\/www.enorsai.com\/noticias\/wp-json\/wp\/v2\/media\/5709"}],"wp:attachment":[{"href":"https:\/\/www.enorsai.com\/noticias\/wp-json\/wp\/v2\/media?parent=5710"}],"wp:term":[{"taxonomy":"category","embeddable":true,"href":"https:\/\/www.enorsai.com\/noticias\/wp-json\/wp\/v2\/categories?post=5710"},{"taxonomy":"post_tag","embeddable":true,"href":"https:\/\/www.enorsai.com\/noticias\/wp-json\/wp\/v2\/tags?post=5710"}],"curies":[{"name":"wp","href":"https:\/\/api.w.org\/{rel}","templated":true}]}}