{"id":5703,"date":"2025-06-27T18:54:29","date_gmt":"2025-06-27T21:54:29","guid":{"rendered":"https:\/\/www.enorsai.com\/noticias\/sociedad\/la-tapa-que-encubrio-dos-asesinatos-a-23-anos-de-la-mentira-mediatica-que-marco-a-clarin-y-al-poder-politico\/"},"modified":"2025-06-27T19:02:24","modified_gmt":"2025-06-27T22:02:24","slug":"la-tapa-que-encubrio-dos-asesinatos-a-23-anos-de-la-mentira-mediatica-que-marco-a-clarin-y-al-poder-politico","status":"publish","type":"post","link":"https:\/\/www.enorsai.com\/noticias\/sociedad\/la-tapa-que-encubrio-dos-asesinatos-a-23-anos-de-la-mentira-mediatica-que-marco-a-clarin-y-al-poder-politico\/","title":{"rendered":"La tapa que encubri\u00f3 dos asesinatos: a 23 a\u00f1os de la mentira medi\u00e1tica que marc\u00f3 a Clar\u00edn y al poder pol\u00edtico"},"content":{"rendered":"\n<p><strong><em>El 26 de junio de 2002, Maximiliano Kosteki y Dar\u00edo Santill\u00e1n fueron asesinados en Avellaneda. Clar\u00edn tuvo las fotos que probaban la responsabilidad policial, pero su portada eligi\u00f3 otra verdad. El trasfondo econ\u00f3mico y pol\u00edtico detr\u00e1s de una de las peores tapas de la historia argentina.<\/em><\/strong><br><br>A 23 a\u00f1os de la Masacre de Avellaneda, un hilo del periodista Ignacio Hutin recuerda c\u00f3mo el Grupo Clar\u00edn, endeudado y necesitado del favor oficial, public\u00f3 el 27 de junio de 2002 la tapa que rezaba \u201cLa crisis caus\u00f3 2 nuevas muertes\u201d, mientras ocultaba evidencia que incriminaba a la Bonaerense. Un caso paradigm\u00e1tico sobre la relaci\u00f3n entre medios, poder pol\u00edtico y el manejo de la verdad.<br><br>Hoy se cumplen 23 a\u00f1os de una de las portadas m\u00e1s pol\u00e9micas y vergonzantes del periodismo argentino. \u201cLa crisis caus\u00f3 2 nuevas muertes\u201d, titul\u00f3 Clar\u00edn el 27 de junio de 2002, apenas un d\u00eda despu\u00e9s de la represi\u00f3n en el Puente Pueyrred\u00f3n que termin\u00f3 con el asesinato de los militantes sociales Maximiliano Kosteki y Dar\u00edo Santill\u00e1n.<br><br>La volanta de aquella tapa \u2014\u201cNo se sabe a\u00fan qui\u00e9nes dispararon contra los piqueteros\u201d\u2014 contrastaba brutalmente con la verdad que el propio diario ya ten\u00eda en sus manos. Seg\u00fan relata Ignacio Hutin, periodista de Infobae, Clar\u00edn hab\u00eda recibido ese mismo 26 de junio las fotos tomadas por Pepe Mateos, su propio fot\u00f3grafo, en la estaci\u00f3n de Avellaneda. En ellas se ve\u00eda con claridad el accionar de los polic\u00edas Alfredo Fanchiotti y Alejandro Acosta, responsables directos de los disparos.<\/p>\n\n\n\n<p><br><br>La secuencia fotogr\u00e1fica no dejaba margen para la duda. Sin embargo, Clar\u00edn decidi\u00f3 tapar la responsabilidad policial bajo el eufemismo de \u201cla crisis\u201d, instalando la idea de que las muertes eran consecuencia difusa del caos social y econ\u00f3mico de la \u00e9poca.<br><br>Mientras tanto, otro fot\u00f3grafo, Sergio Kowalewski, free-lance, revel\u00f3 las im\u00e1genes en su casa y las llev\u00f3 a P\u00e1gina 12 el 27 de junio. Ese medio las public\u00f3 el d\u00eda 28, forzando a Clar\u00edn a rectificar. Aun as\u00ed, el da\u00f1o ya estaba hecho: la primera gran impresi\u00f3n medi\u00e1tica hab\u00eda sembrado la confusi\u00f3n y contribuido al clima de impunidad.<\/p>\n\n\n\n<figure class=\"wp-block-embed is-type-rich is-provider-twitter wp-block-embed-twitter\"><div class=\"wp-block-embed__wrapper\">\n<blockquote class=\"twitter-tweet\" data-width=\"550\" data-dnt=\"true\"><p lang=\"es\" dir=\"ltr\">Hoy cumple 23 a\u00f1os una de las peores y m\u00e1s famosas tapas de la historia argentina.<br><br>\u00bfDe qu\u00e9 estamos hablando?<br><br>Hilo cortito al respecto: <a href=\"https:\/\/t.co\/XHGML0OR7R\">pic.twitter.com\/XHGML0OR7R<\/a><\/p>&mdash; Ignacio Hutin (@iehutin) <a href=\"https:\/\/twitter.com\/iehutin\/status\/1938640294154473719?ref_src=twsrc%5Etfw\">June 27, 2025<\/a><\/blockquote><script async src=\"https:\/\/platform.twitter.com\/widgets.js\" charset=\"utf-8\"><\/script>\n<\/div><\/figure>\n\n\n\n<p><br \/>Los negocios detr\u00e1s de la mentira<br \/><br \/>\u00bfPor qu\u00e9 el mayor grupo medi\u00e1tico del pa\u00eds eligi\u00f3 publicar algo que era mentira y, adem\u00e1s, f\u00e1cilmente desmentible?<br \/><br \/>Hutin explica que por entonces el Grupo Clar\u00edn estaba fuertemente endeudado, principalmente por la compra de empresas de televisi\u00f3n por cable durante la d\u00e9cada anterior. Pocos d\u00edas antes de Avellaneda, en mayo de 2002, el gobierno de Eduardo Duhalde hab\u00eda aprobado la incorporaci\u00f3n del mecanismo de Cram Down, solicitado por el FMI, que abr\u00eda la posibilidad de que empresas en concurso preventivo fueran adquiridas por nuevos inversores.<br \/><br \/>En ese contexto, Clar\u00edn necesitaba ox\u00edgeno financiero y el Gobierno requer\u00eda, con urgencia, el sost\u00e9n pol\u00edtico y comunicacional de los grandes medios. As\u00ed, la mutua dependencia deriv\u00f3 en una portada que false\u00f3 la verdad y encubri\u00f3 la responsabilidad policial en los asesinatos.<br \/><br \/>No fue casualidad, adem\u00e1s, que poco tiempo despu\u00e9s, Duhalde impulsara la Ley 25.750 \u2014finalmente sancionada por N\u00e9stor Kirchner en 2003\u2014 que limit\u00f3 al 30% la participaci\u00f3n extranjera en el capital accionario de empresas period\u00edsticas, una norma clave para proteger a los grandes grupos medi\u00e1ticos argentinos.<\/p>\n\n\n\n<p><br \/>\u201cEl negocio de los medios es la credibilidad\u201d<br \/><br \/>Frente a la presi\u00f3n social y la evidencia publicada por P\u00e1gina 12, Clar\u00edn se vio obligado a mostrar las fotos el 28 de junio. No obstante, Diego Goldberg, editor de fotograf\u00eda del diario, insisti\u00f3 en que la secuencia no bastaba para responsabilizar a la polic\u00eda, algo que Pepe Mateos desminti\u00f3 rotundamente: las im\u00e1genes eran contundentes.<br \/><br \/>En palabras de Kowalewski, \u201cel negocio de los medios es la credibilidad. Necesit\u00e1s recomponerte para hacerte cre\u00edble. Si todos te est\u00e1n mostrando que lo que vos dijiste es mentira, ten\u00e9s que reconvertirte r\u00e1pidamente\u201d.<br \/><br \/>Consecuencias pol\u00edticas y judiciales<br \/><br \/>Seis d\u00edas despu\u00e9s de los asesinatos, Eduardo Duhalde convoc\u00f3 a elecciones anticipadas y desisti\u00f3 de su candidatura. La responsabilidad de la Polic\u00eda Bonaerense termin\u00f3 siendo reconocida p\u00fablicamente.<br \/><br \/>En 2006, el Tribunal Oral N\u00b0 7 de Lomas de Zamora conden\u00f3 a prisi\u00f3n perpetua al comisario Alfredo Fanchiotti y al cabo Alejandro Acosta como coautores de doble homicidio y tentativa de homicidio de otras siete personas. Otros cinco polic\u00edas fueron condenados por encubrimiento agravado.<br \/><br \/>Una historia que sigue interpelando<br \/><br \/>A m\u00e1s de dos d\u00e9cadas, el caso Kosteki y Santill\u00e1n sigue siendo un doloroso s\u00edmbolo de c\u00f3mo el poder pol\u00edtico y econ\u00f3mico puede influir en el relato medi\u00e1tico. En tiempos donde se reinstala un discurso que defiende irrestrictamente a las fuerzas de seguridad, como si fueran infalibles e incapaces de actuar con malicia, recordar esta historia resulta imprescindible.<br \/><br \/>No es solo memoria. Es tambi\u00e9n una advertencia sobre los peligros de un periodismo subordinado a intereses ajenos a la verdad y al derecho de la sociedad a estar informada.<br \/><br \/>Para quien desee profundizar en c\u00f3mo, qui\u00e9n y por qu\u00e9 decide publicar \u2014o no\u2014 im\u00e1genes violentas en los medios, Hutin recomienda un documental disponible en YouTube y menciona que abord\u00f3 el tema en su tesis de grado, donde tambi\u00e9n analiza el caso Kosteki y Santill\u00e1n.<br \/><br \/>La tapa de Clar\u00edn sigue ah\u00ed, como testigo inc\u00f3modo de una verdad que se quiso callar, pero termin\u00f3 gritando desde las fotos.<br \/><br \/>Fuente:<\/p>\n\n\n\n<ul class=\"wp-block-list\">\n<li><\/li>\n<\/ul>\n","protected":false},"excerpt":{"rendered":"<p>El 26 de junio de 2002, Maximiliano Kosteki y Dar\u00edo Santill\u00e1n fueron asesinados en Avellaneda. Clar\u00edn tuvo las fotos que probaban la responsabilidad policial, pero su portada eligi\u00f3 otra verdad. El trasfondo econ\u00f3mico y pol\u00edtico detr\u00e1s de una de las peores tapas de la historia argentina. A 23 a\u00f1os de la Masacre de Avellaneda, un&#8230;<\/p>\n","protected":false},"author":5,"featured_media":5702,"comment_status":"open","ping_status":"open","sticky":false,"template":"","format":"standard","meta":{"_monsterinsights_skip_tracking":false,"_monsterinsights_sitenote_active":false,"_monsterinsights_sitenote_note":"","_monsterinsights_sitenote_category":0,"footnotes":"","jetpack_publicize_message":"","jetpack_publicize_feature_enabled":true,"jetpack_social_post_already_shared":true,"jetpack_social_options":{"image_generator_settings":{"template":"highway","default_image_id":0,"font":"","enabled":false},"version":2}},"categories":[4],"tags":[],"class_list":["post-5703","post","type-post","status-publish","format-standard","has-post-thumbnail","hentry","category-sociedad"],"jetpack_publicize_connections":[],"_links":{"self":[{"href":"https:\/\/www.enorsai.com\/noticias\/wp-json\/wp\/v2\/posts\/5703","targetHints":{"allow":["GET"]}}],"collection":[{"href":"https:\/\/www.enorsai.com\/noticias\/wp-json\/wp\/v2\/posts"}],"about":[{"href":"https:\/\/www.enorsai.com\/noticias\/wp-json\/wp\/v2\/types\/post"}],"author":[{"embeddable":true,"href":"https:\/\/www.enorsai.com\/noticias\/wp-json\/wp\/v2\/users\/5"}],"replies":[{"embeddable":true,"href":"https:\/\/www.enorsai.com\/noticias\/wp-json\/wp\/v2\/comments?post=5703"}],"version-history":[{"count":1,"href":"https:\/\/www.enorsai.com\/noticias\/wp-json\/wp\/v2\/posts\/5703\/revisions"}],"predecessor-version":[{"id":5704,"href":"https:\/\/www.enorsai.com\/noticias\/wp-json\/wp\/v2\/posts\/5703\/revisions\/5704"}],"wp:featuredmedia":[{"embeddable":true,"href":"https:\/\/www.enorsai.com\/noticias\/wp-json\/wp\/v2\/media\/5702"}],"wp:attachment":[{"href":"https:\/\/www.enorsai.com\/noticias\/wp-json\/wp\/v2\/media?parent=5703"}],"wp:term":[{"taxonomy":"category","embeddable":true,"href":"https:\/\/www.enorsai.com\/noticias\/wp-json\/wp\/v2\/categories?post=5703"},{"taxonomy":"post_tag","embeddable":true,"href":"https:\/\/www.enorsai.com\/noticias\/wp-json\/wp\/v2\/tags?post=5703"}],"curies":[{"name":"wp","href":"https:\/\/api.w.org\/{rel}","templated":true}]}}