{"id":5701,"date":"2025-06-27T18:27:58","date_gmt":"2025-06-27T21:27:58","guid":{"rendered":"https:\/\/www.enorsai.com\/noticias\/politica\/el-pj-bonaerense-busca-unidad-respaldo-a-cfk-senales-electorales-y-distension-entre-kicillof-y-maximo\/"},"modified":"2025-06-27T18:27:58","modified_gmt":"2025-06-27T21:27:58","slug":"el-pj-bonaerense-busca-unidad-respaldo-a-cfk-senales-electorales-y-distension-entre-kicillof-y-maximo","status":"publish","type":"post","link":"https:\/\/www.enorsai.com\/noticias\/politica\/el-pj-bonaerense-busca-unidad-respaldo-a-cfk-senales-electorales-y-distension-entre-kicillof-y-maximo\/","title":{"rendered":"El PJ bonaerense busca unidad: respaldo a CFK, se\u00f1ales electorales y distensi\u00f3n entre Kicillof y M\u00e1ximo"},"content":{"rendered":"\n<p>Con la consigna de \u201cCristina libre\u201d, la dirigencia peronista provincial se congreg\u00f3 para cerrar filas frente a la situaci\u00f3n judicial de la ex presidenta y empezar a ordenar el tablero electoral de cara a 2025. El gobernador y el l\u00edder partidario acercaron posiciones tras semanas de tensi\u00f3n pol\u00edtica.<br><br>En medio del complejo escenario pol\u00edtico y judicial que atraviesa Cristina Fern\u00e1ndez de Kirchner, el PJ bonaerense reuni\u00f3 a intendentes, dirigentes, legisladores y referentes sindicales en una cumbre donde prim\u00f3 un clima de unidad. El gobernador Axel Kicillof y M\u00e1ximo Kirchner limaron asperezas, y se comenz\u00f3 a delinear el futuro electoral del peronismo en la provincia.<br><br>Con la mirada puesta tanto en el presente judicial de Cristina Fern\u00e1ndez de Kirchner como en el futuro electoral, el Partido Justicialista bonaerense se reuni\u00f3 en Ca\u00f1uelas en un encuentro que logr\u00f3 reunir a la mayor\u00eda de sus figuras relevantes, en un gesto contundente de unidad.<br><br>Bajo la consigna \u201cCristina libre\u201d, la cumbre fue atravesada por el respaldo expl\u00edcito a la ex presidenta frente a lo que el peronismo considera una persecuci\u00f3n judicial, especialmente tras las recientes novedades en la causa conocida como \u201cVialidad\u201d. All\u00ed, Cristina Kirchner podr\u00eda quedar definitivamente proscripta si la Corte Suprema confirma el fallo que la condena a seis a\u00f1os de prisi\u00f3n e inhabilitaci\u00f3n perpetua para ejercer cargos p\u00fablicos.<br><br>La preocupaci\u00f3n por la situaci\u00f3n judicial de CFK se convirti\u00f3 en el principal elemento aglutinador del encuentro. Dirigentes como M\u00e1ximo Kirchner, Fernando Espinoza, Mariel Fern\u00e1ndez, Gustavo Men\u00e9ndez y Mario Secco coincidieron en que \u201cno se puede hablar de democracia plena si persiste la persecuci\u00f3n judicial contra una dirigente pol\u00edtica\u201d.<br><br>Unidad y orden interno<br><br>Sin embargo, la reuni\u00f3n no s\u00f3lo gir\u00f3 en torno al respaldo a Cristina. Tambi\u00e9n funcion\u00f3 como un espacio para encauzar las tensiones internas del PJ bonaerense. Durante las \u00faltimas semanas, las diferencias entre el gobernador Axel Kicillof y el presidente del PJ provincial, M\u00e1ximo Kirchner, hab\u00edan escalado en el plano pol\u00edtico, sobre todo por las especulaciones sobre el armado electoral para 2025 y el posicionamiento rumbo a 2027.<br><br>Seg\u00fan reconstruyeron medios presentes en la cumbre, tanto Kicillof como M\u00e1ximo Kirchner acercaron posiciones y exhibieron gestos de distensi\u00f3n. Incluso compartieron fotos y charlas distendidas, en contraste con el tono \u00e1spero que hab\u00edan tenido los cruces medi\u00e1ticos y pol\u00edticos previos.<br><br>El gobernador lleg\u00f3 al encuentro acompa\u00f1ado de parte de su gabinete, mientras que M\u00e1ximo Kirchner hizo lo propio con su tropa pol\u00edtica, en un intento por bajar la espuma y dar se\u00f1ales de cohesi\u00f3n. Los intendentes peronistas tambi\u00e9n jugaron un rol clave en el operativo unidad, conscientes de que el PJ necesita ordenarse para afrontar los desaf\u00edos electorales y la crisis socioecon\u00f3mica que atraviesa la provincia.<br><br>Mirada en 2025\u2026 y m\u00e1s all\u00e1<br><br>Si bien no hubo definiciones concretas sobre candidaturas, el PJ bonaerense dej\u00f3 en claro que ya comenz\u00f3 la discusi\u00f3n estrat\u00e9gica de cara a las elecciones legislativas de 2025, consideradas clave para reorganizar el mapa pol\u00edtico provincial y nacional. El desaf\u00edo para el peronismo es evitar una dispersi\u00f3n que le reste poder territorial y legislativo frente al avance de La Libertad Avanza y de Juntos por el Cambio, que buscan capitalizar el descontento social.<br><br>En el documento pol\u00edtico surgido del encuentro, el peronismo bonaerense tambi\u00e9n reivindic\u00f3 el modelo de inclusi\u00f3n y justicia social que, aseguran, est\u00e1 en riesgo ante las pol\u00edticas de ajuste y recorte impulsadas por el gobierno de Javier Milei. Para muchos dirigentes, el futuro electoral del PJ depender\u00e1 no solo de la situaci\u00f3n de Cristina Fern\u00e1ndez de Kirchner, sino tambi\u00e9n de su capacidad para convertirse en la voz opositora m\u00e1s clara y consistente frente al gobierno nacional.<br><br>En definitiva, la reuni\u00f3n del PJ bonaerense en Ca\u00f1uelas dej\u00f3 una doble postal: la defensa cerrada de CFK en el plano judicial y un principio de recomposici\u00f3n interna que buscar\u00e1 proyectarse en t\u00e9rminos electorales. En el peronismo provincial, la consigna \u201cCristina libre\u201d no s\u00f3lo expresa solidaridad con la ex presidenta, sino tambi\u00e9n la necesidad de unificar fuerzas para lo que consideran una batalla pol\u00edtica, judicial y electoral que definir\u00e1 el destino del espacio en los pr\u00f3ximos a\u00f1os.<\/p>\n\n\n\n<p>Fuente:<\/p>\n\n\n\n<ul class=\"wp-block-list\">\n<li>https:\/\/www.latecla.info\/159778-con-un-clima-de-unidad-el-pj-se-reunio-por-cfk-y-sin-dejar-de-lado-lo-electoral<\/li>\n\n\n\n<li>https:\/\/www.tiempoar.com.ar\/ta_article\/cumbre-pj-unidad-cristina-libre\/<\/li>\n\n\n\n<li>https:\/\/frenteacano.com.ar\/axel-kicillof-y-maximo-kirchner-acercaron-posiciones-en-una-cumbre-del-pj-bonaerense\/<br> <\/li>\n<\/ul>\n","protected":false},"excerpt":{"rendered":"<p>Con la consigna de \u201cCristina libre\u201d, la dirigencia peronista provincial se congreg\u00f3 para cerrar filas frente a la situaci\u00f3n judicial de la ex presidenta y empezar a ordenar el tablero electoral de cara a 2025. El gobernador y el l\u00edder partidario acercaron posiciones tras semanas de tensi\u00f3n pol\u00edtica. En medio del complejo escenario pol\u00edtico y&#8230;<\/p>\n","protected":false},"author":11,"featured_media":5700,"comment_status":"open","ping_status":"open","sticky":false,"template":"","format":"standard","meta":{"_monsterinsights_skip_tracking":false,"_monsterinsights_sitenote_active":false,"_monsterinsights_sitenote_note":"","_monsterinsights_sitenote_category":0,"footnotes":"","jetpack_publicize_message":"","jetpack_publicize_feature_enabled":true,"jetpack_social_post_already_shared":true,"jetpack_social_options":{"image_generator_settings":{"template":"highway","default_image_id":0,"font":"","enabled":false},"version":2}},"categories":[2],"tags":[],"class_list":["post-5701","post","type-post","status-publish","format-standard","has-post-thumbnail","hentry","category-politica"],"jetpack_publicize_connections":[],"_links":{"self":[{"href":"https:\/\/www.enorsai.com\/noticias\/wp-json\/wp\/v2\/posts\/5701","targetHints":{"allow":["GET"]}}],"collection":[{"href":"https:\/\/www.enorsai.com\/noticias\/wp-json\/wp\/v2\/posts"}],"about":[{"href":"https:\/\/www.enorsai.com\/noticias\/wp-json\/wp\/v2\/types\/post"}],"author":[{"embeddable":true,"href":"https:\/\/www.enorsai.com\/noticias\/wp-json\/wp\/v2\/users\/11"}],"replies":[{"embeddable":true,"href":"https:\/\/www.enorsai.com\/noticias\/wp-json\/wp\/v2\/comments?post=5701"}],"version-history":[{"count":0,"href":"https:\/\/www.enorsai.com\/noticias\/wp-json\/wp\/v2\/posts\/5701\/revisions"}],"wp:featuredmedia":[{"embeddable":true,"href":"https:\/\/www.enorsai.com\/noticias\/wp-json\/wp\/v2\/media\/5700"}],"wp:attachment":[{"href":"https:\/\/www.enorsai.com\/noticias\/wp-json\/wp\/v2\/media?parent=5701"}],"wp:term":[{"taxonomy":"category","embeddable":true,"href":"https:\/\/www.enorsai.com\/noticias\/wp-json\/wp\/v2\/categories?post=5701"},{"taxonomy":"post_tag","embeddable":true,"href":"https:\/\/www.enorsai.com\/noticias\/wp-json\/wp\/v2\/tags?post=5701"}],"curies":[{"name":"wp","href":"https:\/\/api.w.org\/{rel}","templated":true}]}}