{"id":5696,"date":"2025-06-27T17:16:35","date_gmt":"2025-06-27T20:16:35","guid":{"rendered":"https:\/\/www.enorsai.com\/noticias\/cultura\/traslados-el-estremecedor-documental-argentino-sobre-los-vuelos-de-la-muerte-se-estreno-en-espana\/"},"modified":"2025-06-27T17:16:35","modified_gmt":"2025-06-27T20:16:35","slug":"traslados-el-estremecedor-documental-argentino-sobre-los-vuelos-de-la-muerte-se-estreno-en-espana","status":"publish","type":"post","link":"https:\/\/www.enorsai.com\/noticias\/cultura\/traslados-el-estremecedor-documental-argentino-sobre-los-vuelos-de-la-muerte-se-estreno-en-espana\/","title":{"rendered":"\u201cTraslados\u201d: el estremecedor documental argentino sobre los vuelos de la muerte se estren\u00f3 en Espa\u00f1a"},"content":{"rendered":"\n<p>Con una investigaci\u00f3n minuciosa y testimonios conmovedores, el film de Nicol\u00e1s Gil Lavedra revive el horror de un m\u00e9todo clandestino de exterminio de la dictadura. La pel\u00edcula busca interpelar a las nuevas generaciones sobre memoria y justicia.<br><br>\u201cTraslados\u201d, el documental argentino que expone con crudeza y sensibilidad el mecanismo criminal de los vuelos de la muerte, se estren\u00f3 este viernes en salas de Espa\u00f1a, ampliando su recorrido internacional tras su paso por festivales como San Sebasti\u00e1n, Cannes y Seattle. Dirigido por Nicol\u00e1s Gil Lavedra, el film reconstruye una de las pr\u00e1cticas m\u00e1s siniestras de la \u00faltima dictadura c\u00edvico-militar argentina: la de arrojar personas vivas al R\u00edo de la Plata o al mar, luego de mantenerlas secuestradas, torturadas y sedadas.<br><br>Lejos de limitarse a datos hist\u00f3ricos, \u201cTraslados\u201d se sumerge en una narraci\u00f3n emotiva y rigurosa, combinando testimonios de sobrevivientes, familiares de desaparecidos, jueces, abogados, investigadores forenses y referentes de derechos humanos. Entre las voces destacadas figuran el juez federal Daniel Rafecas, la presidenta de Abuelas de Plaza de Mayo Estela de Carlotto, el Premio Nobel de la Paz Adolfo P\u00e9rez Esquivel y el piloto y cineasta Enrique Pi\u00f1eyro.<br><br>Uno de los puntos m\u00e1s impactantes del documental es la historia del avi\u00f3n Skyvan PA-51, la nave utilizada en varios de estos vuelos de la muerte, que durante a\u00f1os permaneci\u00f3 en Estados Unidos, sin que se supiera su oscuro pasado. El avi\u00f3n fue localizado y repatriado a la Argentina en 2023, gracias a la investigaci\u00f3n y el compromiso de Pi\u00f1eyro, y se convirti\u00f3 en prueba judicial clave y en s\u00edmbolo tangible de los cr\u00edmenes de lesa humanidad.<\/p>\n\n\n\n<figure class=\"wp-block-embed is-type-video is-provider-youtube wp-block-embed-youtube wp-embed-aspect-16-9 wp-has-aspect-ratio\"><div class=\"wp-block-embed__wrapper\">\n<iframe loading=\"lazy\" title=\"TRASLADOS - Tr\u00e1iler Oficial\" width=\"640\" height=\"360\" src=\"https:\/\/www.youtube.com\/embed\/i3LF0jp69TU?feature=oembed\" frameborder=\"0\" allow=\"accelerometer; autoplay; clipboard-write; encrypted-media; gyroscope; picture-in-picture; web-share\" referrerpolicy=\"strict-origin-when-cross-origin\" allowfullscreen><\/iframe>\n<\/div><\/figure>\n\n\n\n<p><br><br>El guion de Gustavo Gersberg, la m\u00fasica emotiva \u2014con una versi\u00f3n especialmente grabada de \u201cLos Dinosaurios\u201d de Charly Garc\u00eda, interpretada por Vera Spinetta\u2014 y un montaje que alterna im\u00e1genes de archivo, animaciones y recreaciones, dotan a la pel\u00edcula de un tono profundamente humano. Su objetivo no es solo recordar el horror, sino alertar sobre los riesgos del olvido y de los discursos negacionistas que en los \u00faltimos a\u00f1os han cobrado fuerza en sectores pol\u00edticos y medi\u00e1ticos.<br><br>Tras haberse estrenado en cines argentinos en septiembre de 2024, \u201cTraslados\u201d obtuvo una Menci\u00f3n Especial del Jurado en el Festival Internacional de Cine de Seattle, y fue presentado en festivales como Varsovia, M\u00e1laga y el March\u00e9 du Film en Cannes, donde integr\u00f3 la selecci\u00f3n \u201cCine Argentino Presente\u201d.<br><br>Para Gil Lavedra, hijo del recordado juez Ricardo Gil Lavedra, integrante del hist\u00f3rico Juicio a las Juntas, el film representa un acto de compromiso con la memoria y un mensaje contundente para las nuevas generaciones: \u201cLa historia est\u00e1 ah\u00ed. Es deber de todos conocerla para que nunca m\u00e1s se repita\u201d.<br><br>As\u00ed, \u201cTraslados\u201d no solo documenta un cap\u00edtulo atroz del terrorismo de Estado argentino, sino que interpela al presente y al futuro, recordando que la verdad y la justicia son conquistas que se defienden d\u00eda a d\u00eda.<br><br>Fuente:<\/p>\n\n\n\n<ul class=\"wp-block-list\">\n<li>https:\/\/www.infobae.com\/sociedad\/2025\/06\/27\/traslados-el-documental-argentino-sobre-los-vuelos-de-la-muerte-se-estreno-en-espana\/<\/li>\n<\/ul>\n","protected":false},"excerpt":{"rendered":"<p>Con una investigaci\u00f3n minuciosa y testimonios conmovedores, el film de Nicol\u00e1s Gil Lavedra revive el horror de un m\u00e9todo clandestino de exterminio de la dictadura. La pel\u00edcula busca interpelar a las nuevas generaciones sobre memoria y justicia. \u201cTraslados\u201d, el documental argentino que expone con crudeza y sensibilidad el mecanismo criminal de los vuelos de la&#8230;<\/p>\n","protected":false},"author":1,"featured_media":5695,"comment_status":"open","ping_status":"open","sticky":false,"template":"","format":"standard","meta":{"_monsterinsights_skip_tracking":false,"_monsterinsights_sitenote_active":false,"_monsterinsights_sitenote_note":"","_monsterinsights_sitenote_category":0,"footnotes":"","jetpack_publicize_message":"","jetpack_publicize_feature_enabled":true,"jetpack_social_post_already_shared":true,"jetpack_social_options":{"image_generator_settings":{"template":"highway","default_image_id":0,"font":"","enabled":false},"version":2}},"categories":[1587,5],"tags":[338],"class_list":["post-5696","post","type-post","status-publish","format-standard","has-post-thumbnail","hentry","category-cultura-cine-tv-series","category-cultura","tag-netflix"],"jetpack_publicize_connections":[],"_links":{"self":[{"href":"https:\/\/www.enorsai.com\/noticias\/wp-json\/wp\/v2\/posts\/5696","targetHints":{"allow":["GET"]}}],"collection":[{"href":"https:\/\/www.enorsai.com\/noticias\/wp-json\/wp\/v2\/posts"}],"about":[{"href":"https:\/\/www.enorsai.com\/noticias\/wp-json\/wp\/v2\/types\/post"}],"author":[{"embeddable":true,"href":"https:\/\/www.enorsai.com\/noticias\/wp-json\/wp\/v2\/users\/1"}],"replies":[{"embeddable":true,"href":"https:\/\/www.enorsai.com\/noticias\/wp-json\/wp\/v2\/comments?post=5696"}],"version-history":[{"count":0,"href":"https:\/\/www.enorsai.com\/noticias\/wp-json\/wp\/v2\/posts\/5696\/revisions"}],"wp:featuredmedia":[{"embeddable":true,"href":"https:\/\/www.enorsai.com\/noticias\/wp-json\/wp\/v2\/media\/5695"}],"wp:attachment":[{"href":"https:\/\/www.enorsai.com\/noticias\/wp-json\/wp\/v2\/media?parent=5696"}],"wp:term":[{"taxonomy":"category","embeddable":true,"href":"https:\/\/www.enorsai.com\/noticias\/wp-json\/wp\/v2\/categories?post=5696"},{"taxonomy":"post_tag","embeddable":true,"href":"https:\/\/www.enorsai.com\/noticias\/wp-json\/wp\/v2\/tags?post=5696"}],"curies":[{"name":"wp","href":"https:\/\/api.w.org\/{rel}","templated":true}]}}