{"id":5689,"date":"2025-06-27T13:17:59","date_gmt":"2025-06-27T16:17:59","guid":{"rendered":"https:\/\/www.enorsai.com\/noticias\/sociedad\/detienen-al-jefe-de-la-policia-caminera-de-cordoba-por-liderar-una-red-de-estafas-que-involucra-a-civiles-y-abogados\/"},"modified":"2025-06-27T13:17:59","modified_gmt":"2025-06-27T16:17:59","slug":"detienen-al-jefe-de-la-policia-caminera-de-cordoba-por-liderar-una-red-de-estafas-que-involucra-a-civiles-y-abogados","status":"publish","type":"post","link":"https:\/\/www.enorsai.com\/noticias\/sociedad\/detienen-al-jefe-de-la-policia-caminera-de-cordoba-por-liderar-una-red-de-estafas-que-involucra-a-civiles-y-abogados\/","title":{"rendered":"Detienen al jefe de la Polic\u00eda Caminera de C\u00f3rdoba por liderar una red de estafas que involucra a civiles y abogados"},"content":{"rendered":"\n<p>Maximiliano Ochoa Rold\u00e1n est\u00e1 acusado de delitos que incluyen coacci\u00f3n, enriquecimiento il\u00edcito y asociaci\u00f3n il\u00edcita. La investigaci\u00f3n sacude a la c\u00fapula policial provincial.<br><br>La provincia de C\u00f3rdoba se encuentra sacudida por un nuevo esc\u00e1ndalo institucional. Este viernes, el fiscal Guillermo Gonz\u00e1lez orden\u00f3 la detenci\u00f3n de Maximiliano Ochoa Rold\u00e1n, jefe de la Polic\u00eda Caminera de C\u00f3rdoba, acusado de integrar y liderar una red de estafas que, seg\u00fan la investigaci\u00f3n, operaba en complicidad con otros efectivos policiales, civiles y abogados.<br><br>La causa, que avanza bajo la car\u00e1tula de coacci\u00f3n, asociaci\u00f3n il\u00edcita en calidad de jefe, enriquecimiento il\u00edcito, peculado y encubrimiento por omisi\u00f3n de denuncia, llev\u00f3 a la realizaci\u00f3n de 11 allanamientos en distintos puntos de la provincia, incluyendo C\u00f3rdoba capital, Unquillo, La Calera y Cosqu\u00edn. Los procedimientos alcanzaron viviendas particulares, estudios jur\u00eddicos y hasta oficinas dentro de la propia Jefatura de Polic\u00eda.<br><br>De acuerdo al expediente judicial, los implicados habr\u00edan accedido de forma ilegal a informaci\u00f3n confidencial del sistema policial, utiliz\u00e1ndola para realizar cobros extrajudiciales, fijar honorarios y concretar negociaciones paralelas, siempre en connivencia con civiles y letrados particulares.<br><br>Junto a Ochoa Rold\u00e1n, tambi\u00e9n fueron detenidos los comisarios Leonardo Javier Torres, Jorge Guti\u00e9rrez y Mart\u00edn Dar\u00edo Heredia; el civil Gabriel \u00c9lido Burkhard; el suboficial Dante Gabriel Villalba y Gast\u00f3n Miguel Ochoa Rold\u00e1n, hermano del jefe detenido.<br><br>La magnitud del caso ha puesto el foco sobre las pr\u00e1cticas de corrupci\u00f3n dentro de las fuerzas de seguridad cordobesas. Juan Pablo Quinteros, ministro de Seguridad de C\u00f3rdoba; el fiscal Gonz\u00e1lez, y el comisario general Alberto Viete tienen previsto brindar una conferencia de prensa en las pr\u00f3ximas horas para ofrecer m\u00e1s detalles sobre la investigaci\u00f3n, que podr\u00eda derivar en nuevas detenciones en los pr\u00f3ximos d\u00edas.<br><br>Mientras tanto, los trascendidos sobre posibles coimas y maniobras il\u00edcitas han generado fuerte repercusi\u00f3n en la opini\u00f3n p\u00fablica. Testimonios de ciudadanos en redes sociales recuerdan situaciones en las rutas cordobesas donde presuntamente se exig\u00edan pagos indebidos, alimentando la indignaci\u00f3n social frente a un esc\u00e1ndalo que, una vez m\u00e1s, pone bajo la lupa la integridad de las instituciones de seguridad provincial.<br><br>Fuente:<\/p>\n\n\n\n<ul class=\"wp-block-list\">\n<li>https:\/\/noticiasargentinas.com\/sociedad\/detuvieron-al-jefe-de-la-policia-caminera-de-cordoba-y-a-otros-agentes-por-una-red-de-estafas_a685e96a3f7f17e1a87fb36d0<\/li>\n<\/ul>\n","protected":false},"excerpt":{"rendered":"<p>Maximiliano Ochoa Rold\u00e1n est\u00e1 acusado de delitos que incluyen coacci\u00f3n, enriquecimiento il\u00edcito y asociaci\u00f3n il\u00edcita. La investigaci\u00f3n sacude a la c\u00fapula policial provincial. La provincia de C\u00f3rdoba se encuentra sacudida por un nuevo esc\u00e1ndalo institucional. Este viernes, el fiscal Guillermo Gonz\u00e1lez orden\u00f3 la detenci\u00f3n de Maximiliano Ochoa Rold\u00e1n, jefe de la Polic\u00eda Caminera de C\u00f3rdoba,&#8230;<\/p>\n","protected":false},"author":1,"featured_media":5688,"comment_status":"open","ping_status":"open","sticky":false,"template":"","format":"standard","meta":{"_monsterinsights_skip_tracking":false,"_monsterinsights_sitenote_active":false,"_monsterinsights_sitenote_note":"","_monsterinsights_sitenote_category":0,"footnotes":"","jetpack_publicize_message":"","jetpack_publicize_feature_enabled":true,"jetpack_social_post_already_shared":true,"jetpack_social_options":{"image_generator_settings":{"template":"highway","default_image_id":0,"font":"","enabled":false},"version":2}},"categories":[4],"tags":[],"class_list":["post-5689","post","type-post","status-publish","format-standard","has-post-thumbnail","hentry","category-sociedad"],"jetpack_publicize_connections":[],"_links":{"self":[{"href":"https:\/\/www.enorsai.com\/noticias\/wp-json\/wp\/v2\/posts\/5689","targetHints":{"allow":["GET"]}}],"collection":[{"href":"https:\/\/www.enorsai.com\/noticias\/wp-json\/wp\/v2\/posts"}],"about":[{"href":"https:\/\/www.enorsai.com\/noticias\/wp-json\/wp\/v2\/types\/post"}],"author":[{"embeddable":true,"href":"https:\/\/www.enorsai.com\/noticias\/wp-json\/wp\/v2\/users\/1"}],"replies":[{"embeddable":true,"href":"https:\/\/www.enorsai.com\/noticias\/wp-json\/wp\/v2\/comments?post=5689"}],"version-history":[{"count":0,"href":"https:\/\/www.enorsai.com\/noticias\/wp-json\/wp\/v2\/posts\/5689\/revisions"}],"wp:featuredmedia":[{"embeddable":true,"href":"https:\/\/www.enorsai.com\/noticias\/wp-json\/wp\/v2\/media\/5688"}],"wp:attachment":[{"href":"https:\/\/www.enorsai.com\/noticias\/wp-json\/wp\/v2\/media?parent=5689"}],"wp:term":[{"taxonomy":"category","embeddable":true,"href":"https:\/\/www.enorsai.com\/noticias\/wp-json\/wp\/v2\/categories?post=5689"},{"taxonomy":"post_tag","embeddable":true,"href":"https:\/\/www.enorsai.com\/noticias\/wp-json\/wp\/v2\/tags?post=5689"}],"curies":[{"name":"wp","href":"https:\/\/api.w.org\/{rel}","templated":true}]}}