{"id":5685,"date":"2025-06-27T12:43:35","date_gmt":"2025-06-27T15:43:35","guid":{"rendered":"https:\/\/www.enorsai.com\/noticias\/?p=5685"},"modified":"2025-06-27T12:43:35","modified_gmt":"2025-06-27T15:43:35","slug":"milei-subio-las-retenciones-y-desato-la-furia-de-productores-que-confiaron-en-el-gobierno-libertarios","status":"publish","type":"post","link":"https:\/\/www.enorsai.com\/noticias\/economia\/milei-subio-las-retenciones-y-desato-la-furia-de-productores-que-confiaron-en-el-gobierno-libertarios\/","title":{"rendered":"Milei subi\u00f3 las retenciones y desat\u00f3 la furia de productores que confiaron en el gobierno libertarios"},"content":{"rendered":"\n<h2 class=\"wp-block-heading\"><strong>Retenciones recargadas: el campo le marca el l\u00edmite a Milei y la paciencia se agota<\/strong>. La tensi\u00f3n crece en las rutas y en los mercados, mientras el relato oficial tambalea bajo la presi\u00f3n de las cuentas fiscales.<\/h2>\n\n\n\n<p>Javier Milei prometi\u00f3 \u201cmotosierra\u201d y libertad, pero su decisi\u00f3n de volver a aumentar las retenciones asest\u00f3 un golpe brutal al campo, el mismo sector que lo acompa\u00f1\u00f3 con entusiasmo en su llegada al poder. Las entidades rurales advierten que la paciencia se termina y no descartan medidas de fuerza. El Gobierno juega al l\u00edmite entre el ajuste fiscal y el descontento social, dejando al descubierto las grietas de su propio relato econ\u00f3mico.<\/p>\n\n\n\n<p>Hubo un tiempo, no tan lejano, en que las caravanas de tractores se pintaban de celeste y blanco para bancar a Javier Milei. Era el canto de sirena libertario: menos Estado, menos impuestos, menos trabas para producir y exportar. Era el mito de la motosierra, de la libertad econ\u00f3mica sin anestesia, del d\u00f3lar libre y los mercados desregulados. Hoy, el mismo campo que se abraz\u00f3 a esa ilusi\u00f3n le est\u00e1 diciendo al Presidente, sin medias tintas: <em>basta<\/em>.<\/p>\n\n\n\n<p>Porque si algo dej\u00f3 en claro esta \u00faltima semana es que Milei decidi\u00f3 clavarle el freno de mano a su discurso liberal cuando la caja del Estado lo pide a gritos. Desde el 1\u00b0 de julio, las retenciones a la soja y el ma\u00edz vuelven a subir. As\u00ed, la soja retoma la al\u00edcuota del 33%, y el ma\u00edz, el 15%, tras el fallido intento de Milei de reducirlas a cuentagotas. Es una jugada que se cocina a fuego r\u00e1pido en el coraz\u00f3n del Ministerio de Econom\u00eda, donde las planillas de Excel no cierran ni con la fe libertaria m\u00e1s fervorosa.<\/p>\n\n\n\n<p>Basta leer las propias palabras que se multiplicaron en estos d\u00edas. \u201cA veces la paciencia se termina\u201d, dijo Carlos Achetoni, presidente de la Federaci\u00f3n Agraria Argentina (FAA), cuando se enter\u00f3 de que el Gobierno prorrog\u00f3 apenas por un mes la reducci\u00f3n de las retenciones, antes de volverlas a subir. Lo mismo solt\u00f3 Nicol\u00e1s Pino, de la Sociedad Rural Argentina (SRA), quien calific\u00f3 la decisi\u00f3n de Milei como \u201cun error estrat\u00e9gico\u201d, recordando que el campo esperaba se\u00f1ales de alivio, no m\u00e1s presi\u00f3n fiscal. La bronca se siente en cada l\u00ednea de sus declaraciones: hay decepci\u00f3n, desconfianza y un sabor a traici\u00f3n pol\u00edtica.<\/p>\n\n\n\n<p>No es solo ret\u00f3rica sindical. El malestar es real y se ve en los n\u00fameros. Las cerealeras advierten que la suba de retenciones mete ruido en la comercializaci\u00f3n. Nadie quiere vender soja ni ma\u00edz hoy, si ma\u00f1ana las reglas del juego cambian y el Estado se queda con un bocado m\u00e1s grande. La C\u00e1mara de la Industria Aceitera (CIARA-CEC) sali\u00f3 r\u00e1pido a alertar sobre el \u201cdesincentivo\u201d que implica este manotazo fiscal, mientras los productores se guardan la cosecha y especulan con mejores condiciones. En el mercado, el humor es de furia: ya se habla de \u201cparo comercial\u201d, aunque las entidades, por ahora, lo niegan en p\u00fablico.<\/p>\n\n\n\n<p>El Gobierno de Milei, que tantas veces critic\u00f3 el intervencionismo kirchnerista, termina imitando \u2014aunque les duela admitirlo\u2014 los viejos reflejos de la Casa Rosada cuando el rojo fiscal se pone bravo. Retenciones, la muletilla infalible. No importa el relato libertario ni el canto al libre comercio: la caja manda. La motosierra, por ahora, no corta el cord\u00f3n umbilical que une al Estado con la plata fresca del agro.<\/p>\n\n\n\n<p>El dato m\u00e1s contundente lo revela el propio bolet\u00edn oficial: la suba de retenciones implicar\u00e1 para las arcas p\u00fablicas, solo en la soja, un ingreso adicional de US$ 1.200 millones. Plata que, seg\u00fan el Gobierno, es necesaria para cubrir gastos b\u00e1sicos, mantener algo de paz cambiaria y no profundizar la recesi\u00f3n. Es decir, Milei sube retenciones para evitar que explote el d\u00f3lar y para seguir financiando su ajuste, aunque el precio pol\u00edtico sea alt\u00edsimo.<\/p>\n\n\n\n<p>Claro que nadie en el Ejecutivo lo dice con todas las letras. Hablan de \u201cnecesidades de equilibrio fiscal\u201d, de \u201ctransitoriedad\u201d de la medida, de un esfuerzo colectivo. Son eufemismos. La realidad es que Milei est\u00e1 en un callej\u00f3n sin salida: si no sube retenciones, el agujero fiscal lo devora. Si las sube, traiciona el coraz\u00f3n ideol\u00f3gico de su propio gobierno y enoja a su base electoral m\u00e1s fiel, el campo. No hay magia: los d\u00f3lares no aparecen por arte de Milei ni de Caputo.<\/p>\n\n\n\n<p>Mientras tanto, los productores hacen sus cuentas y prenden velas. El precio internacional de la soja ronda los 465 d\u00f3lares por tonelada, pero con una retenci\u00f3n del 33% y un d\u00f3lar oficial todav\u00eda pisado, el margen se achica. Y nadie sabe cu\u00e1nto m\u00e1s puede aguantar el mercado paralelo sin volver a explotar, con la brecha cambiaria que ya coquetea con niveles peligrosos. Las empresas exportadoras frenan operaciones para no quedar enganchadas con el tipo de cambio m\u00e1s caro. Es una tormenta perfecta.<\/p>\n\n\n\n<p>El discurso de la Casa Rosada suena, por momentos, a iron\u00eda. En la misma semana en que Milei ratific\u00f3 su fe en el mercado y en el \u201clibre comercio\u201d, la Secretar\u00eda de Agricultura firma la resoluci\u00f3n que oficializa la suba de retenciones. Una postal brutal de la contradicci\u00f3n en la que navega el Gobierno: se autoproclama libertario, pero recauda con m\u00e9todos dignos de los manuales m\u00e1s intervencionistas. Y lo hace sin ruborizarse.<\/p>\n\n\n\n<p>En las bases rurales hay, adem\u00e1s, un dejo de sensaci\u00f3n de enga\u00f1o. Porque, m\u00e1s all\u00e1 de la crisis fiscal, el campo no olvida que Milei construy\u00f3 parte de su identidad pol\u00edtica prometiendo que las retenciones eran \u201cun robo\u201d y que su eliminaci\u00f3n ser\u00eda uno de los pilares de su revoluci\u00f3n econ\u00f3mica. Hoy, esos mismos productores se ven obligados a hacer fila para liquidar granos antes del 1\u00b0 de julio o se guardan la cosecha bajo llave. Es el reino de la incertidumbre, el mismo que Milei jur\u00f3 desterrar.<\/p>\n\n\n\n<p>La Sociedad Rural ya advirti\u00f3 que \u201cla paciencia tiene l\u00edmites\u201d y, aunque las entidades todav\u00eda hablan con cautela, nadie descarta que pueda reavivarse el fantasma de protestas en las rutas. Y no es para menos. Porque el campo recuerda el paro agrario de 2008 como si hubiese sido ayer. Y aunque Milei no es Cristina, el sentimiento de traici\u00f3n se parece demasiado. Hay algo que se quebr\u00f3. Y se nota.<\/p>\n\n\n\n<p>Pero, adem\u00e1s, la bronca del agro no se limita solo a las retenciones. El sector tambi\u00e9n observa con alarma c\u00f3mo la recesi\u00f3n interna empieza a pegar de lleno en la venta de maquinaria agr\u00edcola, en el consumo de insumos y en el cr\u00e9dito, que sigue inaccesible por las tasas siderales. En el interior, los contratistas rurales cuentan las horas para ver si tienen trabajo o si la maquinaria queda parada en el galp\u00f3n. Es la econom\u00eda real que no aparece en las conferencias de prensa ni en los gr\u00e1ficos de PowerPoint.<\/p>\n\n\n\n<p>Milei, por ahora, apuesta a sostener su relato libertario mientras hace malabares fiscales. Pero la mecha est\u00e1 encendida. El campo, que supo ser su socio pol\u00edtico m\u00e1s leal, ahora lo mira con desconfianza. Y con algo de rabia contenida. \u201cNos sentimos usados\u201d, se escucha en los pasillos de las entidades rurales. Es una frase que duele. Y que resume el desencanto de un sector que apost\u00f3 fuerte a un gobierno que, apenas seis meses despu\u00e9s, empieza a parecerse demasiado a aquellos a los que jur\u00f3 combatir.<\/p>\n\n\n\n<p>Porque, dig\u00e1moslo sin vueltas: subir retenciones no es solo un ajuste t\u00e9cnico. Es una confesi\u00f3n brutal de que la famosa \u201cmotosierra\u201d libertaria se volvi\u00f3 de goma. Y el campo, que ya huele a traici\u00f3n, empieza a preparar su propia respuesta. No ser\u00eda la primera vez que lo hace. Y esta vez, aunque Milei se vista de libertario, el final puede no ser distinto al de otras crisis agrarias que se llevaron gobiernos puestos.<\/p>\n\n\n\n<p>En el campo lo saben. En Balcarce 50, tambi\u00e9n.<\/p>\n\n\n\n<p>Fuentes:<\/p>\n\n\n\n<ul class=\"wp-block-list\">\n<li><a href=\"https:\/\/www.lanacion.com.ar\/economia\/campo\/a-veces-la-paciencia-se-termina-el-campo-lamento-la-decision-del-gobierno-de-prorrogar-solo-la-baja-nid27062025\/\">https:\/\/www.lanacion.com.ar\/economia\/campo\/a-veces-la-paciencia-se-termina-el-campo-lamento-la-decision-del-gobierno-de-prorrogar-solo-la-baja-nid27062025\/<\/a><\/li>\n\n\n\n<li><a href=\"https:\/\/www.infobae.com\/economia\/2025\/06\/27\/oficial-el-gobierno-dispuso-que-el-1-de-julio-vuelvan-a-subir-las-retenciones-a-la-soja-y-el-maiz\/\">https:\/\/www.infobae.com\/economia\/2025\/06\/27\/oficial-el-gobierno-dispuso-que-el-1-de-julio-vuelvan-a-subir-las-retenciones-a-la-soja-y-el-maiz\/<\/a><\/li>\n\n\n\n<li><a href=\"https:\/\/www.lavoz.com.ar\/sucesos\/el-gobierno-nacional-oficializo-la-suba-de-las-retenciones-a-la-soja-y-al-maiz\/\">https:\/\/www.lavoz.com.ar\/sucesos\/el-gobierno-nacional-oficializo-la-suba-de-las-retenciones-a-la-soja-y-al-maiz\/<\/a><\/li>\n<\/ul>\n","protected":false},"excerpt":{"rendered":"<p>Retenciones recargadas: el campo le marca el l\u00edmite a Milei y la paciencia se agota. La tensi\u00f3n crece en las rutas y en los mercados, mientras el relato oficial tambalea bajo la presi\u00f3n de las cuentas fiscales. Javier Milei prometi\u00f3 \u201cmotosierra\u201d y libertad, pero su decisi\u00f3n de volver a aumentar las retenciones asest\u00f3 un golpe&#8230;<\/p>\n","protected":false},"author":1,"featured_media":5686,"comment_status":"open","ping_status":"open","sticky":false,"template":"","format":"standard","meta":{"_monsterinsights_skip_tracking":false,"_monsterinsights_sitenote_active":false,"_monsterinsights_sitenote_note":"","_monsterinsights_sitenote_category":0,"footnotes":"","jetpack_publicize_message":"","jetpack_publicize_feature_enabled":true,"jetpack_social_post_already_shared":true,"jetpack_social_options":{"image_generator_settings":{"template":"highway","default_image_id":0,"font":"","enabled":false},"version":2}},"categories":[3],"tags":[54,45,1836],"class_list":["post-5685","post","type-post","status-publish","format-standard","has-post-thumbnail","hentry","category-economia","tag-campo","tag-milei","tag-retenciiones"],"jetpack_publicize_connections":[],"_links":{"self":[{"href":"https:\/\/www.enorsai.com\/noticias\/wp-json\/wp\/v2\/posts\/5685","targetHints":{"allow":["GET"]}}],"collection":[{"href":"https:\/\/www.enorsai.com\/noticias\/wp-json\/wp\/v2\/posts"}],"about":[{"href":"https:\/\/www.enorsai.com\/noticias\/wp-json\/wp\/v2\/types\/post"}],"author":[{"embeddable":true,"href":"https:\/\/www.enorsai.com\/noticias\/wp-json\/wp\/v2\/users\/1"}],"replies":[{"embeddable":true,"href":"https:\/\/www.enorsai.com\/noticias\/wp-json\/wp\/v2\/comments?post=5685"}],"version-history":[{"count":1,"href":"https:\/\/www.enorsai.com\/noticias\/wp-json\/wp\/v2\/posts\/5685\/revisions"}],"predecessor-version":[{"id":5687,"href":"https:\/\/www.enorsai.com\/noticias\/wp-json\/wp\/v2\/posts\/5685\/revisions\/5687"}],"wp:featuredmedia":[{"embeddable":true,"href":"https:\/\/www.enorsai.com\/noticias\/wp-json\/wp\/v2\/media\/5686"}],"wp:attachment":[{"href":"https:\/\/www.enorsai.com\/noticias\/wp-json\/wp\/v2\/media?parent=5685"}],"wp:term":[{"taxonomy":"category","embeddable":true,"href":"https:\/\/www.enorsai.com\/noticias\/wp-json\/wp\/v2\/categories?post=5685"},{"taxonomy":"post_tag","embeddable":true,"href":"https:\/\/www.enorsai.com\/noticias\/wp-json\/wp\/v2\/tags?post=5685"}],"curies":[{"name":"wp","href":"https:\/\/api.w.org\/{rel}","templated":true}]}}