{"id":5672,"date":"2025-06-27T06:05:35","date_gmt":"2025-06-27T09:05:35","guid":{"rendered":"https:\/\/www.enorsai.com\/noticias\/?p=5672"},"modified":"2025-06-27T06:05:35","modified_gmt":"2025-06-27T09:05:35","slug":"patetico-y-decadente-discurso-de-milei-en-un-congreso-de-la-libertad-avanza-lleno-de-insultos-y-vacio-de-propuestas","status":"publish","type":"post","link":"https:\/\/www.enorsai.com\/noticias\/politica\/patetico-y-decadente-discurso-de-milei-en-un-congreso-de-la-libertad-avanza-lleno-de-insultos-y-vacio-de-propuestas\/","title":{"rendered":"Pat\u00e9tico y decadente discurso de Milei en un congreso de La Libertad Avanza lleno de insultos y vac\u00edo de propuestas"},"content":{"rendered":"\n<p><strong><em>En un acto cargado de exabruptos y show pol\u00edtico, Javier Milei volvi\u00f3 a usar la tribuna para dinamitar al gobernador Axel Kicillof, ensayar su campa\u00f1a bonaerense y demostrar que, para \u00e9l, la pol\u00edtica se construye con enemigos y no con consensos.<\/em><\/strong><\/p>\n\n\n\n<p>El Congreso de La Libertad Avanza en La Plata se convirti\u00f3 en escenario de una feroz descarga presidencial: insultos, amenazas pol\u00edticas y el canto de una militancia encendida dibujaron un clima m\u00e1s de ring que de Rep\u00fablica. Mientras Milei busca ampliar su poder en la provincia de Buenos Aires, sus ataques a Kicillof y sus diatribas contra \u201clos zurdos\u201d siembran la duda sobre los l\u00edmites de la ret\u00f3rica libertaria y sobre el verdadero proyecto que encierra su cruzada.<\/p>\n\n\n\n<p>La escena tuvo ribetes casi cinematogr\u00e1ficos: Javier Milei, subido al escenario montado en el microestadio de Atenas, en La Plata, arremeti\u00f3 con furia verbal contra Axel Kicillof, a quien dedic\u00f3 nada menos que doce insultos, cada cual m\u00e1s hiriente. \u201cEs un enano comunista, zurdo, hijo de puta, ladr\u00f3n y corrupto\u201d, dispar\u00f3, entre otras lindezas, el presidente que asegura defender la libertad mientras se complace en el agravio p\u00fablico.<\/p>\n\n\n\n<p>Si algo queda claro tras el Congreso de La Libertad Avanza celebrado en tierras bonaerenses es que Milei no piensa gobernar desde el equilibrio ni el respeto institucional. Prefiere la dinamita al di\u00e1logo, el golpe de efecto al debate democr\u00e1tico. Su discurso, plagado de furia, parece dise\u00f1ado m\u00e1s para incendiar las redes sociales y alimentar a la tropa militante que para tejer consensos que permitan resolver el drama econ\u00f3mico y social que sacude a la Argentina. Y aunque nadie se asombra ya de su estilo provocador, el crescendo de sus exabruptos sigue marcando nuevos pisos de agresividad, incluso para sus propios est\u00e1ndares.<\/p>\n\n\n\n<p>A la militancia libertaria que colm\u00f3 el estadio platense poco le importaron las formas. Cada insulto a Kicillof fue vitoreado como si se tratara de goles en una final. Hubo aplausos y c\u00e1nticos, donde se escuch\u00f3 una y otra vez el ya cl\u00e1sico \u201c\u00a1La casta tiene miedo!\u201d, convertido en mantra de una \u00e9pica libertaria que Milei necesita mantener viva para sostener su poder. Porque detr\u00e1s de la furia presidencial hay un c\u00e1lculo pol\u00edtico: mantener la polarizaci\u00f3n, apuntar a Kicillof como enemigo n\u00famero uno en la provincia de Buenos Aires y preparar el terreno para las elecciones legislativas de 2025.<\/p>\n\n\n\n<figure class=\"wp-block-image size-large\"><img loading=\"lazy\" decoding=\"async\" width=\"1024\" height=\"577\" src=\"https:\/\/www.enorsai.com\/noticias\/wp-content\/uploads\/2025\/06\/EnOrsai-14-1024x577.png\" alt=\"\" class=\"wp-image-5674\" srcset=\"https:\/\/www.enorsai.com\/noticias\/wp-content\/uploads\/2025\/06\/EnOrsai-14-1024x577.png 1024w, https:\/\/www.enorsai.com\/noticias\/wp-content\/uploads\/2025\/06\/EnOrsai-14-300x169.png 300w, https:\/\/www.enorsai.com\/noticias\/wp-content\/uploads\/2025\/06\/EnOrsai-14-768x433.png 768w, https:\/\/www.enorsai.com\/noticias\/wp-content\/uploads\/2025\/06\/EnOrsai-14-1536x865.png 1536w, https:\/\/www.enorsai.com\/noticias\/wp-content\/uploads\/2025\/06\/EnOrsai-14.png 1640w\" sizes=\"auto, (max-width: 1024px) 100vw, 1024px\" \/><\/figure>\n\n\n\n<p>No fue casualidad que Milei eligiera La Plata para su desembarco bonaerense. Como se\u00f1ala Perfil, el mandatario busca posicionarse en el basti\u00f3n peronista por excelencia, el territorio donde el kirchnerismo y Kicillof siguen siendo fuertes. All\u00ed, rodeado de banderas violetas y de la liturgia libertaria, Milei quiso marcar territorio. Y lo hizo a su estilo: con gritos, insultos y la construcci\u00f3n de un relato en el que \u00e9l es un gladiador contra \u201clos corruptos, los zurdos, los ladrones\u201d y todos aquellos que no comulgan con su dogma ultraliberal.<\/p>\n\n\n\n<p>Sin embargo, su ofensiva dej\u00f3 al descubierto algo m\u00e1s profundo. Porque, si bien el show puede encender pasiones, tambi\u00e9n revela una estrategia peligrosa: gobernar a base de enemigos. Milei necesita enemigos permanentes para seguir siendo el outsider, el rebelde, el que no se deja domesticar por \u201cla casta\u201d. Y Kicillof, con su impronta progresista y su buena performance en las \u00faltimas elecciones bonaerenses, le resulta perfecto para ese papel. Es el antagonista ideal sobre el que el Presidente puede descargar su ret\u00f3rica violenta, que en el acto del Atenas alcanz\u00f3 niveles tan vulgares como alarmantes.<\/p>\n\n\n\n<p>Las cr\u00f3nicas de La Voz y Misiones Online coinciden en describir un evento m\u00e1s propio de un mitin de barricada que de un presidente en ejercicio. Entre luces, banderas y un p\u00fablico que saltaba al ritmo de las arengas, Milei insisti\u00f3 en que \u201cla batalla cultural\u201d es la prioridad de su gesti\u00f3n, mientras su gobierno lidia con \u00edndices de pobreza que trepan por encima del 55% y una recesi\u00f3n que se profundiza cada semana. Es como si, en medio de un incendio, el presidente prefiriera avivar las llamas en lugar de buscar agua.<\/p>\n\n\n\n<p>A lo largo del acto, Milei se refiri\u00f3 a Kicillof como \u201cel enano comunista\u201d, \u201cun ladr\u00f3n\u201d, \u201cel kirchnerista zurdo\u201d, \u201cel hijo de puta\u201d y \u201ccorrupto\u201d. Doce veces lo insult\u00f3, contadas y enumeradas. Nadie lo interrumpi\u00f3. Nadie del c\u00edrculo libertario \u2014ni diputados, ni funcionarios, ni la vicepresidenta Victoria Villarruel\u2014 se atrevi\u00f3 a ponerle freno. Por el contrario, las caras conocidas del espacio, como Carolina P\u00edparo y Guillermo Montenegro, acompa\u00f1aron el show como si fuera la versi\u00f3n m\u00e1s normal del ejercicio presidencial. Es imposible no preguntarse si este es el tono que Milei planea sostener por cuatro a\u00f1os o si, en alg\u00fan momento, descubrir\u00e1 que gobernar no es exactamente hacer stand up pol\u00edtico.<\/p>\n\n\n\n<figure class=\"wp-block-image size-large\"><img loading=\"lazy\" decoding=\"async\" width=\"1024\" height=\"577\" src=\"https:\/\/www.enorsai.com\/noticias\/wp-content\/uploads\/2025\/06\/EnOrsai-15-1024x577.png\" alt=\"\" class=\"wp-image-5675\" srcset=\"https:\/\/www.enorsai.com\/noticias\/wp-content\/uploads\/2025\/06\/EnOrsai-15-1024x577.png 1024w, https:\/\/www.enorsai.com\/noticias\/wp-content\/uploads\/2025\/06\/EnOrsai-15-300x169.png 300w, https:\/\/www.enorsai.com\/noticias\/wp-content\/uploads\/2025\/06\/EnOrsai-15-768x433.png 768w, https:\/\/www.enorsai.com\/noticias\/wp-content\/uploads\/2025\/06\/EnOrsai-15-1536x865.png 1536w, https:\/\/www.enorsai.com\/noticias\/wp-content\/uploads\/2025\/06\/EnOrsai-15.png 1640w\" sizes=\"auto, (max-width: 1024px) 100vw, 1024px\" \/><\/figure>\n\n\n\n<p>Mientras tanto, el gobernador Axel Kicillof se convirti\u00f3 en el blanco privilegiado de los ataques, pero tambi\u00e9n en una pieza clave en el tablero de Milei. La disputa entre ambos es, en realidad, una batalla por el control de la narrativa pol\u00edtica bonaerense, la provincia que define cualquier elecci\u00f3n nacional. En el fondo, Milei no solo busca doblegar a Kicillof, sino apropiarse de la bandera anti-kirchnerista para monopolizarla. Quiere que su figura sea la \u00fanica capaz de encarnar el rechazo al peronismo, al progresismo y a todo lo que no sea su evangelio ultraliberal.<\/p>\n\n\n\n<p>Ahora bien, la pregunta que sobrevuela, m\u00e1s all\u00e1 del show, es si la sociedad argentina est\u00e1 dispuesta a tolerar un liderazgo que s\u00f3lo ofrece bronca y desprecio. Porque, aunque Milei parece convencido de que los insultos construyen poder, el pa\u00eds se desangra en problemas bien concretos: salarios pulverizados, pobreza en ascenso, industria paralizada, tensi\u00f3n social al l\u00edmite. En ese contexto, los exabruptos presidenciales resultan no solo un espect\u00e1culo vulgar sino peligrosamente distractivo.<\/p>\n\n\n\n<p>Claro que, para Milei, todo esto es parte de su \u201cbatalla cultural\u201d. Insiste en que el enemigo es \u201cel socialismo\u201d, \u201cel comunismo\u201d, \u201clos zurdos\u201d y \u201clos chorros\u201d. Lo repite hasta el cansancio, convencido de que mientras mantenga viva esa narrativa de guerra podr\u00e1 mantenerse a flote, aunque su gobierno acumule indicadores econ\u00f3micos que har\u00edan temblar a cualquier administraci\u00f3n. Pero gobernar no es solo gritar en un escenario. Y mientras Milei siga encerrado en su propio ring de insultos, la realidad golpea cada vez m\u00e1s duro las puertas de la Argentina.<\/p>\n\n\n\n<p>El acto de La Plata fue el ensayo general de una estrategia: convertir la pol\u00edtica en un combate cuerpo a cuerpo. A veces con argumentos, casi siempre con furia. Pero si algo demuestra el hurac\u00e1n Milei es que detr\u00e1s de tanto estruendo se esconde la fragilidad de un gobierno que todav\u00eda no encontr\u00f3 c\u00f3mo transformar la \u00e9pica libertaria en soluciones reales.<\/p>\n\n\n\n<p>Fuente:<\/p>\n\n\n\n<ul class=\"wp-block-list\">\n<li><a href=\"https:\/\/www.lavoz.com.ar\/politica\/los-12-insultos-de-milei-a-kicillof-en-el-congreso-de-la-libertad-avanza-en-la-plata\/\">https:\/\/www.lavoz.com.ar\/politica\/los-12-insultos-de-milei-a-kicillof-en-el-congreso-de-la-libertad-avanza-en-la-plata\/<\/a><\/li>\n\n\n\n<li><a href=\"https:\/\/www.perfil.com\/noticias\/politica\/en-vivo-javier-milei-debuta-hoy-en-campana-bonaerense-con-acto-en-la-plata.phtml\">https:\/\/www.perfil.com\/noticias\/politica\/en-vivo-javier-milei-debuta-hoy-en-campana-bonaerense-con-acto-en-la-plata.phtml<\/a><\/li>\n\n\n\n<li><a href=\"https:\/\/misionesonline.net\/2025\/06\/26\/milei-congreso-de-la-libertad-avanza-en-la-plata\/\">https:\/\/misionesonline.net\/2025\/06\/26\/milei-congreso-de-la-libertad-avanza-en-la-plata\/<\/a><\/li>\n<\/ul>\n","protected":false},"excerpt":{"rendered":"<p>Javier Milei convirti\u00f3 el Congreso de La Libertad Avanza en La Plata en un ring pol\u00edtico, desatando doce insultos contra Axel Kicillof y consolidando su estrategia de gobernar a base de enemigos. Mientras la crisis se profundiza, su ret\u00f3rica furiosa deja m\u00e1s dudas que certezas sobre el rumbo del pa\u00eds.<\/p>\n","protected":false},"author":9,"featured_media":5673,"comment_status":"open","ping_status":"open","sticky":false,"template":"","format":"standard","meta":{"_monsterinsights_skip_tracking":false,"_monsterinsights_sitenote_active":false,"_monsterinsights_sitenote_note":"","_monsterinsights_sitenote_category":0,"footnotes":"","jetpack_publicize_message":"\ud83d\udd25 Javier Milei estall\u00f3 en La Plata contra Kicillof con una lluvia de insultos. \u00bfShow o estrategia de poder? Mientras tanto, la crisis sigue golpeando a la Argentina. Le\u00e9 nuestra nota y contanos qu\u00e9 pens\u00e1s. #LaCastaTieneMiedo","jetpack_publicize_feature_enabled":true,"jetpack_social_post_already_shared":false,"jetpack_social_options":{"image_generator_settings":{"template":"highway","default_image_id":0,"enabled":false},"version":2}},"categories":[2],"tags":[93,776,43,190,27,1834,104,605,45,72],"class_list":["post-5672","post","type-post","status-publish","format-standard","has-post-thumbnail","hentry","category-politica","tag-argentina","tag-buenos-aires","tag-crisis","tag-elecciones","tag-gobierno","tag-insultos","tag-kicillof","tag-libertarios","tag-milei","tag-politica"],"jetpack_publicize_connections":[],"_links":{"self":[{"href":"https:\/\/www.enorsai.com\/noticias\/wp-json\/wp\/v2\/posts\/5672","targetHints":{"allow":["GET"]}}],"collection":[{"href":"https:\/\/www.enorsai.com\/noticias\/wp-json\/wp\/v2\/posts"}],"about":[{"href":"https:\/\/www.enorsai.com\/noticias\/wp-json\/wp\/v2\/types\/post"}],"author":[{"embeddable":true,"href":"https:\/\/www.enorsai.com\/noticias\/wp-json\/wp\/v2\/users\/9"}],"replies":[{"embeddable":true,"href":"https:\/\/www.enorsai.com\/noticias\/wp-json\/wp\/v2\/comments?post=5672"}],"version-history":[{"count":1,"href":"https:\/\/www.enorsai.com\/noticias\/wp-json\/wp\/v2\/posts\/5672\/revisions"}],"predecessor-version":[{"id":5676,"href":"https:\/\/www.enorsai.com\/noticias\/wp-json\/wp\/v2\/posts\/5672\/revisions\/5676"}],"wp:featuredmedia":[{"embeddable":true,"href":"https:\/\/www.enorsai.com\/noticias\/wp-json\/wp\/v2\/media\/5673"}],"wp:attachment":[{"href":"https:\/\/www.enorsai.com\/noticias\/wp-json\/wp\/v2\/media?parent=5672"}],"wp:term":[{"taxonomy":"category","embeddable":true,"href":"https:\/\/www.enorsai.com\/noticias\/wp-json\/wp\/v2\/categories?post=5672"},{"taxonomy":"post_tag","embeddable":true,"href":"https:\/\/www.enorsai.com\/noticias\/wp-json\/wp\/v2\/tags?post=5672"}],"curies":[{"name":"wp","href":"https:\/\/api.w.org\/{rel}","templated":true}]}}