{"id":5665,"date":"2025-06-26T21:28:25","date_gmt":"2025-06-27T00:28:25","guid":{"rendered":"http:\/\/www.enorsai.com\/noticias\/?p=5665"},"modified":"2025-06-26T21:28:25","modified_gmt":"2025-06-27T00:28:25","slug":"francos-en-fuga-el-dia-que-al-jefe-de-gabinete-lo-llamaron-mentiroso-y-salio-corriendo-del-senado","status":"publish","type":"post","link":"https:\/\/www.enorsai.com\/noticias\/politica\/francos-en-fuga-el-dia-que-al-jefe-de-gabinete-lo-llamaron-mentiroso-y-salio-corriendo-del-senado\/","title":{"rendered":"Francos, en fuga: El d\u00eda que al jefe de Gabinete lo llamaron \u201cmentiroso\u201d y sali\u00f3 corriendo del Senado"},"content":{"rendered":"\n<p><strong><em>Guillermo Francos ingres\u00f3 al Senado para defender la gesti\u00f3n libertaria y termin\u00f3 escapando entre gritos, con el rostro endurecido, sin respuestas ni estrategia. Lo llamaron \u201cmentiroso\u201d, y en vez de sostener la mirada, opt\u00f3 por la retirada. El episodio, tan breve como explosivo, expone la fragilidad discursiva y pol\u00edtica de un gobierno que se vanagloria de su frontalidad pero que no resiste el m\u00e1s m\u00ednimo cuestionamiento institucional.<\/em><\/strong><\/p>\n\n\n\n<h3 class=\"wp-block-heading\"><strong>Cr\u00f3nica de un papel\u00f3n anunciado<\/strong><\/h3>\n\n\n\n<p>Si algo se le reconoce a Guillermo Francos \u2014el ahora todopoderoso jefe de Gabinete de Javier Milei\u2014 es su estilo calmo, esa apariencia de hombre moderado capaz de surfear tormentas pol\u00edticas con el ce\u00f1o apenas fruncido. Pero ni su porte de diplom\u00e1tico ni su veteran\u00eda de gestor lo salvaron esta vez. Lo que se vivi\u00f3 en el Senado no fue una simple \u201csalida intempestiva\u201d sino un papel\u00f3n con todas las letras, registrado por cada c\u00e1mara de televisi\u00f3n, viralizado en redes sociales y convertido en s\u00edntoma crudo de la orfandad pol\u00edtica de La Libertad Avanza.<\/p>\n\n\n\n<p>El episodio tiene fecha precisa: jueves 26 de junio. Francos hab\u00eda sido convocado al recinto para dar explicaciones sobre los m\u00faltiples decretos de necesidad y urgencia \u2014esos DNU que el Presidente Javier Milei emite como si fuesen tuits de madrugada\u2014 y sobre el paquete de leyes de la famosa Ley Bases, cuya suerte a\u00fan pende de un hilo. La sesi\u00f3n promet\u00eda ser \u00e1spera, pero nadie esperaba que terminara en un portazo literal.<\/p>\n\n\n\n<p>Todo se desbarranc\u00f3 cuando la senadora peronista Anabel Fern\u00e1ndez Sagasti, sin rodeos ni eufemismos, acus\u00f3 a Francos de \u201cmentir\u201d. El cruce fue directo, con Sagasti elevando la voz y sacudiendo con dureza la l\u00ednea de flotaci\u00f3n del funcionario. El jefe de Gabinete, acostumbrado a imponer su tono conciliador para sortear cualquier tempestad, qued\u00f3 mudo. Su lenguaje corporal lo delat\u00f3: se lade\u00f3 en su silla, mir\u00f3 hacia los costados, balbuce\u00f3 algo irreproducible y, de pronto, decidi\u00f3 pararse y abandonar el sal\u00f3n. Fue una huida lisa y llana, en medio de murmullos, chiflidos y la perplejidad de propios y ajenos.<\/p>\n\n\n\n<p>La secuencia qued\u00f3 registrada en un video que se volvi\u00f3 furor en redes. All\u00ed se ve a Francos, traje gris y papeles en mano, alejarse del micr\u00f3fono mientras Sagasti sigue reclam\u00e1ndole, sin que el oficialismo pudiera contener el caos. \u201cMentiroso\u201d no es cualquier insulto. Es el tipo de calificativo que, en el Congreso, implica mucho m\u00e1s que un exabrupto: es la imputaci\u00f3n directa de falsear datos, de manipular cifras o de esconder la verdad deliberadamente. Y eso, en tiempos de Milei, suena todav\u00eda m\u00e1s grave, porque atenta contra la bandera moral con la que el gobierno libertario se pretende vestir: la supuesta lucha contra la \u201ccasta\u201d y contra la mentira.<\/p>\n\n\n\n<figure class=\"wp-block-embed is-type-rich is-provider-twitter wp-block-embed-twitter\"><div class=\"wp-block-embed__wrapper\">\n<blockquote class=\"twitter-tweet\" data-width=\"550\" data-dnt=\"true\"><p lang=\"es\" dir=\"ltr\">Le dijeron mentiroso al mentiroso de Francos y el chab\u00f3n se fue en medio de la sesi\u00f3n en la que ten\u00eda que responder por la gesti\u00f3n desastrosa y mentirosa del gobierno <a href=\"https:\/\/t.co\/cj95coLtsP\">pic.twitter.com\/cj95coLtsP<\/a><\/p>&mdash; Cristian Cimminelli (@cristiancim) <a href=\"https:\/\/twitter.com\/cristiancim\/status\/1938310267860844972?ref_src=twsrc%5Etfw\">June 26, 2025<\/a><\/blockquote><script async src=\"https:\/\/platform.twitter.com\/widgets.js\" charset=\"utf-8\"><\/script>\n<\/div><\/figure>\n\n\n\n<h3 class=\"wp-block-heading\"><strong>La mentira como eje del enfrentamiento<\/strong><\/h3>\n\n\n\n<p>Para entender por qu\u00e9 el episodio estall\u00f3, hay que reconstruir el contexto. Seg\u00fan se desprende de las cr\u00f3nicas parlamentarias, Francos estaba intentando defender el nuevo reparto de partidas presupuestarias y justificar el dr\u00e1stico ajuste que la gesti\u00f3n Milei viene aplicando sobre provincias, universidades, jubilaciones y organismos del Estado. La oposici\u00f3n, sobre todo el bloque peronista, ven\u00eda acumulando malestar por la ret\u00f3rica oficial que niega los recortes mientras la realidad los grita en la calle.<\/p>\n\n\n\n<p>En particular, Fern\u00e1ndez Sagasti lo cruz\u00f3 por los fondos universitarios. Francos hab\u00eda sostenido que el Gobierno estaba girando dinero suficiente para el funcionamiento de las universidades, pero la senadora mendocina le retruc\u00f3 con cifras concretas que desmienten esa versi\u00f3n. All\u00ed naci\u00f3 la acusaci\u00f3n de \u201cmentiroso\u201d, t\u00e9rmino que Francos no supo, o no quiso, refutar.<\/p>\n\n\n\n<p>La Naci\u00f3n lo describi\u00f3 como un \u201cclima tenso\u201d, pero lo cierto es que el episodio excede la tensi\u00f3n parlamentaria habitual. Fue un quiebre. Francos, el supuesto h\u00e1bil negociador, se qued\u00f3 sin relato. Opt\u00f3 por la fuga antes que por el debate. \u00bfC\u00f3mo puede alguien que ocupa el cargo m\u00e1s estrat\u00e9gico del gabinete, que se presenta como el operador pol\u00edtico por excelencia, no tener respuesta ante un cuestionamiento previsible? Esa es la pregunta que retumba despu\u00e9s de su salida.<\/p>\n\n\n\n<p>Porque no se trat\u00f3, como intentaron minimizar desde el oficialismo, de un \u201cmalentendido\u201d o de un \u201ccalor del debate\u201d. El punto es que el gobierno de Javier Milei se ha convertido en una m\u00e1quina de negar lo evidente. Y cuando alguien en el Congreso les pone cifras y nombres sobre la mesa, la reacci\u00f3n es el portazo.<\/p>\n\n\n\n<h3 class=\"wp-block-heading\"><strong>El Gobierno de Milei y la intolerancia a la interpelaci\u00f3n<\/strong><\/h3>\n\n\n\n<p>M\u00e1s all\u00e1 de Francos, lo ocurrido deja al descubierto algo m\u00e1s profundo: la incomodidad del Gobierno de Milei ante cualquier instancia institucional de control. Desde que asumi\u00f3, el Presidente se ha mostrado abiertamente hostil hacia el Congreso, calific\u00e1ndolo de \u201cnido de ratas\u201d y acus\u00e1ndolo de frenar su proyecto refundacional. El episodio de Francos es apenas la versi\u00f3n personificada de esa misma l\u00f3gica: en lugar de defender con argumentos, el Gobierno prefiere retirarse o, directamente, desprestigiar al que pregunta.<\/p>\n\n\n\n<p>Francos, que hasta ahora ven\u00eda siendo el hombre con mejores modales del gabinete, termin\u00f3 cayendo en la misma trampa discursiva. Su silencio ante el se\u00f1alamiento de Sagasti no fue s\u00f3lo la se\u00f1al de un mal momento personal: fue el s\u00edmbolo de un gobierno que no tolera la m\u00e1s m\u00ednima interpelaci\u00f3n. Y es, tambi\u00e9n, la confirmaci\u00f3n de que el relato libertario \u2014ese que se llena la boca hablando de \u201clibertad de expresi\u00f3n\u201d y de \u201cdatos objetivos\u201d\u2014 empieza a hacer agua cuando es confrontado con cifras reales o con testimonios que contradicen sus afirmaciones.<\/p>\n\n\n\n<p>En los pasillos del Congreso, el comentario generalizado es que la escena de Francos se convirti\u00f3 en una met\u00e1fora de la soledad pol\u00edtica del Gobierno. Ning\u00fan senador oficialista logr\u00f3 apagar el incendio ni sali\u00f3 en defensa efectiva de su jefe de Gabinete. La sesi\u00f3n se reanud\u00f3 con un clima denso, mientras algunos legisladores se preguntaban si lo ocurrido podr\u00eda profundizar el naufragio de la Ley Bases. Porque, si el principal vocero pol\u00edtico de Milei huye ante un debate parlamentario, \u00bfqu\u00e9 margen de negociaci\u00f3n real le queda al Ejecutivo?<\/p>\n\n\n\n<h3 class=\"wp-block-heading\"><strong>El factor redes y la grieta libertaria<\/strong><\/h3>\n\n\n\n<p>Infobae, que recogi\u00f3 el video del momento exacto de la retirada, subraya c\u00f3mo las im\u00e1genes se viralizaron en redes sociales con velocidad furiosa. Y no s\u00f3lo en las cuentas opositoras. Incluso simpatizantes libertarios quedaron en shock. Algunos reconocieron que fue \u201cuna escena lamentable\u201d. Otros, m\u00e1s duros, se preguntaron si Francos es realmente \u201cel hombre de la mu\u00f1eca pol\u00edtica\u201d que necesita Milei para sostener su endeble andamiaje parlamentario.<\/p>\n\n\n\n<p>Porque si algo ha caracterizado a este Gobierno es la construcci\u00f3n de \u00e9pica digital. El problema es que, as\u00ed como las redes pueden inflar l\u00edderes, tambi\u00e9n pueden devorarlos en cuesti\u00f3n de horas. Y la huida de Francos es carne perfecta para la trituradora de la viralidad.<\/p>\n\n\n\n<p>Es cierto que Francos regres\u00f3 m\u00e1s tarde, como consigna La Naci\u00f3n, y volvi\u00f3 a sentarse para escuchar el cierre de la sesi\u00f3n. Pero ya era tarde. El da\u00f1o estaba hecho. Su imagen qued\u00f3 herida, su autoridad resentida y el Gobierno de Milei expuesto como un elenco que s\u00f3lo se banca el aplauso propio, pero se desarma cuando alguien les grita \u201cmentirosos\u201d en la cara.<\/p>\n\n\n\n<h3 class=\"wp-block-heading\"><strong>Una muestra del l\u00edmite libertario<\/strong><\/h3>\n\n\n\n<p>El affaire Francos es, en definitiva, la prueba de que la ret\u00f3rica libertaria est\u00e1 chocando con la pared de la realidad. Mientras el Gobierno sostiene discursos altisonantes sobre el fin de los privilegios y el ajuste necesario, millones de argentinos sienten en carne viva las consecuencias de ese ajuste: universidades desfinanciadas, provincias al borde de la quiebra, jubilaciones pulverizadas. Y cuando alguien exige explicaciones, la respuesta oficial es escapar.<\/p>\n\n\n\n<p>No es casual que haya sido Francos quien protagonizara este momento. \u00c9l, que parec\u00eda la pieza m\u00e1s s\u00f3lida del engranaje mile\u00edsta, qued\u00f3 en evidencia. Su silencio ante el se\u00f1alamiento de Sagasti es mucho m\u00e1s que un instante inc\u00f3modo: es la fotograf\u00eda de un gobierno que se autoproclama valiente, pero que, a la hora de rendir cuentas, elige la fuga.<\/p>\n\n\n\n<p>El episodio del Senado se transform\u00f3 en una s\u00edntesis brutal del l\u00edmite libertario: la libertad de hablar se termina cuando hay que escuchar. Y el verso de la verdad termina, inevitablemente, tropezando con la realidad. Francos, que entr\u00f3 al Congreso para defender a Milei, sali\u00f3 de ah\u00ed corriendo. Y el gobierno, que presume de coraje, qued\u00f3 desnudo ante el peor calificativo en pol\u00edtica: mentiroso.<\/p>\n\n\n\n<p>Fuentes:<\/p>\n\n\n\n<ul class=\"wp-block-list\">\n<li><a href=\"https:\/\/www.ambito.com\/politica\/escandalo-el-momento-que-guillermo-francos-se-retira-del-senado-ser-tildado-mentiroso-n6160855\n\n\nhttps:\/\/www.lanacion.com.ar\/politica\/por-que-guillermo-francos-levanto-su-exposicion-en-el-senado-nid26062025\/\n\n\nhttps:\/\/www.infobae.com\/politica\/2025\/06\/26\/video-asi-fue-el-momento-en-el-que-guillermo-francos-abandono-el-senado-luego-que-una-senadora-lo-llame-mentiroso\/\">https:\/\/www.ambito.com\/politica\/escandalo-el-momento-que-guillermo-francos-se-retira-del-senado-ser-tildado-mentiroso-n6160855<\/a><\/li>\n\n\n\n<li><a href=\"https:\/\/www.ambito.com\/politica\/escandalo-el-momento-que-guillermo-francos-se-retira-del-senado-ser-tildado-mentiroso-n6160855\n\n\nhttps:\/\/www.lanacion.com.ar\/politica\/por-que-guillermo-francos-levanto-su-exposicion-en-el-senado-nid26062025\/\n\n\nhttps:\/\/www.infobae.com\/politica\/2025\/06\/26\/video-asi-fue-el-momento-en-el-que-guillermo-francos-abandono-el-senado-luego-que-una-senadora-lo-llame-mentiroso\/\">https:\/\/www.lanacion.com.ar\/politica\/por-que-guillermo-francos-levanto-su-exposicion-en-el-senado-nid26062025\/<\/a><\/li>\n\n\n\n<li><a href=\"https:\/\/www.ambito.com\/politica\/escandalo-el-momento-que-guillermo-francos-se-retira-del-senado-ser-tildado-mentiroso-n6160855\n\n\nhttps:\/\/www.lanacion.com.ar\/politica\/por-que-guillermo-francos-levanto-su-exposicion-en-el-senado-nid26062025\/\n\n\nhttps:\/\/www.infobae.com\/politica\/2025\/06\/26\/video-asi-fue-el-momento-en-el-que-guillermo-francos-abandono-el-senado-luego-que-una-senadora-lo-llame-mentiroso\/\">https:\/\/www.infobae.com\/politica\/2025\/06\/26\/video-asi-fue-el-momento-en-el-que-guillermo-francos-abandono-el-senado-luego-que-una-senadora-lo-llame-mentiroso\/<\/a><\/li>\n<\/ul>\n","protected":false},"excerpt":{"rendered":"<p>Guillermo Francos, jefe de Gabinete de Milei, huy\u00f3 del Senado tras ser llamado \u201cmentiroso\u201d por Anabel Fern\u00e1ndez Sagasti. Su abrupta retirada dej\u00f3 al descubierto la fragilidad pol\u00edtica del oficialismo, incapaz de responder ante datos duros sobre el ajuste. Un episodio que expone el l\u00edmite de la ret\u00f3rica libertaria.<\/p>\n","protected":false},"author":1,"featured_media":5666,"comment_status":"open","ping_status":"open","sticky":false,"template":"","format":"standard","meta":{"_monsterinsights_skip_tracking":false,"_monsterinsights_sitenote_active":false,"_monsterinsights_sitenote_note":"","_monsterinsights_sitenote_category":0,"footnotes":"","jetpack_publicize_message":"\ud83d\udd25 \u00a1Esc\u00e1ndalo en el Senado! Francos, el hombre fuerte de Milei, se levant\u00f3 y se fue tras ser llamado \u201cmentiroso\u201d. \u00bfGobierno sin respuestas o simple show? Enterate por qu\u00e9 este episodio sacude los cimientos libertarios. Le\u00e9 la nota completa y contanos qu\u00e9 opin\u00e1s. #PeriodismoSinFiltro","jetpack_publicize_feature_enabled":true,"jetpack_social_post_already_shared":false,"jetpack_social_options":{"image_generator_settings":{"template":"highway","default_image_id":0,"enabled":false},"version":2}},"categories":[2],"tags":[58,257,630,1348,27,1832,45,985,72,647],"class_list":["post-5665","post","type-post","status-publish","format-standard","has-post-thumbnail","hentry","category-politica","tag-ajuste","tag-congreso","tag-escandalo","tag-francos","tag-gobierno","tag-mentiroso","tag-milei","tag-oposicion","tag-politica","tag-senado"],"jetpack_publicize_connections":[],"_links":{"self":[{"href":"https:\/\/www.enorsai.com\/noticias\/wp-json\/wp\/v2\/posts\/5665","targetHints":{"allow":["GET"]}}],"collection":[{"href":"https:\/\/www.enorsai.com\/noticias\/wp-json\/wp\/v2\/posts"}],"about":[{"href":"https:\/\/www.enorsai.com\/noticias\/wp-json\/wp\/v2\/types\/post"}],"author":[{"embeddable":true,"href":"https:\/\/www.enorsai.com\/noticias\/wp-json\/wp\/v2\/users\/1"}],"replies":[{"embeddable":true,"href":"https:\/\/www.enorsai.com\/noticias\/wp-json\/wp\/v2\/comments?post=5665"}],"version-history":[{"count":1,"href":"https:\/\/www.enorsai.com\/noticias\/wp-json\/wp\/v2\/posts\/5665\/revisions"}],"predecessor-version":[{"id":5667,"href":"https:\/\/www.enorsai.com\/noticias\/wp-json\/wp\/v2\/posts\/5665\/revisions\/5667"}],"wp:featuredmedia":[{"embeddable":true,"href":"https:\/\/www.enorsai.com\/noticias\/wp-json\/wp\/v2\/media\/5666"}],"wp:attachment":[{"href":"https:\/\/www.enorsai.com\/noticias\/wp-json\/wp\/v2\/media?parent=5665"}],"wp:term":[{"taxonomy":"category","embeddable":true,"href":"https:\/\/www.enorsai.com\/noticias\/wp-json\/wp\/v2\/categories?post=5665"},{"taxonomy":"post_tag","embeddable":true,"href":"https:\/\/www.enorsai.com\/noticias\/wp-json\/wp\/v2\/tags?post=5665"}],"curies":[{"name":"wp","href":"https:\/\/api.w.org\/{rel}","templated":true}]}}