{"id":5658,"date":"2025-06-26T17:23:53","date_gmt":"2025-06-26T20:23:53","guid":{"rendered":"http:\/\/www.enorsai.com\/noticias\/?p=5658"},"modified":"2025-06-26T17:23:53","modified_gmt":"2025-06-26T20:23:53","slug":"paula-penacca-me-encantaria-que-cristina-haga-un-streaming","status":"publish","type":"post","link":"https:\/\/www.enorsai.com\/noticias\/politica\/paula-penacca-me-encantaria-que-cristina-haga-un-streaming\/","title":{"rendered":"Paula Penacca: \u00abMe encantar\u00eda que Cristina haga un streaming\u00bb"},"content":{"rendered":"\n<p><strong><em>La diputada nacional de Uni\u00f3n por la Patria denunci\u00f3 en AM530 el avance autoritario del gobierno de Javier Milei, la criminalizaci\u00f3n de la protesta social y el vaciamiento del sistema previsional. Tambi\u00e9n defendi\u00f3 a Cristina Kirchner y critic\u00f3 duramente a la Justicia.<\/em><\/strong><\/p>\n\n\n\n<p>En una entrevista con Andrea Rec\u00fapero, la diputada Paula Penacca expres\u00f3 su preocupaci\u00f3n por la sistem\u00e1tica represi\u00f3n contra jubilados, apunt\u00f3 al Gobierno por el debilitamiento institucional y cuestion\u00f3 los viajes internacionales de Milei en medio de la crisis nacional. Reclam\u00f3 que no se naturalice el autoritarismo y pidi\u00f3 por una mayor visibilidad del liderazgo de Cristina Fern\u00e1ndez de Kirchner.<\/p>\n\n\n\n<p>La diputada nacional de Uni\u00f3n por la Patria, Paula Penacca, expres\u00f3 su fuerte repudio a los operativos represivos contra jubilados y jubiladas que cada mi\u00e9rcoles se manifiestan frente al Congreso de la Naci\u00f3n, calificando estas acciones como \u201cuna verg\u00fcenza nacional\u201d y responsabilizando directamente al presidente Javier Milei.<\/p>\n\n\n\n<p>\u201cTodos los mi\u00e9rcoles much\u00edsimos jubilados sufren violencia y agresi\u00f3n por parte de las fuerzas de seguridad\u201d, denunci\u00f3 Penacca en di\u00e1logo con Andrea Rec\u00fapero por AM530, Somos Radio. Y advirti\u00f3: \u201cNo hay que naturalizar la represi\u00f3n a los jubilados, hay que reclamar y denunciar por estos operativos irregulares\u201d.<\/p>\n\n\n\n<p>La legisladora fue a\u00fan m\u00e1s categ\u00f3rica al se\u00f1alar que lo ocurrido el pasado 18 de junio, cuando manifestantes fueron reprimidos e incluso requisados por la Polic\u00eda en las inmediaciones del Congreso, \u201ces ilegal y peligroso\u201d. \u201cQue impidan llegar a manifestarse o que sean requisados los manifestantes es ilegal y peligroso\u201d, remarc\u00f3.<\/p>\n\n\n\n<p>En ese sentido, Penacca alert\u00f3 sobre un preocupante deterioro institucional: \u201cSe est\u00e1n llevando puesta la rep\u00fablica y la divisi\u00f3n de poderes\u201d. Para ella, los operativos policiales y las decisiones tomadas por decreto revelan \u201cuna deriva autoritaria\u201d del Gobierno de La Libertad Avanza. \u201cNo reforman la polic\u00eda para bien, la reforman para mal\u201d, afirm\u00f3.<\/p>\n\n\n\n<p>Adem\u00e1s, vincul\u00f3 este accionar con el aval del oficialismo a la persecuci\u00f3n judicial contra la vicepresidenta Cristina Fern\u00e1ndez de Kirchner. \u201cEl autoritarismo de este Gobierno se vincula con el aval a la prisi\u00f3n de Cristina\u201d, expres\u00f3. \u201cCristina es inocente, mandan fuerzas nacionales a un territorio aut\u00f3nomo\u201d, advirti\u00f3 en referencia al operativo policial de junio.<\/p>\n\n\n\n<p>Penacca tambi\u00e9n apunt\u00f3 contra el Poder Judicial, al que acus\u00f3 de ser funcional al gobierno de Milei. \u201cLa C\u00e1mara Judicial tiene que dejar de hacer el rid\u00edculo, se nota, muchos muchachos\u201d, dispar\u00f3. En contraposici\u00f3n, destac\u00f3 la conducta de la exmandataria: \u201cCristina es la primera en ser respetuosa en la divisi\u00f3n de poderes\u201d.<\/p>\n\n\n\n<p>Por otro lado, la diputada critic\u00f3 el modelo econ\u00f3mico que, seg\u00fan explic\u00f3, ha condenado a los jubilados a la pobreza: \u201cEl modelo econ\u00f3mico de Milei ha logrado estancar las jubilaciones, quitarle los programas de devoluci\u00f3n del IVA, y le fueron destruyendo la posibilidad de vivir dignamente de quienes trabajaron toda la vida\u201d. \u201cLlegaron diciendo que iban a ajustar a la casta y terminan ajustando a los jubilados\u201d, agreg\u00f3 con contundencia.<\/p>\n\n\n\n<p>Tambi\u00e9n se refiri\u00f3 con sarcasmo a la agenda internacional del presidente: \u201cMilei viaja por el mundo para recibir premios rid\u00edculos o para intentar sacarse una foto\u201d, ironiz\u00f3, cuestionando la falta de presencia y sensibilidad ante la situaci\u00f3n cr\u00edtica que atraviesa la sociedad argentina.<\/p>\n\n\n\n<p>Sobre el final de la entrevista, Penacca expres\u00f3 un deseo compartido por muchos militantes y simpatizantes del peronismo: \u201cMe encantar\u00eda que Cristina haga un streaming, me parecer\u00eda maravilloso\u201d, dijo, dando a entender que su voz es m\u00e1s necesaria que nunca frente al avance de las pol\u00edticas de ajuste y represi\u00f3n.<\/p>\n\n\n\n<p><br><\/p>\n","protected":false},"excerpt":{"rendered":"<p>Paula Penacca denunci\u00f3 la represi\u00f3n contra jubilados y el autoritarismo del gobierno de Milei. Acus\u00f3 al presidente de vaciar la rep\u00fablica, perseguir a Cristina Kirchner y ajustar a los m\u00e1s vulnerables. \u201cEsto es una verg\u00fcenza nacional\u201d, afirm\u00f3. Tambi\u00e9n pidi\u00f3 visibilidad para Cristina: \u201cUn streaming suyo ser\u00eda maravilloso\u201d.<\/p>\n","protected":false},"author":12,"featured_media":5659,"comment_status":"open","ping_status":"open","sticky":false,"template":"","format":"standard","meta":{"_monsterinsights_skip_tracking":false,"_monsterinsights_sitenote_active":false,"_monsterinsights_sitenote_note":"","_monsterinsights_sitenote_category":0,"footnotes":"","jetpack_publicize_message":"\ud83d\udce2 \u201cLa represi\u00f3n a los jubilados es una verg\u00fcenza nacional\u201d, sentenci\u00f3 la diputada Paula Penacca. En AM530, apunt\u00f3 contra Milei por el autoritarismo creciente y el vaciamiento del sistema previsional. Tambi\u00e9n defendi\u00f3 a Cristina Kirchner y pidi\u00f3 no naturalizar el ajuste. Le\u00e9 m\u00e1s \ud83d\udc49","jetpack_publicize_feature_enabled":true,"jetpack_social_post_already_shared":false,"jetpack_social_options":{"image_generator_settings":{"template":"highway","default_image_id":0,"enabled":false},"version":2}},"categories":[2],"tags":[58,804,257,87,509,70,45,1830,474,365],"class_list":["post-5658","post","type-post","status-publish","format-standard","has-post-thumbnail","hentry","category-politica","tag-ajuste","tag-autoritarismo","tag-congreso","tag-cristina","tag-jubilados","tag-justicia","tag-milei","tag-penacca","tag-policia","tag-represion"],"jetpack_publicize_connections":[],"_links":{"self":[{"href":"https:\/\/www.enorsai.com\/noticias\/wp-json\/wp\/v2\/posts\/5658","targetHints":{"allow":["GET"]}}],"collection":[{"href":"https:\/\/www.enorsai.com\/noticias\/wp-json\/wp\/v2\/posts"}],"about":[{"href":"https:\/\/www.enorsai.com\/noticias\/wp-json\/wp\/v2\/types\/post"}],"author":[{"embeddable":true,"href":"https:\/\/www.enorsai.com\/noticias\/wp-json\/wp\/v2\/users\/12"}],"replies":[{"embeddable":true,"href":"https:\/\/www.enorsai.com\/noticias\/wp-json\/wp\/v2\/comments?post=5658"}],"version-history":[{"count":1,"href":"https:\/\/www.enorsai.com\/noticias\/wp-json\/wp\/v2\/posts\/5658\/revisions"}],"predecessor-version":[{"id":5660,"href":"https:\/\/www.enorsai.com\/noticias\/wp-json\/wp\/v2\/posts\/5658\/revisions\/5660"}],"wp:featuredmedia":[{"embeddable":true,"href":"https:\/\/www.enorsai.com\/noticias\/wp-json\/wp\/v2\/media\/5659"}],"wp:attachment":[{"href":"https:\/\/www.enorsai.com\/noticias\/wp-json\/wp\/v2\/media?parent=5658"}],"wp:term":[{"taxonomy":"category","embeddable":true,"href":"https:\/\/www.enorsai.com\/noticias\/wp-json\/wp\/v2\/categories?post=5658"},{"taxonomy":"post_tag","embeddable":true,"href":"https:\/\/www.enorsai.com\/noticias\/wp-json\/wp\/v2\/tags?post=5658"}],"curies":[{"name":"wp","href":"https:\/\/api.w.org\/{rel}","templated":true}]}}