{"id":5651,"date":"2025-06-26T11:21:09","date_gmt":"2025-06-26T14:21:09","guid":{"rendered":"https:\/\/www.enorsai.com\/noticias\/economia\/crisis-industrial-en-tucuman-vamos-a-pasar-a-ser-los-mas-pobres-del-planeta\/"},"modified":"2025-06-26T11:21:09","modified_gmt":"2025-06-26T14:21:09","slug":"crisis-industrial-en-tucuman-vamos-a-pasar-a-ser-los-mas-pobres-del-planeta","status":"publish","type":"post","link":"https:\/\/www.enorsai.com\/noticias\/economia\/crisis-industrial-en-tucuman-vamos-a-pasar-a-ser-los-mas-pobres-del-planeta\/","title":{"rendered":"Crisis industrial en Tucum\u00e1n: \u201cVamos a pasar a ser los m\u00e1s pobres del planeta\u201d"},"content":{"rendered":"\n<p>El presidente de la Uni\u00f3n Industrial de Tucum\u00e1n, Jorge Rocchia Ferro, denunci\u00f3 una \u201cprofunda crisis\u201d en la provincia y el NOA. F\u00e1bricas paralizadas, ca\u00edda del consumo, desempleo sin reinserci\u00f3n y un modelo econ\u00f3mico que excluye al norte argentino.<br><br>\u00abEstamos todos complicados\u00bb, advirti\u00f3 el referente industrial, quien se\u00f1al\u00f3 que la regi\u00f3n atraviesa un escenario terminal. La desindustrializaci\u00f3n, la apertura de importaciones y la falta de pol\u00edticas diferenciales golpean a sectores clave como el textil, c\u00edtrico, azucarero y automotriz. Proponen una estrategia regional para evitar una cat\u00e1strofe econ\u00f3mica y social.<br><br>La industria tucumana se encuentra en estado cr\u00edtico. El presidente de la Uni\u00f3n Industrial de Tucum\u00e1n (UIT), Jorge Rocchia Ferro, lo expres\u00f3 sin rodeos: \u00abSi un empleado es despedido, no tiene reinserci\u00f3n en otras empresas porque Tucum\u00e1n no tiene recambio\u00bb. Con esa frase sintetiz\u00f3 el derrumbe de un entramado productivo que, seg\u00fan advierte, podr\u00eda derivar en una crisis social sin precedentes en el norte argentino.<br><br>En declaraciones a LG Play, Rocchia Ferro describi\u00f3 un panorama devastador para m\u00faltiples sectores de la econom\u00eda regional. Desde los ingenios azucareros hasta las ensambladoras como Scania, pasando por textiles, citr\u00edcolas y la actividad gastron\u00f3mica, todas muestran se\u00f1ales de par\u00e1lisis, despidos o fuerte contracci\u00f3n. \u201cEstamos todos complicados\u201d, asegur\u00f3.<br><br>La UIT mantiene di\u00e1logo con el gobierno provincial, pero Rocchia Ferro fue tajante al marcar que el problema excede lo local: \u201cHay tres Argentinas: el sur con petr\u00f3leo, el centro con agroindustria, y el norte totalmente pobre\u201d. En ese sentido, pidi\u00f3 una mirada federal aut\u00e9ntica, que no repita el abandono hist\u00f3rico del NOA.<\/p>\n\n\n\n<p><br>Desempleo estructural y sin salida<br><br>Uno de los aspectos m\u00e1s alarmantes de su diagn\u00f3stico fue la afirmaci\u00f3n de que el desempleo en Tucum\u00e1n se ha vuelto estructural. \u201cNi bajando los impuestos a cero ni reduciendo a la mitad los costos laborales podr\u00edamos competir con pa\u00edses como Brasil o aquellos con jornales de miseria\u201d, dijo. El problema no es s\u00f3lo la competitividad, sino la inexistencia de un tejido econ\u00f3mico capaz de absorber a los trabajadores que pierden sus empleos.<br><br>En la misma l\u00ednea, advirti\u00f3 que el consumo interno ha colapsado. Cit\u00f3 como ejemplo las conversaciones con el presidente de la Federaci\u00f3n Econ\u00f3mica de Tucum\u00e1n, H\u00e9ctor Vi\u00f1uales, quien le confirm\u00f3 la ca\u00edda brutal de la actividad gastron\u00f3mica. \u201cLa gente ya no va a comer afuera, las galer\u00edas est\u00e1n vac\u00edas\u201d, grafic\u00f3.<\/p>\n\n\n\n<figure class=\"wp-block-embed is-type-video is-provider-youtube wp-block-embed-youtube wp-embed-aspect-16-9 wp-has-aspect-ratio\"><div class=\"wp-block-embed__wrapper\">\n<iframe loading=\"lazy\" title=\"Advertencia del sector privado: &quot;La industria tucumana atraviesa un proceso de crisis&quot;\" width=\"640\" height=\"360\" src=\"https:\/\/www.youtube.com\/embed\/YQ1STnRHBFs?feature=oembed\" frameborder=\"0\" allow=\"accelerometer; autoplay; clipboard-write; encrypted-media; gyroscope; picture-in-picture; web-share\" referrerpolicy=\"strict-origin-when-cross-origin\" allowfullscreen><\/iframe>\n<\/div><\/figure>\n\n\n\n<p><br>Apertura de importaciones y sectores en ca\u00edda libre<br><br>El modelo econ\u00f3mico nacional basado en la apertura de importaciones ha sido letal para ciertas ramas industriales. El textil, seg\u00fan Rocchia Ferro, \u201ces la primera v\u00edctima\u201d. La industria automotriz tambi\u00e9n sufre el freno del mercado brasile\u00f1o y europeo. El az\u00facar y los c\u00edtricos, por su parte, enfrentan una ca\u00edda de entre el 25% y el 30% en los precios internacionales, sumado a un mercado interno \u201cpaup\u00e9rrimo\u201d.<br><br>El diagn\u00f3stico es un\u00e1nime entre los empresarios tucumanos: no hay pol\u00edtica nacional que contenga esta situaci\u00f3n. Pese a reconocer que el gobierno provincial \u00abda una mano\u00bb, Rocchia Ferro dej\u00f3 en claro que la soluci\u00f3n debe ser estructural, regional y nacional. De lo contrario, vaticin\u00f3, el NOA quedar\u00e1 convertido en una zona sin futuro.<\/p>\n\n\n\n<p><br>Propuesta: bloque regional y reconversi\u00f3n productiva<br><br>Frente al abismo, Rocchia Ferro propone actuar en bloque. \u00abTucum\u00e1n, Salta, Jujuy y las dem\u00e1s provincias del norte tienen que unirse. No es lo mismo ir solos que con 25 diputados, 15 senadores y los gobernadores. Si no, vamos a pasar a ser los m\u00e1s pobres del planeta\u00bb, lanz\u00f3, sin medias tintas.<br><br>Entre las soluciones posibles, mencion\u00f3 la necesidad de apostar por la econom\u00eda del conocimiento, la inteligencia artificial y el turismo. \u201cTenemos que reinventarnos o nos vamos a caer\u201d, alert\u00f3, instando a todas las instituciones \u2014como la FET o la Sociedad Rural de Tucum\u00e1n\u2014 a trabajar en conjunto, sin mezquindades pol\u00edticas.<br><br>Adem\u00e1s, anticip\u00f3 una reuni\u00f3n clave con el presidente de la Uni\u00f3n Industrial Argentina, Miguel Rappallini, donde plantear\u00e1 una agenda del norte completamente distinta a la del centro y sur del pa\u00eds.<\/p>\n\n\n\n<p><br>Desigualdad estructural y abandono hist\u00f3rico<br><br>Lo que subyace en el planteo de Rocchia Ferro no es s\u00f3lo una crisis coyuntural, sino una desigualdad estructural que la actual pol\u00edtica econ\u00f3mica parece ignorar. El norte argentino sigue relegado a un lugar marginal dentro del esquema de desarrollo nacional, una zona empobrecida, sin infraestructura suficiente, sin incentivos reales y con altos niveles de informalidad y analfabetismo.<br><br>\u201cHay una profunda falta de educaci\u00f3n que deriva en un pueblo cada vez m\u00e1s pobre\u201d, advirti\u00f3, con tono cr\u00edtico. Su llamado es un grito desesperado antes del colapso.<\/p>\n\n\n\n<p><br>Una advertencia que no puede ser ignorada<br><br>La situaci\u00f3n en Tucum\u00e1n es un s\u00edntoma de algo m\u00e1s grande: un modelo que concentra recursos y expectativas en un solo sector del pa\u00eds, dejando al resto en el olvido. Si el gobierno nacional no escucha la advertencia de los industriales del norte, el resultado ser\u00e1 una cat\u00e1strofe social, un \u00e9xodo hacia los grandes centros urbanos y la consolidaci\u00f3n de una Argentina fracturada.<br><br>El futuro del norte no puede seguir siendo relegado. La advertencia est\u00e1 hecha. Ahora, el desaf\u00edo es evitar que se cumpla.<br><br>Fuente:<\/p>\n\n\n\n<ul class=\"wp-block-list\">\n<li>https:\/\/www.lagaceta.com.ar\/nota\/amp\/1089500\/economia\/alarma-industrial-tucuman-rocchia-ferro-advirtio-sobre-profunda-crisis-grave-impacto-empleo.html<\/li>\n<\/ul>\n","protected":false},"excerpt":{"rendered":"<p>El presidente de la Uni\u00f3n Industrial de Tucum\u00e1n, Jorge Rocchia Ferro, denunci\u00f3 una \u201cprofunda crisis\u201d en la provincia y el NOA. F\u00e1bricas paralizadas, ca\u00edda del consumo, desempleo sin reinserci\u00f3n y un modelo econ\u00f3mico que excluye al norte argentino. \u00abEstamos todos complicados\u00bb, advirti\u00f3 el referente industrial, quien se\u00f1al\u00f3 que la regi\u00f3n atraviesa un escenario terminal. La&#8230;<\/p>\n","protected":false},"author":11,"featured_media":5650,"comment_status":"open","ping_status":"open","sticky":false,"template":"","format":"standard","meta":{"_monsterinsights_skip_tracking":false,"_monsterinsights_sitenote_active":false,"_monsterinsights_sitenote_note":"","_monsterinsights_sitenote_category":0,"footnotes":"","jetpack_publicize_message":"","jetpack_publicize_feature_enabled":true,"jetpack_social_post_already_shared":true,"jetpack_social_options":{"image_generator_settings":{"template":"highway","default_image_id":0,"font":"","enabled":false},"version":2}},"categories":[3],"tags":[],"class_list":["post-5651","post","type-post","status-publish","format-standard","has-post-thumbnail","hentry","category-economia"],"jetpack_publicize_connections":[],"_links":{"self":[{"href":"https:\/\/www.enorsai.com\/noticias\/wp-json\/wp\/v2\/posts\/5651","targetHints":{"allow":["GET"]}}],"collection":[{"href":"https:\/\/www.enorsai.com\/noticias\/wp-json\/wp\/v2\/posts"}],"about":[{"href":"https:\/\/www.enorsai.com\/noticias\/wp-json\/wp\/v2\/types\/post"}],"author":[{"embeddable":true,"href":"https:\/\/www.enorsai.com\/noticias\/wp-json\/wp\/v2\/users\/11"}],"replies":[{"embeddable":true,"href":"https:\/\/www.enorsai.com\/noticias\/wp-json\/wp\/v2\/comments?post=5651"}],"version-history":[{"count":0,"href":"https:\/\/www.enorsai.com\/noticias\/wp-json\/wp\/v2\/posts\/5651\/revisions"}],"wp:featuredmedia":[{"embeddable":true,"href":"https:\/\/www.enorsai.com\/noticias\/wp-json\/wp\/v2\/media\/5650"}],"wp:attachment":[{"href":"https:\/\/www.enorsai.com\/noticias\/wp-json\/wp\/v2\/media?parent=5651"}],"wp:term":[{"taxonomy":"category","embeddable":true,"href":"https:\/\/www.enorsai.com\/noticias\/wp-json\/wp\/v2\/categories?post=5651"},{"taxonomy":"post_tag","embeddable":true,"href":"https:\/\/www.enorsai.com\/noticias\/wp-json\/wp\/v2\/tags?post=5651"}],"curies":[{"name":"wp","href":"https:\/\/api.w.org\/{rel}","templated":true}]}}