{"id":5617,"date":"2025-06-25T16:39:36","date_gmt":"2025-06-25T19:39:36","guid":{"rendered":"http:\/\/www.enorsai.com\/noticias\/?p=5617"},"modified":"2025-06-25T16:39:36","modified_gmt":"2025-06-25T19:39:36","slug":"marlene-spesso-ian-leyo-la-constitucion-los-derechos-del-nino-y-decidio-hacer-la-demanda","status":"publish","type":"post","link":"https:\/\/www.enorsai.com\/noticias\/sociedad\/marlene-spesso-ian-leyo-la-constitucion-los-derechos-del-nino-y-decidio-hacer-la-demanda\/","title":{"rendered":"Marlene Spesso: \u201cIan ley\u00f3 la Constituci\u00f3n, los Derechos del Ni\u00f1o y decidi\u00f3 hacer la demanda\u00bb"},"content":{"rendered":"\n<p><a href=\"https:\/\/www.youtube.com\/@splendidam990\"><\/a>A sus 12 a\u00f1os, Ian Moche decidi\u00f3 enfrentar judicialmente al presidente Javier Milei por hostigamiento. Su madre, Marlene Spesso, relata la historia detr\u00e1s de una valent\u00eda que interpela al poder y expone el abandono estatal hacia las infancias neurodivergentes. Mientras el Gobierno nacional promueve recortes y desprecio hacia las personas con discapacidad, un ni\u00f1o autista se convirti\u00f3 en s\u00edmbolo de dignidad y resistencia. La denuncia de Ian, respaldada por la lectura de la Constituci\u00f3n y la Convenci\u00f3n de los Derechos del Ni\u00f1o, pone en jaque la impunidad del discurso presidencial.<\/p>\n\n\n\n<p>Un presidente de la Naci\u00f3n replicando con cinismo un ataque digital hacia un ni\u00f1o con autismo no deber\u00eda ser considerado un hecho menor. Mucho menos cuando ese presidente se llama Javier Milei, y la v\u00edctima se llama Ian Moche. Lo que parec\u00eda un mero retweet \u2014uno m\u00e1s en el aluvi\u00f3n de provocaciones diarias del mandatario\u2014 termin\u00f3 desatando una denuncia penal. Pero no cualquier denuncia: la decisi\u00f3n fue tomada por el propio Ian, un chico de 12 a\u00f1os que decidi\u00f3 estudiar la Constituci\u00f3n, la Convenci\u00f3n Internacional de los Derechos del Ni\u00f1o, y enfrentar, cara a cara, al m\u00e1ximo poder del pa\u00eds.<\/p>\n\n\n\n<p>La entrevista concedida por Marlene Spesso, madre de Ian, al programa <em>Sin Corbata<\/em> de AM 990 Radio Splendid, no fue simplemente un relato familiar. Fue una pieza cruda y conmovedora sobre c\u00f3mo el Estado, lejos de proteger, acorrala. Spesso explica con dolor, pero tambi\u00e9n con firmeza, c\u00f3mo su hijo, al advertir que el presidente no retiraba una publicaci\u00f3n ofensiva en la red social X (antes Twitter), tom\u00f3 la decisi\u00f3n de iniciar acciones legales. Lo hizo con conciencia, no por impulso. \u201cSe ley\u00f3 la Constituci\u00f3n, ley\u00f3 los derechos, y decidi\u00f3 hacer la demanda\u201d, repite su madre, con una mezcla de orgullo y desolaci\u00f3n.<\/p>\n\n\n\n<p>La narrativa del \u201cerror involuntario\u201d o del simple \u201cme gusta autom\u00e1tico\u201d no resisti\u00f3 el paso de los d\u00edas. Lejos de borrar el posteo, Milei lo mantuvo y, como es habitual, lo aliment\u00f3 con su ej\u00e9rcito digital de trolls. A partir de all\u00ed, la familia Moche sufri\u00f3 lo que muchos activistas y periodistas conocen bien: campa\u00f1as coordinadas de odio, hostigamiento online, y exposici\u00f3n de datos personales. \u201cPublicaron la foto de nuestra casa, del colegio de Ian. Fue una operaci\u00f3n violenta\u201d, denunci\u00f3 Marlene, recordando que, mientras el presidente juega a ser un m\u00e1rtir digital, hay consecuencias reales que golpean a la vida de una familia com\u00fan.<\/p>\n\n\n\n<figure class=\"wp-block-embed is-type-video is-provider-youtube wp-block-embed-youtube wp-embed-aspect-16-9 wp-has-aspect-ratio\"><div class=\"wp-block-embed__wrapper\">\n<iframe loading=\"lazy\" title=\"Marlene Spesso: \u201cIan ley\u00f3 la Constituci\u00f3n, los Derechos del Ni\u00f1o y decidi\u00f3 hacer la demanda&quot;\" width=\"640\" height=\"360\" src=\"https:\/\/www.youtube.com\/embed\/SeIXOmzIDOw?feature=oembed\" frameborder=\"0\" allow=\"accelerometer; autoplay; clipboard-write; encrypted-media; gyroscope; picture-in-picture; web-share\" referrerpolicy=\"strict-origin-when-cross-origin\" allowfullscreen><\/iframe>\n<\/div><\/figure>\n\n\n\n<p>Pero este caso es mucho m\u00e1s que un intercambio tuitero. Ian representa a miles de ni\u00f1os con discapacidad que ven c\u00f3mo el Estado argentino desmantela sus derechos adquiridos. Su madre lo explica sin eufemismos: \u201cLa emergencia en discapacidad siempre existi\u00f3, pero ahora est\u00e1 al l\u00edmite. Hoy no hay transporte, no hay terapias, no hay profesionales. Suspendieron los talleres, los centros de d\u00eda. No hay respuestas\u201d. El ajuste no es una consigna: es una bomba de tiempo que estalla en los cuerpos y mentes de quienes necesitan contenci\u00f3n.<\/p>\n\n\n\n<p>En medio de ese contexto, Spesso tambi\u00e9n puso en evidencia el cinismo de algunas pol\u00edticas oficiales. \u201cCuando pregunt\u00e9 por qu\u00e9 se quitaban las pensiones por discapacidad, me dijeron que si ten\u00edas un hijo con discapacidad era problema de la familia, no del Estado.\u201d La frase no es una licencia literaria: fue dicha por un funcionario cercano al presidente. La l\u00f3gica liberal m\u00e1s cruel aplicada a la infancia m\u00e1s vulnerable. Una crueldad sin matices.<\/p>\n\n\n\n<p>Y sin embargo, la historia tambi\u00e9n tiene un componente profundamente humano. Marlene detalla c\u00f3mo debieron adaptar su casa a las necesidades de Ian: luces tenues, una sala de autorregulaci\u00f3n, rutinas espec\u00edficas. \u201cEl autismo no se ve. Es una discapacidad invisible. Pero est\u00e1. Y transforma la vida de toda la familia.\u201d Las decisiones cotidianas \u2014no ir al cine, evitar reuniones familiares, planificar cada salida\u2014 hablan de una vida donde el cuidado lo es todo. Donde la frustraci\u00f3n o el estr\u00e9s pueden convertirse en crisis si no se anticipan con sensibilidad y preparaci\u00f3n.<\/p>\n\n\n\n<p>La valent\u00eda de Ian no es s\u00f3lo jur\u00eddica. Es pol\u00edtica en el sentido m\u00e1s noble del t\u00e9rmino. Es un acto de resistencia frente a un modelo de pa\u00eds que niega lo colectivo, que privatiza la empat\u00eda, que convierte la desprotecci\u00f3n en bandera de campa\u00f1a. Mientras Milei se victimiza frente a periodistas o adversarios pol\u00edticos, no tiene reparos en escupir odio sobre un chico de 12 a\u00f1os. En esa asimetr\u00eda brutal, la denuncia de Ian no es s\u00f3lo v\u00e1lida: es urgente.<\/p>\n\n\n\n<p>Resulta parad\u00f3jico que quien m\u00e1s se jacta de amar la libertad, no tolere que un ni\u00f1o le exprese una diferencia. La libertad de expresi\u00f3n, tan manoseada por el discurso libertario, termina en la cloaca del algoritmo cuando un menor se convierte en blanco de odio presidencial.<\/p>\n\n\n\n<p>Spesso lo resume as\u00ed: \u201cNo es personal. Pero si el presidente no se cuida, \u00bfqui\u00e9n se va a cuidar?\u201d No es una pregunta ret\u00f3rica. Es el grito de una madre que entendi\u00f3 que proteger a su hijo ya no implica solo pelear por una vacante en terapia ocupacional o por un pasaje en transporte especial. Ahora implica enfrentar directamente al jefe de Estado.<\/p>\n\n\n\n<p>Esta denuncia interpela tambi\u00e9n al sistema judicial, que debe demostrar si est\u00e1 dispuesto a garantizar los derechos de los ni\u00f1os frente al poder real. Porque el derecho a no ser hostigado, el derecho a la integridad moral, el derecho a expresarse sin temor, no pueden depender del humor de un mandatario ni del clima de redes sociales.<\/p>\n\n\n\n<p>Ian Moche no pidi\u00f3 ser s\u00edmbolo. Pero hoy lo es. Su demanda es una advertencia: a\u00fan en medio del ajuste, del desprecio institucional y del miedo, hay quienes no se rinden. Hay infancias que no se callan. Y hay familias que, en lugar de resignarse, dan pelea.<\/p>\n\n\n\n<p>Fuente:<\/p>\n\n\n\n<p>La nota fue elaborada exclusivamente en base a la entrevista realizada en <em>Radio Splendid AM 990<\/em>, en el programa <em>Sin Corbata<\/em> conducido por Antonio Fern\u00e1ndez Llorente, emitido entre las 8:35 y las 8:50 del 25 de junio de 2025, con Marlene Spesso como entrevistada.<\/p>\n","protected":false},"excerpt":{"rendered":"<p>Ian Moche, un ni\u00f1o autista de 12 a\u00f1os, decidi\u00f3 denunciar judicialmente al presidente Javier Milei por hostigamiento. Respaldado por la Constituci\u00f3n y los derechos del ni\u00f1o, su valent\u00eda expone el desprecio del gobierno hacia la discapacidad y muestra que, incluso en la infancia, a\u00fan queda lugar para la dignidad y la resistencia.<\/p>\n","protected":false},"author":1,"featured_media":5618,"comment_status":"open","ping_status":"open","sticky":false,"template":"","format":"standard","meta":{"_monsterinsights_skip_tracking":false,"_monsterinsights_sitenote_active":false,"_monsterinsights_sitenote_note":"","_monsterinsights_sitenote_category":0,"footnotes":"","jetpack_publicize_message":"\ud83d\udca5 Ian Moche, 12 a\u00f1os, autista, valiente. Decidi\u00f3 enfrentar a Javier Milei por hostigamiento. Ley\u00f3 la Constituci\u00f3n. Ley\u00f3 los derechos. Y dijo basta. Esta historia no es una an\u00e9cdota: es un acto de resistencia. Leela. Compartila. Hacela resonar. \u270a #ConIanNo","jetpack_publicize_feature_enabled":true,"jetpack_social_post_already_shared":false,"jetpack_social_options":{"image_generator_settings":{"template":"highway","default_image_id":0,"enabled":false},"version":2}},"categories":[4],"tags":[1193,669,819,69,900,1814,1813,70,45,1815],"class_list":["post-5617","post","type-post","status-publish","format-standard","has-post-thumbnail","hentry","category-sociedad","tag-autismo","tag-constitucion","tag-denuncia","tag-derechos","tag-discapacidad","tag-hostigamiento","tag-infancias","tag-justicia","tag-milei","tag-neurodivergencia"],"jetpack_publicize_connections":[],"_links":{"self":[{"href":"https:\/\/www.enorsai.com\/noticias\/wp-json\/wp\/v2\/posts\/5617","targetHints":{"allow":["GET"]}}],"collection":[{"href":"https:\/\/www.enorsai.com\/noticias\/wp-json\/wp\/v2\/posts"}],"about":[{"href":"https:\/\/www.enorsai.com\/noticias\/wp-json\/wp\/v2\/types\/post"}],"author":[{"embeddable":true,"href":"https:\/\/www.enorsai.com\/noticias\/wp-json\/wp\/v2\/users\/1"}],"replies":[{"embeddable":true,"href":"https:\/\/www.enorsai.com\/noticias\/wp-json\/wp\/v2\/comments?post=5617"}],"version-history":[{"count":1,"href":"https:\/\/www.enorsai.com\/noticias\/wp-json\/wp\/v2\/posts\/5617\/revisions"}],"predecessor-version":[{"id":5619,"href":"https:\/\/www.enorsai.com\/noticias\/wp-json\/wp\/v2\/posts\/5617\/revisions\/5619"}],"wp:featuredmedia":[{"embeddable":true,"href":"https:\/\/www.enorsai.com\/noticias\/wp-json\/wp\/v2\/media\/5618"}],"wp:attachment":[{"href":"https:\/\/www.enorsai.com\/noticias\/wp-json\/wp\/v2\/media?parent=5617"}],"wp:term":[{"taxonomy":"category","embeddable":true,"href":"https:\/\/www.enorsai.com\/noticias\/wp-json\/wp\/v2\/categories?post=5617"},{"taxonomy":"post_tag","embeddable":true,"href":"https:\/\/www.enorsai.com\/noticias\/wp-json\/wp\/v2\/tags?post=5617"}],"curies":[{"name":"wp","href":"https:\/\/api.w.org\/{rel}","templated":true}]}}