{"id":5610,"date":"2025-06-25T13:16:00","date_gmt":"2025-06-25T16:16:00","guid":{"rendered":"https:\/\/www.enorsai.com\/noticias\/sociedad\/la-justicia-condeno-a-los-albatros-por-el-asesinato-de-rafael-nahuel-desarmando-el-relato-de-bullrich\/"},"modified":"2025-06-25T13:16:00","modified_gmt":"2025-06-25T16:16:00","slug":"la-justicia-condeno-a-los-albatros-por-el-asesinato-de-rafael-nahuel-desarmando-el-relato-de-bullrich","status":"publish","type":"post","link":"https:\/\/www.enorsai.com\/noticias\/sociedad\/la-justicia-condeno-a-los-albatros-por-el-asesinato-de-rafael-nahuel-desarmando-el-relato-de-bullrich\/","title":{"rendered":"La justicia conden\u00f3 a los Albatros por el asesinato de Rafael Nahuel desarmando el relato de Bullrich"},"content":{"rendered":"\n<p>La C\u00e1mara Federal de Casaci\u00f3n Penal confirm\u00f3 las penas a cinco integrantes del grupo Albatros por el asesinato del joven mapuche. El fallo, hist\u00f3rico pero limitado, desarma el relato oficial y expone la responsabilidad pol\u00edtica que sigue impune.<br><br>Despu\u00e9s de casi siete a\u00f1os, la Justicia ratific\u00f3 las condenas por el crimen de Rafael Nahuel, asesinado por la espalda por fuerzas federales en Villa Mascardi. La sentencia marca un precedente, aunque no alcanza a los responsables pol\u00edticos de un operativo militarizado que criminaliz\u00f3 a una comunidad originaria.<br><br>El asesinato de Rafael Nahuel finalmente obtuvo una sentencia firme. La C\u00e1mara Federal de Casaci\u00f3n Penal confirm\u00f3 las condenas a cinco integrantes del grupo Albatros, dependiente de la Prefectura Naval, por el crimen del joven mapuche ocurrido el 25 de noviembre de 2017 en Villa Mascardi, R\u00edo Negro. Los jueces Mariano Borinsky, Gustavo Hornos y Javier Carbajo ratificaron las penas de entre 3 y 5 a\u00f1os de prisi\u00f3n por \u201chomicidio agravado cometido con exceso en la leg\u00edtima defensa\u201d.<br><br>Rafael ten\u00eda apenas 22 a\u00f1os y fue asesinado por la espalda durante un operativo represivo ordenado por el entonces gobierno de Mauricio Macri, bajo la \u00f3rbita del Ministerio de Seguridad dirigido por Patricia Bullrich. La ratificaci\u00f3n de la condena a los efectivos significa una victoria judicial parcial para la comunidad mapuche y los organismos de derechos humanos, que llevan a\u00f1os denunciando el abuso de poder, la criminalizaci\u00f3n de la protesta y el racismo estructural del Estado argentino.<br><br>La causa, instruida inicialmente por el juez federal Gustavo Villanueva \u2014quien tard\u00f3 casi tres a\u00f1os en procesar a los prefectos implicados\u2014, nunca logr\u00f3 avanzar sobre los eslabones superiores de la cadena de mando. No hay imputaciones contra quienes dise\u00f1aron, avalaron o encubrieron pol\u00edticamente el operativo que desemboc\u00f3 en el asesinato de un joven desarmado.<br><br>En su fallo, Casaci\u00f3n se\u00f1ala con firmeza que \u201cel accionar de los Albatros result\u00f3 claramente desproporcionado y no ajustado a la leg\u00edtima defensa\u201d. As\u00ed, desacredita el relato oficial sostenido desde el primer d\u00eda por el gobierno de Cambiemos, que intent\u00f3 justificar la represi\u00f3n alegando un supuesto enfrentamiento con armas por parte de la comunidad Lafken Winkul Mapu, hip\u00f3tesis descartada por la prueba bal\u00edstica y pericial.<br><br>Los magistrados tambi\u00e9n destacaron el valor de los testimonios de integrantes de la comunidad mapuche que presenciaron el ataque, cuya palabra fue sistem\u00e1ticamente deslegitimada durante la instrucci\u00f3n de la causa. La sentencia final visibiliza una matriz de violencia institucional contra los pueblos originarios que no es nueva, pero que encontr\u00f3 en la gesti\u00f3n de Bullrich un pico represivo in\u00e9dito desde el retorno de la democracia.<br><br>Desde organismos como la Asamblea Permanente por los Derechos Humanos (APDH), se celebr\u00f3 la confirmaci\u00f3n de las condenas, aunque tambi\u00e9n se reclam\u00f3 que la investigaci\u00f3n avance sobre las responsabilidades pol\u00edticas. \u201cEl fallo marca un punto de inflexi\u00f3n, pero no hay justicia completa si no se investigan a los responsables del operativo represivo\u201d, expresaron en un comunicado.<br><br>El caso Nahuel no es un hecho aislado. Forma parte de un patr\u00f3n de persecuci\u00f3n estatal hacia las comunidades ind\u00edgenas, como tambi\u00e9n lo evidenci\u00f3 la desaparici\u00f3n forzada seguida de muerte de Santiago Maldonado, apenas tres meses antes, en un contexto de conflictividad territorial y represi\u00f3n sistem\u00e1tica.<br><br>En este sentido, el fallo de Casaci\u00f3n representa no s\u00f3lo una reivindicaci\u00f3n judicial para la familia de Rafael y su comunidad, sino tambi\u00e9n una oportunidad para que el Estado argentino revise sus pr\u00e1cticas punitivas y su pol\u00edtica hacia los pueblos originarios. Sin embargo, la ausencia de sanciones para los responsables pol\u00edticos del crimen deja una herida abierta.<br><br>Mientras tanto, Patricia Bullrich, actual ministra de Seguridad del gobierno de Javier Milei, contin\u00faa defendiendo el operativo que termin\u00f3 con la vida de Rafael, sin asumir ninguna responsabilidad institucional ni pol\u00edtica. Su actitud, lejos de una autocr\u00edtica, reafirma una doctrina represiva que contin\u00faa vigente.<br><br>La justicia, en este caso, llega tarde y de forma incompleta. Pero al menos deja expuesto que Rafael Nahuel fue asesinado por el Estado, y que su muerte no fue un \u201cenfrentamiento\u201d, sino un crimen de fondo racial, pol\u00edtico y estructural que no puede ni debe repetirse.<\/p>\n","protected":false},"excerpt":{"rendered":"<p>La C\u00e1mara Federal de Casaci\u00f3n Penal confirm\u00f3 las penas a cinco integrantes del grupo Albatros por el asesinato del joven mapuche. El fallo, hist\u00f3rico pero limitado, desarma el relato oficial y expone la responsabilidad pol\u00edtica que sigue impune. Despu\u00e9s de casi siete a\u00f1os, la Justicia ratific\u00f3 las condenas por el crimen de Rafael Nahuel, asesinado&#8230;<\/p>\n","protected":false},"author":12,"featured_media":5609,"comment_status":"open","ping_status":"open","sticky":false,"template":"","format":"standard","meta":{"_monsterinsights_skip_tracking":false,"_monsterinsights_sitenote_active":false,"_monsterinsights_sitenote_note":"","_monsterinsights_sitenote_category":0,"footnotes":"","jetpack_publicize_message":"","jetpack_publicize_feature_enabled":true,"jetpack_social_post_already_shared":true,"jetpack_social_options":{"image_generator_settings":{"template":"highway","default_image_id":0,"font":"","enabled":false},"version":2}},"categories":[4],"tags":[],"class_list":["post-5610","post","type-post","status-publish","format-standard","has-post-thumbnail","hentry","category-sociedad"],"jetpack_publicize_connections":[],"_links":{"self":[{"href":"https:\/\/www.enorsai.com\/noticias\/wp-json\/wp\/v2\/posts\/5610","targetHints":{"allow":["GET"]}}],"collection":[{"href":"https:\/\/www.enorsai.com\/noticias\/wp-json\/wp\/v2\/posts"}],"about":[{"href":"https:\/\/www.enorsai.com\/noticias\/wp-json\/wp\/v2\/types\/post"}],"author":[{"embeddable":true,"href":"https:\/\/www.enorsai.com\/noticias\/wp-json\/wp\/v2\/users\/12"}],"replies":[{"embeddable":true,"href":"https:\/\/www.enorsai.com\/noticias\/wp-json\/wp\/v2\/comments?post=5610"}],"version-history":[{"count":0,"href":"https:\/\/www.enorsai.com\/noticias\/wp-json\/wp\/v2\/posts\/5610\/revisions"}],"wp:featuredmedia":[{"embeddable":true,"href":"https:\/\/www.enorsai.com\/noticias\/wp-json\/wp\/v2\/media\/5609"}],"wp:attachment":[{"href":"https:\/\/www.enorsai.com\/noticias\/wp-json\/wp\/v2\/media?parent=5610"}],"wp:term":[{"taxonomy":"category","embeddable":true,"href":"https:\/\/www.enorsai.com\/noticias\/wp-json\/wp\/v2\/categories?post=5610"},{"taxonomy":"post_tag","embeddable":true,"href":"https:\/\/www.enorsai.com\/noticias\/wp-json\/wp\/v2\/tags?post=5610"}],"curies":[{"name":"wp","href":"https:\/\/api.w.org\/{rel}","templated":true}]}}