{"id":5603,"date":"2025-06-25T11:35:48","date_gmt":"2025-06-25T14:35:48","guid":{"rendered":"https:\/\/www.enorsai.com\/noticias\/?p=5603"},"modified":"2025-06-25T11:35:48","modified_gmt":"2025-06-25T14:35:48","slug":"la-crisis-electrica-que-asfixia-a-las-pymes-el-reclamo-que-nadie-quiere-escuchar","status":"publish","type":"post","link":"https:\/\/www.enorsai.com\/noticias\/economia\/la-crisis-electrica-que-asfixia-a-las-pymes-el-reclamo-que-nadie-quiere-escuchar\/","title":{"rendered":"La crisis el\u00e9ctrica que asfixia a las pymes: el reclamo que nadie quiere escuchar"},"content":{"rendered":"\n<h1 class=\"wp-block-heading\"><\/h1>\n\n\n\n<p>Julio Causo, presidente de FECECO, denuncia el colapso del sistema tarifario en Santa Fe. Boletas impagables, segmentaci\u00f3n injusta y falta de di\u00e1logo con la empresa de energ\u00eda ponen en jaque al comercio y la industria local.<\/p>\n\n\n\n<hr class=\"wp-block-separator has-alpha-channel-opacity\"\/>\n\n\n\n<h2 class=\"wp-block-heading\"> \u201cEsto no es una exageraci\u00f3n: hoy una factura de luz puede cerrar un negocio\u201d<\/h2>\n\n\n\n<p>En Santa Fe, la electricidad se ha convertido en un lujo. Las peque\u00f1as y medianas empresas, ya golpeadas por la ca\u00edda del consumo y la inflaci\u00f3n, enfrentan tarifas imposibles de sostener. Julio Causo, presidente de la <strong>Federaci\u00f3n de Centros Comerciales de la Provincia de Santa Fe (FECECO)<\/strong>, fue contundente: <em>\u201cAdvertimos esto en febrero, y no tuvimos ninguna respuesta\u201d<\/em>.<\/p>\n\n\n\n<p>El escenario actual es cr\u00edtico. Seg\u00fan FECECO, <strong>las boletas de luz han trepado a niveles que comprometen directamente la supervivencia del comercio barrial<\/strong>, ese que sostiene el empleo local, paga impuestos y, parad\u00f3jicamente, es el \u00faltimo en ser escuchado.<\/p>\n\n\n\n<blockquote class=\"wp-block-quote is-layout-flow wp-block-quote-is-layout-flow\">\n<p>\u201cNo es justo que paguemos doble alumbrado p\u00fablico, ni que se nos cobre por consumos bimestrales en facturas mensuales. Hay distorsiones que se pueden corregir hoy, sin necesidad de subsidios\u201d, afirm\u00f3 Causo.<\/p>\n<\/blockquote>\n\n\n\n<hr class=\"wp-block-separator has-alpha-channel-opacity\"\/>\n\n\n\n<h2 class=\"wp-block-heading\"> Tres propuestas concretas para frenar la sangr\u00eda energ\u00e9tica<\/h2>\n\n\n\n<p>FECECO no solo denuncia: tambi\u00e9n propone. Causo present\u00f3 tres medidas que podr\u00edan aliviar la carga energ\u00e9tica sin alterar los precios mayoristas ni exigir subsidios extraordinarios.<\/p>\n\n\n\n<h3 class=\"wp-block-heading\"> 1. Eliminar el doble cobro del alumbrado p\u00fablico<\/h3>\n\n\n\n<p>Hoy, en la mayor\u00eda de las localidades santafesinas, <strong>los comercios pagan el alumbrado p\u00fablico tanto en la boleta el\u00e9ctrica como en la tasa municipal<\/strong>. Esa doble imposici\u00f3n castiga m\u00e1s a quienes m\u00e1s consumen, aunque el alumbrado sea el mismo para todos.<\/p>\n\n\n\n<blockquote class=\"wp-block-quote is-layout-flow wp-block-quote-is-layout-flow\">\n<p>\u201cUna pyme que paga 2 millones de pesos por mes de electricidad tributa mucho m\u00e1s alumbrado que una casa vecina con una boleta de 100 mil. Es regresivo, injusto e insostenible\u201d, denunci\u00f3 el titular de FECECO.<\/p>\n<\/blockquote>\n\n\n\n<h3 class=\"wp-block-heading\"> 2. Segmentar de forma m\u00e1s equitativa<\/h3>\n\n\n\n<p>Actualmente, la segmentaci\u00f3n tarifaria en Santa Fe penaliza a los comercios por un tecnicismo: <strong>la lectura del consumo es bimestral, pero el pago es mensual<\/strong>. Esto hace que muchos queden en tramos m\u00e1s caros, aunque en realidad consuman menos por mes.<\/p>\n\n\n\n<blockquote class=\"wp-block-quote is-layout-flow wp-block-quote-is-layout-flow\">\n<p>\u201cSi no hay personal para hacer lecturas mensuales, que al menos se reduzcan los tramos o se revise el criterio\u201d, propuso Causo.<\/p>\n<\/blockquote>\n\n\n\n<h3 class=\"wp-block-heading\"> 3. Crear un fondo para medidores inteligentes<\/h3>\n\n\n\n<p>La tercera propuesta apunta a fomentar el consumo eficiente. FECECO sugiere <strong>un fondo rotatorio para que los comercios accedan a medidores diferenciales<\/strong>, que permiten programar el uso en horarios de menor demanda y pagar menos.<\/p>\n\n\n\n<blockquote class=\"wp-block-quote is-layout-flow wp-block-quote-is-layout-flow\">\n<p>\u201cNo pedimos magia. Pedimos herramientas concretas para adaptar nuestro consumo y poder seguir abiertos\u201d, resumi\u00f3 Causo.<\/p>\n<\/blockquote>\n\n\n\n<hr class=\"wp-block-separator has-alpha-channel-opacity\"\/>\n\n\n\n<h2 class=\"wp-block-heading\"> Una empresa provincial sin respuestas ni di\u00e1logo<\/h2>\n\n\n\n<p>Aunque el Ministerio de Producci\u00f3n mostr\u00f3 buena predisposici\u00f3n, <strong>la Empresa Provincial de la Energ\u00eda (EPE)<\/strong> permanece sorda a los reclamos. Seg\u00fan Causo, <em>\u201chace a\u00f1os que no nos atienden. No es solo este gobierno. Hay una cultura del destrato hacia quienes producimos\u201d<\/em>.<\/p>\n\n\n\n<p>La situaci\u00f3n tiene consecuencias que exceden lo econ\u00f3mico. <em>\u201cUn peque\u00f1o almac\u00e9n que se queda sin luz directamente cierra. As\u00ed de simple. Ya no se trata de competitividad, se trata de supervivencia\u201d<\/em>, sentenci\u00f3.<\/p>\n\n\n\n<hr class=\"wp-block-separator has-alpha-channel-opacity\"\/>\n\n\n\n<h2 class=\"wp-block-heading\"> \u00bfUn modelo que expulsa a los que est\u00e1n en regla?<\/h2>\n\n\n\n<p>En un contexto de informalidad creciente, <strong>los altos costos energ\u00e9ticos desalientan la formalidad<\/strong>. Muchos comercios se ven tentados a salirse del sistema o a funcionar en la clandestinidad para evitar las tarifas.<\/p>\n\n\n\n<blockquote class=\"wp-block-quote is-layout-flow wp-block-quote-is-layout-flow\">\n<p>\u201cNos piden que trabajemos en blanco, que no evadamos, que paguemos cargas e impuestos. Pero cuando pedimos algo tan b\u00e1sico como que nos atiendan, ni siquiera nos levantan el tel\u00e9fono\u201d, expres\u00f3 con indignaci\u00f3n el referente gremial.<\/p>\n<\/blockquote>\n\n\n\n<hr class=\"wp-block-separator has-alpha-channel-opacity\"\/>\n\n\n\n<h2 class=\"wp-block-heading\"> El colapso energ\u00e9tico como amenaza para toda la econom\u00eda<\/h2>\n\n\n\n<p>M\u00e1s all\u00e1 de Santa Fe, el reclamo de FECECO resuena en todo el pa\u00eds. Las c\u00e1maras empresarias, industriales y comerciales vienen alertando sobre el <strong>riesgo sist\u00e9mico que representan las tarifas el\u00e9ctricas sin control pol\u00edtico ni planificaci\u00f3n t\u00e9cnica<\/strong>.<\/p>\n\n\n\n<p>Los sectores productivos piden segmentaci\u00f3n inteligente, incentivos para la eficiencia, y di\u00e1logo institucional. Porque, como advirti\u00f3 Causo: <em>\u201cEsto no es una pataleta sectorial. Es una alarma encendida sobre todo el modelo productivo argentino\u201d<\/em>.<\/p>\n\n\n\n<hr class=\"wp-block-separator has-alpha-channel-opacity\"\/>\n\n\n\n<h3 class=\"wp-block-heading\"><\/h3>\n","protected":false},"excerpt":{"rendered":"<p>Julio Causo, presidente de FECECO, denuncia el colapso del sistema tarifario en Santa Fe. Boletas impagables, segmentaci\u00f3n injusta y falta de di\u00e1logo con la empresa de energ\u00eda ponen en jaque al comercio y la industria local. \u201cEsto no es una exageraci\u00f3n: hoy una factura de luz puede cerrar un negocio\u201d En Santa Fe, la electricidad&#8230;<\/p>\n","protected":false},"author":4,"featured_media":5604,"comment_status":"open","ping_status":"open","sticky":false,"template":"","format":"standard","meta":{"_monsterinsights_skip_tracking":false,"_monsterinsights_sitenote_active":false,"_monsterinsights_sitenote_note":"","_monsterinsights_sitenote_category":0,"footnotes":"","jetpack_publicize_message":"En Santa Fe, la electricidad se ha convertido en un lujo. Las peque\u00f1as y medianas empresas, ya golpeadas por la ca\u00edda del consumo y la inflaci\u00f3n, enfrentan tarifas imposibles de sostener","jetpack_publicize_feature_enabled":true,"jetpack_social_post_already_shared":false,"jetpack_social_options":{"image_generator_settings":{"template":"highway","default_image_id":0,"enabled":false},"version":2}},"categories":[3],"tags":[1807,1805,1808,1802,1810,1806,1811,1804,1809,1803],"class_list":["post-5603","post","type-post","status-publish","format-standard","has-post-thumbnail","hentry","category-economia","tag-costo-energia-pymes","tag-crisis-energetica-santa-fe","tag-doble-alumbrado-publico","tag-epe-boletas","tag-julio-causo-fececo","tag-medidores-inteligentes-comercios","tag-politica-energetica-argentina","tag-reclamo-fececo-luz","tag-segmentacion-tarifas-electricas","tag-tarifas-electricas-argentina-2025"],"jetpack_publicize_connections":[],"_links":{"self":[{"href":"https:\/\/www.enorsai.com\/noticias\/wp-json\/wp\/v2\/posts\/5603","targetHints":{"allow":["GET"]}}],"collection":[{"href":"https:\/\/www.enorsai.com\/noticias\/wp-json\/wp\/v2\/posts"}],"about":[{"href":"https:\/\/www.enorsai.com\/noticias\/wp-json\/wp\/v2\/types\/post"}],"author":[{"embeddable":true,"href":"https:\/\/www.enorsai.com\/noticias\/wp-json\/wp\/v2\/users\/4"}],"replies":[{"embeddable":true,"href":"https:\/\/www.enorsai.com\/noticias\/wp-json\/wp\/v2\/comments?post=5603"}],"version-history":[{"count":1,"href":"https:\/\/www.enorsai.com\/noticias\/wp-json\/wp\/v2\/posts\/5603\/revisions"}],"predecessor-version":[{"id":5605,"href":"https:\/\/www.enorsai.com\/noticias\/wp-json\/wp\/v2\/posts\/5603\/revisions\/5605"}],"wp:featuredmedia":[{"embeddable":true,"href":"https:\/\/www.enorsai.com\/noticias\/wp-json\/wp\/v2\/media\/5604"}],"wp:attachment":[{"href":"https:\/\/www.enorsai.com\/noticias\/wp-json\/wp\/v2\/media?parent=5603"}],"wp:term":[{"taxonomy":"category","embeddable":true,"href":"https:\/\/www.enorsai.com\/noticias\/wp-json\/wp\/v2\/categories?post=5603"},{"taxonomy":"post_tag","embeddable":true,"href":"https:\/\/www.enorsai.com\/noticias\/wp-json\/wp\/v2\/tags?post=5603"}],"curies":[{"name":"wp","href":"https:\/\/api.w.org\/{rel}","templated":true}]}}