{"id":56,"date":"2025-01-25T13:07:42","date_gmt":"2025-01-25T13:07:42","guid":{"rendered":"http:\/\/www.enorsai.com\/noticias\/?p=56"},"modified":"2025-01-25T13:07:42","modified_gmt":"2025-01-25T13:07:42","slug":"los-peligros-de-un-discurso-presidencial-entre-la-provocacion-y-la-violacion-de-derechos","status":"publish","type":"post","link":"https:\/\/www.enorsai.com\/noticias\/politica\/los-peligros-de-un-discurso-presidencial-entre-la-provocacion-y-la-violacion-de-derechos\/","title":{"rendered":"\u00abLos peligros de un discurso presidencial: entre la provocaci\u00f3n y la violaci\u00f3n de derechos\u00bb"},"content":{"rendered":"\n<p>Las declaraciones de Javier Milei en Davos desnudan una agenda conservadora y antidemocr\u00e1tica que amenaza los derechos conquistados y vulnera los principios constitucionales<br><br>En el foro econ\u00f3mico de Davos, el presidente Javier Milei pronunci\u00f3 un discurso que gener\u00f3 repudio por su contenido discriminatorio, su desconocimiento de datos oficiales y su intenci\u00f3n de legitimar pol\u00edticas regresivas. Las cr\u00edticas del diputado Maximiliano Ferraro no solo desnudan la peligrosidad de las declaraciones, sino tambi\u00e9n alertan sobre el avance de una agenda que busca erosionar derechos hist\u00f3ricamente conquistados.<br><br>\u201cEs un discurso totalmente inaceptable, peligroso, y no podemos dejarlo pasar\u201d. Con estas palabras, el diputado nacional Maximiliano Ferraro reaccion\u00f3 a las explosivas declaraciones del presidente Javier Milei en el Foro Econ\u00f3mico Mundial de Davos. En un tono que oscila entre la provocaci\u00f3n y el autoritarismo, Milei no solo cuestion\u00f3 derechos fundamentales, sino que tambi\u00e9n legitim\u00f3 ejemplos internacionales de gesti\u00f3n que socavan la democracia.<br><br>El impacto del discurso no es menor: Milei, desde un escenario global, reafirm\u00f3 una postura conservadora y discriminatoria que, seg\u00fan Ferraro, \u201creplica una moda internacional que amenaza el sistema republicano y los derechos humanos\u201d. Las referencias del presidente a l\u00edderes como Nayib Bukele y Viktor Orb\u00e1n, as\u00ed como su alineaci\u00f3n con el discurso inaugural de Donald Trump, refuerzan la preocupaci\u00f3n por el rumbo que puede tomar el pa\u00eds bajo su liderazgo.<br><br><br><strong>Un discurso fuera de la Constituci\u00f3n<br><\/strong><br>Ferraro fue contundente al afirmar que las declaraciones de Milei violan principios consagrados en la Constituci\u00f3n Nacional y tratados internacionales. \u201cEl presidente se plant\u00f3 por fuera de las leyes y de la Constituci\u00f3n, utilizando ejemplos aberrantes que estigmatizan a sectores vulnerables\u201d, advirti\u00f3 el legislador.<br><br>La referencia a datos falsos tambi\u00e9n fue objeto de cr\u00edtica. Seg\u00fan Ferraro, los dichos presidenciales sobre feminidios y abusos sexuales no solo carecen de respaldo estad\u00edstico, sino que ignoran evidencias contundentes. \u201cEl 94% de los casos de abuso son perpetrados por hombres heterosexuales en entornos familiares. Los datos est\u00e1n ah\u00ed. Que los vea\u201d, exigi\u00f3 Ferraro, citando informes del Ministerio P\u00fablico Tutelar de la Ciudad de Buenos Aires.<br><br>Por otro lado, las cifras del Observatorio de Violencia de G\u00e9nero tambi\u00e9n desmienten al presidente: en 2024, un feminidio se registr\u00f3 cada 27 horas, y 267 ni\u00f1os quedaron hu\u00e9rfanos por estos cr\u00edmenes. Mientras Milei intenta instalar un discurso que minimice estas tragedias, los datos revelan una realidad que no puede ser ignorada.<br><br><br><strong>La amenaza de las medidas regresivas<br><\/strong><br>Las palabras del presidente no se limitan a la ret\u00f3rica. Desde Casa Rosada ya trascendi\u00f3 la intenci\u00f3n de eliminar cupos por discapacidad, derogar la figura del feminidio y avanzar hacia una mal llamada \u201cigualdad ante la ley\u201d que desconoce desigualdades estructurales. Para Ferraro, estas iniciativas representan una \u201cprovocaci\u00f3n\u201d y un term\u00f3metro pol\u00edtico para medir la reacci\u00f3n del Congreso y la sociedad.<br><br>\u201cEste proyecto es violatorio de la Constituci\u00f3n. La libertad de igual que formularon los convencionales del &#8217;94 busca igualar los puntos de partida. No se trata de privilegios, sino de justicia social\u201d, enfatiz\u00f3 Ferraro. Adem\u00e1s, cuestion\u00f3 la pasividad de ciertos sectores pol\u00edticos que, en nombre de buenos n\u00fameros econ\u00f3micos, est\u00e1n dispuestos a tolerar estas medidas regresivas.<br><br><br><strong>La batalla cultural y el silencio c\u00f3mplice<br><\/strong><br>Milei\u2014al igual que otros l\u00edderes de derecha\u2014intenta revertir d\u00e9cadas de avances culturales y sociales. Las luchas por la igualdad de g\u00e9nero y los derechos del colectivo LGTBI, que transformaron el tejido social argentino, est\u00e1n hoy en peligro por un discurso que banaliza estas conquistas.<br><br>Para Ferraro, el silencio de algunos sectores es alarmante. \u201cVamos perdiendo la posibilidad de decir &#8216;esto no&#8217;. Hay una orden republicana que permite la degradaci\u00f3n discursiva y avala la violencia verbal y la vulgaridad\u201d, denunci\u00f3. Esta pasividad, seg\u00fan el legislador, habilita que discursos peligrosos se transformen en pol\u00edticas concretas que erosionan la democracia.<br><br><br><strong>El rol de la sociedad<br><\/strong><br>Pese a la gravedad de la situaci\u00f3n, Ferraro sostiene que la sociedad tiene el poder de marcar un l\u00edmite. \u201cLas formas y el fondo van de la mano. No podemos permitir que la vulgaridad y la diatriba sean la norma desde el poder\u201d, subray\u00f3.<br><br>La historia argentina demuestra que el silencio c\u00f3mplice no es una opci\u00f3n. Mientras Milei busca consolidar su agenda conservadora, la resistencia de una sociedad organizada y comprometida se presenta como el \u00fanico camino para preservar los derechos conquistados.<br><\/p>\n\n\n\n<div class=\"wp-block-query is-layout-flow wp-block-query-is-layout-flow\"><ul class=\"wp-block-post-template is-layout-flow wp-block-post-template-is-layout-flow\"><li class=\"wp-block-post post-13397 post type-post status-publish format-standard has-post-thumbnail hentry category-economia category-politica\">\n\n<div class=\"wp-block-columns are-vertically-aligned-center is-layout-flex wp-container-core-columns-is-layout-9d6595d7 wp-block-columns-is-layout-flex\">\n<div class=\"wp-block-column is-vertically-aligned-center is-layout-flow wp-block-column-is-layout-flow\" style=\"flex-basis:25%\"><figure class=\"wp-block-post-featured-image\"><a href=\"https:\/\/www.enorsai.com\/noticias\/politica\/milei-lo-hizo-hay-desabastecimiento-de-gas-y-limitan-la-venta-de-gnc\/\" target=\"_self\"  ><img loading=\"lazy\" decoding=\"async\" width=\"760\" height=\"469\" src=\"https:\/\/www.enorsai.com\/noticias\/wp-content\/uploads\/2025\/07\/20250704-gas.webp\" class=\"attachment-post-thumbnail size-post-thumbnail wp-post-image\" alt=\"Milei lo hizo: hay desabastecimiento de gas y limitan la venta de GNC\" style=\"object-fit:cover;\" srcset=\"https:\/\/www.enorsai.com\/noticias\/wp-content\/uploads\/2025\/07\/20250704-gas.webp 760w, https:\/\/www.enorsai.com\/noticias\/wp-content\/uploads\/2025\/07\/20250704-gas-300x185.webp 300w\" sizes=\"auto, (max-width: 760px) 100vw, 760px\" \/><\/a><\/figure><\/div>\n\n\n\n<div class=\"wp-block-column is-vertically-aligned-center is-layout-flow wp-block-column-is-layout-flow\" style=\"flex-basis:75%\"><h2 class=\"wp-block-post-title\"><a href=\"https:\/\/www.enorsai.com\/noticias\/politica\/milei-lo-hizo-hay-desabastecimiento-de-gas-y-limitan-la-venta-de-gnc\/\" target=\"_self\" >Milei lo hizo: hay desabastecimiento de gas y limitan la venta de GNC<\/a><\/h2><\/div>\n<\/div>\n\n<\/li><li class=\"wp-block-post post-13393 post type-post status-publish format-standard has-post-thumbnail hentry category-salud tag-ajuste tag-kicillof tag-milei\">\n\n<div class=\"wp-block-columns are-vertically-aligned-center is-layout-flex wp-container-core-columns-is-layout-9d6595d7 wp-block-columns-is-layout-flex\">\n<div class=\"wp-block-column is-vertically-aligned-center is-layout-flow wp-block-column-is-layout-flow\" style=\"flex-basis:25%\"><figure class=\"wp-block-post-featured-image\"><a href=\"https:\/\/www.enorsai.com\/noticias\/sociedad\/salud\/kicillof-refuerza-la-entrega-de-medicamentos-ante-el-ajuste-de-milei\/\" target=\"_self\"  ><img loading=\"lazy\" decoding=\"async\" width=\"1068\" height=\"712\" src=\"https:\/\/www.enorsai.com\/noticias\/wp-content\/uploads\/2026\/04\/kicillof-salud.jpg\" class=\"attachment-post-thumbnail size-post-thumbnail wp-post-image\" alt=\"Kicillof refuerza la entrega de medicamentos ante el ajuste de Milei\" style=\"object-fit:cover;\" srcset=\"https:\/\/www.enorsai.com\/noticias\/wp-content\/uploads\/2026\/04\/kicillof-salud.jpg 1068w, https:\/\/www.enorsai.com\/noticias\/wp-content\/uploads\/2026\/04\/kicillof-salud-300x200.jpg 300w, https:\/\/www.enorsai.com\/noticias\/wp-content\/uploads\/2026\/04\/kicillof-salud-1024x683.jpg 1024w, https:\/\/www.enorsai.com\/noticias\/wp-content\/uploads\/2026\/04\/kicillof-salud-768x512.jpg 768w, https:\/\/www.enorsai.com\/noticias\/wp-content\/uploads\/2026\/04\/kicillof-salud-600x400.jpg 600w\" sizes=\"auto, (max-width: 1068px) 100vw, 1068px\" \/><\/a><\/figure><\/div>\n\n\n\n<div class=\"wp-block-column is-vertically-aligned-center is-layout-flow wp-block-column-is-layout-flow\" style=\"flex-basis:75%\"><h2 class=\"wp-block-post-title\"><a href=\"https:\/\/www.enorsai.com\/noticias\/sociedad\/salud\/kicillof-refuerza-la-entrega-de-medicamentos-ante-el-ajuste-de-milei\/\" target=\"_self\" >Kicillof refuerza la entrega de medicamentos ante el ajuste de Milei<\/a><\/h2><\/div>\n<\/div>\n\n<\/li><li class=\"wp-block-post post-13379 post type-post status-publish format-standard has-post-thumbnail hentry category-comercios-economia category-economia tag-buenos-aires tag-cac tag-came tag-comercio tag-consumo tag-javier-milei tag-panaderias tag-recesion tag-trabajadores\">\n\n<div class=\"wp-block-columns are-vertically-aligned-center is-layout-flex wp-container-core-columns-is-layout-9d6595d7 wp-block-columns-is-layout-flex\">\n<div class=\"wp-block-column is-vertically-aligned-center is-layout-flow wp-block-column-is-layout-flow\" style=\"flex-basis:25%\"><figure class=\"wp-block-post-featured-image\"><a href=\"https:\/\/www.enorsai.com\/noticias\/economia\/la-cantidad-de-locales-vacios-crecio-385-en-la-ciudad-de-buenos-aires\/\" target=\"_self\"  ><img loading=\"lazy\" decoding=\"async\" width=\"960\" height=\"540\" src=\"https:\/\/www.enorsai.com\/noticias\/wp-content\/uploads\/2026\/04\/La-cantidad-de-locales-vacios-crecio-385-en-la-Ciudad-de-Buenos-Aires.png\" class=\"attachment-post-thumbnail size-post-thumbnail wp-post-image\" alt=\"La cantidad de locales vac\u00edos creci\u00f3 38,5% en la Ciudad de Buenos Aires\" style=\"object-fit:cover;\" srcset=\"https:\/\/www.enorsai.com\/noticias\/wp-content\/uploads\/2026\/04\/La-cantidad-de-locales-vacios-crecio-385-en-la-Ciudad-de-Buenos-Aires.png 960w, https:\/\/www.enorsai.com\/noticias\/wp-content\/uploads\/2026\/04\/La-cantidad-de-locales-vacios-crecio-385-en-la-Ciudad-de-Buenos-Aires-300x169.png 300w, https:\/\/www.enorsai.com\/noticias\/wp-content\/uploads\/2026\/04\/La-cantidad-de-locales-vacios-crecio-385-en-la-Ciudad-de-Buenos-Aires-768x432.png 768w\" sizes=\"auto, (max-width: 960px) 100vw, 960px\" \/><\/a><\/figure><\/div>\n\n\n\n<div class=\"wp-block-column is-vertically-aligned-center is-layout-flow wp-block-column-is-layout-flow\" style=\"flex-basis:75%\"><h2 class=\"wp-block-post-title\"><a href=\"https:\/\/www.enorsai.com\/noticias\/economia\/la-cantidad-de-locales-vacios-crecio-385-en-la-ciudad-de-buenos-aires\/\" target=\"_self\" >La cantidad de locales vac\u00edos creci\u00f3 38,5% en la Ciudad de Buenos Aires<\/a><\/h2><\/div>\n<\/div>\n\n<\/li><\/ul><\/div>\n","protected":false},"excerpt":{"rendered":"<p>Las declaraciones de Javier Milei en Davos desnudan una agenda conservadora y antidemocr\u00e1tica que amenaza los derechos conquistados y vulnera los principios constitucionales En el foro econ\u00f3mico de Davos, el presidente Javier Milei pronunci\u00f3 un discurso que gener\u00f3 repudio por su contenido discriminatorio, su desconocimiento de datos oficiales y su intenci\u00f3n de legitimar pol\u00edticas regresivas&#8230;.<\/p>\n","protected":false},"author":1,"featured_media":97,"comment_status":"open","ping_status":"open","sticky":false,"template":"","format":"standard","meta":{"_monsterinsights_skip_tracking":false,"_monsterinsights_sitenote_active":false,"_monsterinsights_sitenote_note":"","_monsterinsights_sitenote_category":0,"footnotes":"","jetpack_publicize_message":"","jetpack_publicize_feature_enabled":false,"jetpack_social_post_already_shared":false,"jetpack_social_options":{"image_generator_settings":{"template":"highway","enabled":false},"version":2}},"categories":[2],"tags":[],"class_list":["post-56","post","type-post","status-publish","format-standard","has-post-thumbnail","hentry","category-politica"],"jetpack_publicize_connections":[],"_links":{"self":[{"href":"https:\/\/www.enorsai.com\/noticias\/wp-json\/wp\/v2\/posts\/56","targetHints":{"allow":["GET"]}}],"collection":[{"href":"https:\/\/www.enorsai.com\/noticias\/wp-json\/wp\/v2\/posts"}],"about":[{"href":"https:\/\/www.enorsai.com\/noticias\/wp-json\/wp\/v2\/types\/post"}],"author":[{"embeddable":true,"href":"https:\/\/www.enorsai.com\/noticias\/wp-json\/wp\/v2\/users\/1"}],"replies":[{"embeddable":true,"href":"https:\/\/www.enorsai.com\/noticias\/wp-json\/wp\/v2\/comments?post=56"}],"version-history":[{"count":2,"href":"https:\/\/www.enorsai.com\/noticias\/wp-json\/wp\/v2\/posts\/56\/revisions"}],"predecessor-version":[{"id":98,"href":"https:\/\/www.enorsai.com\/noticias\/wp-json\/wp\/v2\/posts\/56\/revisions\/98"}],"wp:featuredmedia":[{"embeddable":true,"href":"https:\/\/www.enorsai.com\/noticias\/wp-json\/wp\/v2\/media\/97"}],"wp:attachment":[{"href":"https:\/\/www.enorsai.com\/noticias\/wp-json\/wp\/v2\/media?parent=56"}],"wp:term":[{"taxonomy":"category","embeddable":true,"href":"https:\/\/www.enorsai.com\/noticias\/wp-json\/wp\/v2\/categories?post=56"},{"taxonomy":"post_tag","embeddable":true,"href":"https:\/\/www.enorsai.com\/noticias\/wp-json\/wp\/v2\/tags?post=56"}],"curies":[{"name":"wp","href":"https:\/\/api.w.org\/{rel}","templated":true}]}}