{"id":5594,"date":"2025-06-25T09:19:16","date_gmt":"2025-06-25T12:19:16","guid":{"rendered":"https:\/\/www.enorsai.com\/noticias\/?p=5594"},"modified":"2025-06-25T09:24:19","modified_gmt":"2025-06-25T12:24:19","slug":"el-funcionamiento-esta-gravemente-danado-alejandro-lipcovich-denuncia-el-colapso-del-hospital-garrahan","status":"publish","type":"post","link":"https:\/\/www.enorsai.com\/noticias\/sociedad\/el-funcionamiento-esta-gravemente-danado-alejandro-lipcovich-denuncia-el-colapso-del-hospital-garrahan\/","title":{"rendered":"\u00abEl funcionamiento est\u00e1 gravemente da\u00f1ado\u00bb: Alejandro Lipcovich denuncia el colapso del Hospital Garrahan"},"content":{"rendered":"\n<h2 class=\"wp-block-heading\"><\/h2>\n\n\n\n<h3 class=\"wp-block-heading\"><em>El secretario general de ATE Garrahan anuncia un paro de 24 horas con festival comunitario: \u00abNo hay insumos, no hay presupuesto y el gobierno no aparece\u00bb. La comunidad se moviliza en defensa del principal hospital pedi\u00e1trico del pa\u00eds.<\/em><\/h3>\n\n\n\n<p><strong>Por Enorsai &#8211; 1 de julio de 2025<\/strong><\/p>\n\n\n\n<blockquote class=\"wp-block-quote is-layout-flow wp-block-quote-is-layout-flow\">\n<p><em>\u00abEstamos en un choque muy frontal. Si hoy se votara entre el Garrahan y el gobierno, ganar\u00edamos 90 a 10.\u00bb<\/em>\u2014 Alejandro Lipcovich, secretario general de ATE Garrahan<\/p>\n<\/blockquote>\n\n\n\n<p>Bajo un clima de crisis institucional, desfinanciamiento y ataques p\u00fablicos desde el gobierno nacional, los trabajadores del <strong>Hospital Garrahan<\/strong> convocaron a un <strong>paro de 24 horas<\/strong> acompa\u00f1ados por un <strong>festival comunitario<\/strong> , con actividades para ni\u00f1os, presentaciones art\u00edsticas y hasta una \u201c\u00f1oquiada\u201d solidaria.<strong><\/strong><strong><\/strong><strong><\/strong><\/p>\n\n\n\n<p>La medida busca visibilizar el deterioro progresivo del centro de salud m\u00e1s importante del pa\u00eds en su \u00e1rea pedi\u00e1trica. Y detr\u00e1s de cada reclamo laboral late un grito de alerta por la <strong>salud p\u00fablica argentina<\/strong> .<strong><\/strong><\/p>\n\n\n\n<p><code>SEO2025-WIN<\/code><\/p>\n\n\n\n<hr class=\"wp-block-separator has-alpha-channel-opacity\"\/>\n\n\n\n<h2 class=\"wp-block-heading\">\u00bfQu\u00e9 est\u00e1 pasando en el Garrahan?<\/h2>\n\n\n\n<p>Seg\u00fan explic\u00f3 <strong>Alejandro Lipcovich<\/strong> , secretario general de la Asociaci\u00f3n de Trabajadores del Estado (ATE) en el Garrahan, el hospital atraviesa una situaci\u00f3n cr\u00edtica:<strong><\/strong><\/p>\n\n\n\n<ul class=\"wp-block-list\">\n<li><strong>Insumos b\u00e1sicos<\/strong><\/li>\n\n\n\n<li><strong>Congelaci\u00f3n del presupuesto<\/strong><\/li>\n\n\n\n<li><strong>Renuncias de clave personal<\/strong><\/li>\n\n\n\n<li><strong>Negociaciones salariales estancadas<\/strong><\/li>\n\n\n\n<li><strong>Ausencia del gobierno en audiencias obligatorias<\/strong><\/li>\n<\/ul>\n\n\n\n<blockquote class=\"wp-block-quote is-layout-flow wp-block-quote-is-layout-flow\">\n<p>\u00abEl funcionamiento del hospital ya est\u00e1 gravemente da\u00f1ado. El paro afecta a\u00fan m\u00e1s al sistema, pero la crisis viene de antes.\u00bb<\/p>\n<\/blockquote>\n\n\n\n<p>Lipcovich asegur\u00f3 que el gobierno nacional no solo no presenta propuestas concretas, sino que ha faltado incluso a reuniones convocadas por la Secretar\u00eda de Trabajo. \u201cEnvi\u00f3 a una sola funcionaria de tercera l\u00ednea, sin mandato ni respuestas\u201d, denunci\u00f3.<\/p>\n\n\n\n<p><a href=\"https:\/\/www.enorsai.com.ar\/sociedad\/42601-son-bebes-con-particularidades-los-que-nacen-en-el-hospital--la-voz-de-un-neonatologo-del-garrahan.html\" data-type=\"link\" data-id=\"https:\/\/www.enorsai.com.ar\/sociedad\/42601-son-bebes-con-particularidades-los-que-nacen-en-el-hospital--la-voz-de-un-neonatologo-del-garrahan.html\"><strong>\u00abSon beb\u00e9s con particularidades los que nacen en el Hospital\u00bb: la voz de un neonat\u00f3logo del Garrahan <\/strong><\/a><\/p>\n\n\n\n<hr class=\"wp-block-separator has-alpha-channel-opacity\"\/>\n\n\n\n<h2 class=\"wp-block-heading\">Un hospital que necesita mucho m\u00e1s que un parche.<\/h2>\n\n\n\n<p>El Garrahan es uno de los pocos centros m\u00e9dicos en Argentina especializados en <strong>atenci\u00f3n pedi\u00e1trica de alta complejidad<\/strong> . Sus servicios incluyen:<strong><\/strong><\/p>\n\n\n\n<ul class=\"wp-block-list\">\n<li>Terapia intensiva neonatal<\/li>\n\n\n\n<li>Cirug\u00eda card\u00edaca infantil<\/li>\n\n\n\n<li>Oncolog\u00eda pedi\u00e1trica<\/li>\n\n\n\n<li>Nutrici\u00f3n y apoyo psicosocial<\/li>\n<\/ul>\n\n\n\n<p>Pero hoy, seg\u00fan Lipcovich, todo ese sistema funciona como \u201cun domingo cualquiera\u201d, cuando deber\u00eda estar plenamente operativo todos los d\u00edas.<\/p>\n\n\n\n<blockquote class=\"wp-block-quote is-layout-flow wp-block-quote-is-layout-flow\">\n<p>\u00abNo hay una pol\u00edtica de estado. Hay decisiones ideol\u00f3gicas que ponen en riesgo la vida de miles de chicos.\u00bb<\/p>\n<\/blockquote>\n\n\n\n<hr class=\"wp-block-separator has-alpha-channel-opacity\"\/>\n\n\n\n<h2 class=\"wp-block-heading\">Paro activo y festival comunitario: una protesta diferente<\/h2>\n\n\n\n<p>La jornada de protesta incluye:<\/p>\n\n\n\n<ul class=\"wp-block-list\">\n<li><strong>Paro de 24 horas <\/strong>con presencia de trabajadores en sus sectores<\/li>\n\n\n\n<li><strong>Festival comunitario <\/strong>en la Explanada de Combate de los Pozos<\/li>\n\n\n\n<li><strong>Actividades para ni\u00f1os y ni\u00f1as <\/strong>, organizadas por las maestras del jard\u00edn maternal del hospital.<\/li>\n\n\n\n<li><strong>Presentaciones art\u00edsticas y culturales.<\/strong><\/li>\n\n\n\n<li><strong>Venta solidaria de \u00f1oquis <\/strong>para recaudar fondos destinados al fondo de huelga<\/li>\n<\/ul>\n\n\n\n<p>Este punto \u00faltimo es clave: <strong>el gobierno amenaza con descuentos y despidos<\/strong> por la medida de fuerza. Por eso, desde ATE se cre\u00f3 un fondo colectivo de protecci\u00f3n laboral.<strong><\/strong><\/p>\n\n\n\n<blockquote class=\"wp-block-quote is-layout-flow wp-block-quote-is-layout-flow\">\n<p>\u00abComo te comentaban, tenemos salarios de 900 o 950 mil pesos, y encima nos enfrentamos a represalias. No vamos a dejar que nadie quede sin comer por luchar\u00bb, afirm\u00f3 Lipcovich.<\/p>\n\n\n\n<figure class=\"wp-block-embed is-type-wp-embed is-provider-incrustado wp-block-embed-incrustado\"><div class=\"wp-block-embed__wrapper\">\n<blockquote class=\"wp-embedded-content\" data-secret=\"GFgw6nZ7Bl\"><a href=\"https:\/\/www.enorsai.com\/noticias\/sociedad\/la-destruccion-del-conicet-el-ajuste-libertario-arrasa-con-la-ciencia-argentina\/\">La destrucci\u00f3n del CONICET: el ajuste libertario arrasa con la ciencia argentina<\/a><\/blockquote><iframe loading=\"lazy\" class=\"wp-embedded-content\" sandbox=\"allow-scripts\" security=\"restricted\" style=\"position: absolute; visibility: hidden;\" title=\"\u00abLa destrucci\u00f3n del CONICET: el ajuste libertario arrasa con la ciencia argentina\u00bb \u2014 \" src=\"https:\/\/www.enorsai.com\/noticias\/sociedad\/la-destruccion-del-conicet-el-ajuste-libertario-arrasa-con-la-ciencia-argentina\/embed\/#?secret=Aq7DU3eUjK#?secret=GFgw6nZ7Bl\" data-secret=\"GFgw6nZ7Bl\" width=\"600\" height=\"338\" frameborder=\"0\" marginwidth=\"0\" marginheight=\"0\" scrolling=\"no\"><\/iframe>\n<\/div><\/figure>\n<\/blockquote>\n\n\n\n<hr class=\"wp-block-separator has-alpha-channel-opacity\"\/>\n\n\n\n<h2 class=\"wp-block-heading\">Entrevista destacada<\/h2>\n\n\n\n<p>Durante su charla en <em>Radio Con Vos<\/em> , Lipcovich fue contundente:<em><\/em><\/p>\n\n\n\n<blockquote class=\"wp-block-quote is-layout-flow wp-block-quote-is-layout-flow\">\n<p><strong>\u00bfCu\u00e1l es el objetivo del paro?<\/strong>\u00abMostrarle a la sociedad que este hospital no puede seguir as\u00ed. Que si no hay respuesta, va a haber m\u00e1s renuncias, m\u00e1s vacantes y menos atenci\u00f3n.\u00bb<\/p>\n<\/blockquote>\n\n\n\n<blockquote class=\"wp-block-quote is-layout-flow wp-block-quote-is-layout-flow\">\n<p><strong>\u00bfC\u00f3mo ven la negociaci\u00f3n salarial?<\/strong>\u00abEst\u00e1 en punto muerto. El gobierno no aparece. Ni siquiera envi\u00f3 a alguien con autoridad.\u00bb<\/p>\n<\/blockquote>\n\n\n\n<blockquote class=\"wp-block-quote is-layout-flow wp-block-quote-is-layout-flow\">\n<p><strong>\u00bfHay esperanza de cambio?<\/strong>\u00abS\u00ed, porque si hoy se votara por el Garrahan o por el gobierno, ganar\u00edamos 90 a 10. Ac\u00e1 hay un choque muy frontal\u00bb.<\/p>\n<\/blockquote>\n\n\n\n<h2 class=\"wp-block-heading\"><\/h2>\n","protected":false},"excerpt":{"rendered":"<p>El secretario general de ATE Garrahan anuncia un paro de 24 horas con festival comunitario: \u00abNo hay insumos, no hay presupuesto y el gobierno no aparece\u00bb. La comunidad se moviliza en defensa del principal hospital pedi\u00e1trico del pa\u00eds. Por Enorsai &#8211; 1 de julio de 2025 \u00abEstamos en un choque muy frontal. Si hoy se&#8230;<\/p>\n","protected":false},"author":4,"featured_media":5595,"comment_status":"open","ping_status":"open","sticky":false,"template":"","format":"standard","meta":{"_monsterinsights_skip_tracking":false,"_monsterinsights_sitenote_active":false,"_monsterinsights_sitenote_note":"","_monsterinsights_sitenote_category":0,"footnotes":"","jetpack_publicize_message":"Bajo un clima de crisis institucional, desfinanciamiento y ataques p\u00fablicos desde el gobierno nacional, los trabajadores del Hospital Garrahan convocaron a un paro de 24 horas acompa\u00f1ados por un festival comunitario","jetpack_publicize_feature_enabled":true,"jetpack_social_post_already_shared":false,"jetpack_social_options":{"image_generator_settings":{"template":"highway","default_image_id":0,"enabled":false},"version":2}},"categories":[4],"tags":[1797,1800,1798,1801,1796],"class_list":["post-5594","post","type-post","status-publish","format-standard","has-post-thumbnail","hentry","category-sociedad","tag-alejandro-lipcovich-entrevista","tag-ataques-a-hospitales-publicos","tag-crisis-en-el-hospital-garrahan","tag-hospital-garrahan-protesta","tag-paro-garrahan-2025"],"jetpack_publicize_connections":[],"_links":{"self":[{"href":"https:\/\/www.enorsai.com\/noticias\/wp-json\/wp\/v2\/posts\/5594","targetHints":{"allow":["GET"]}}],"collection":[{"href":"https:\/\/www.enorsai.com\/noticias\/wp-json\/wp\/v2\/posts"}],"about":[{"href":"https:\/\/www.enorsai.com\/noticias\/wp-json\/wp\/v2\/types\/post"}],"author":[{"embeddable":true,"href":"https:\/\/www.enorsai.com\/noticias\/wp-json\/wp\/v2\/users\/4"}],"replies":[{"embeddable":true,"href":"https:\/\/www.enorsai.com\/noticias\/wp-json\/wp\/v2\/comments?post=5594"}],"version-history":[{"count":3,"href":"https:\/\/www.enorsai.com\/noticias\/wp-json\/wp\/v2\/posts\/5594\/revisions"}],"predecessor-version":[{"id":5598,"href":"https:\/\/www.enorsai.com\/noticias\/wp-json\/wp\/v2\/posts\/5594\/revisions\/5598"}],"wp:featuredmedia":[{"embeddable":true,"href":"https:\/\/www.enorsai.com\/noticias\/wp-json\/wp\/v2\/media\/5595"}],"wp:attachment":[{"href":"https:\/\/www.enorsai.com\/noticias\/wp-json\/wp\/v2\/media?parent=5594"}],"wp:term":[{"taxonomy":"category","embeddable":true,"href":"https:\/\/www.enorsai.com\/noticias\/wp-json\/wp\/v2\/categories?post=5594"},{"taxonomy":"post_tag","embeddable":true,"href":"https:\/\/www.enorsai.com\/noticias\/wp-json\/wp\/v2\/tags?post=5594"}],"curies":[{"name":"wp","href":"https:\/\/api.w.org\/{rel}","templated":true}]}}