{"id":5591,"date":"2025-06-25T08:46:20","date_gmt":"2025-06-25T11:46:20","guid":{"rendered":"https:\/\/www.enorsai.com\/noticias\/?p=5591"},"modified":"2025-06-25T08:46:20","modified_gmt":"2025-06-25T11:46:20","slug":"bullrich-y-milei-estafaron-a-60-familias-entregaron-viviendas-del-procrear-a-fuerzas-federales","status":"publish","type":"post","link":"https:\/\/www.enorsai.com\/noticias\/politica\/bullrich-y-milei-estafaron-a-60-familias-entregaron-viviendas-del-procrear-a-fuerzas-federales\/","title":{"rendered":"Bullrich y Milei estafaron a 60 familias: entregaron viviendas del Procrear a fuerzas federales"},"content":{"rendered":"\n<p><strong><em>Adjudicatarios iniciar\u00e1n acciones legales tras el sorpresivo traspaso de viviendas en Avellaneda, pese a haber cumplido con todos los requisitos.<\/em><\/strong><\/p>\n\n\n\n<p>En Avellaneda, unas 60 familias que hab\u00edan sido adjudicadas con viviendas del plan Procrear preparan una demanda judicial tras haber sido despojadas de los departamentos que les correspond\u00edan. Las propiedades fueron entregadas por el Ministerio de Seguridad de la Naci\u00f3n, encabezado por Patricia Bullrich, a efectivos de fuerzas federales en un acto que gener\u00f3 indignaci\u00f3n en el distrito. La primera acci\u00f3n legal se presentar\u00e1 este jueves, encabezada por el defensor del pueblo local, Daniel Garc\u00eda, y representa el reclamo de buena parte de los 160 grupos familiares afectados.<\/p>\n\n\n\n<p>La maniobra del gobierno nacional no solo implic\u00f3 apropiarse de viviendas construidas en la gesti\u00f3n anterior, sino que rompi\u00f3 con el proceso de adjudicaci\u00f3n legal que atravesaron los beneficiarios originales, quienes debieron cumplir con rigurosos requisitos econ\u00f3micos y habitacionales. Desde la intendencia de Avellaneda, actualmente conducida por Jorge Ferraresi, ya se comprometieron a brindar asistencia a los damnificados.<\/p>\n\n\n\n<p>Los departamentos, de uno, dos y tres ambientes, forman parte del complejo conocido como edificio Sagol, a metros de la estaci\u00f3n de tren, bautizado en honor a Luis \u201cChino\u201d Sagol, el primer intendente del distrito tras el regreso de la democracia en 1983. Fueron construidos con fondos del Procrear durante la gesti\u00f3n de Ferraresi al frente del Ministerio de H\u00e1bitat.<\/p>\n\n\n\n<p>Uno de los dirigentes que acompa\u00f1a el reclamo es Armando Bertolotto, expresidente del Concejo Deliberante local y actual referente del Frente Renovador. \u201cSi quer\u00edan hacer viviendas para los efectivos, en Avellaneda hay muchas opciones, muchos predios disponibles. Ante esa realidad, es inevitable pensar que prim\u00f3 un \u00e1nimo de vendetta pol\u00edtica\u201d, se\u00f1al\u00f3 en di\u00e1logo con el medio Buenos Aires\/12.<\/p>\n\n\n\n<p>Seg\u00fan el propio Bertolotto, \u201cesa construcci\u00f3n es el fruto de un enorme esfuerzo pol\u00edtico y de gesti\u00f3n\u201d. Y recuerda: \u201cHubo una gran pelea con el Banco Hipotecario, que es el que otorga los cr\u00e9ditos. Ellos quer\u00edan que se pagaran en UVAs, que hubiera sido un negocio enorme para ellos y nosotros lo impedimos, porque muchas familias se arruinaron con esa pol\u00edtica del macrismo\u201d<\/p>\n\n\n\n<p>Las viviendas estaban pr\u00e1cticamente terminadas en diciembre de 2023, a d\u00edas del cambio de gobierno. \u201cFaltaba uno o dos por ciento, cosas como reemplazar la luz de obra por la conexi\u00f3n definitiva, pero hay gente que en esas condiciones vive dos o tres a\u00f1os\u201d, agreg\u00f3 el dirigente renovador.<\/p>\n\n\n\n<p>Durante 2023 se realiz\u00f3 una preinscripci\u00f3n a la que se anotaron unas 500 familias. Tras un proceso de evaluaci\u00f3n que incluy\u00f3 acreditar la falta de vivienda propia y demostrar capacidad de pago, menos de la mitad qued\u00f3 en carrera. Luego se hizo un sorteo entre quienes cumpl\u00edan todos los requisitos. Los adjudicatarios esperaban mudarse y comenzar a pagar en enero de 2024, pero nunca obtuvieron respuestas.<\/p>\n\n\n\n<p>\u201cEn enero, ante la demora injustificada, pedimos explicaciones al gobierno nacional, no obtuvimos respuesta y al poco tiempo dieron de baja la p\u00e1gina web de Procrear. Ah\u00ed era donde la gente sub\u00eda la documentaci\u00f3n, segu\u00eda el avance, etc.\u201d, denunci\u00f3 Bertolotto.<\/p>\n\n\n\n<p>La paralizaci\u00f3n de las obras tambi\u00e9n perjudic\u00f3 al sector de la construcci\u00f3n. Empresas proveedoras reclaman por contratos incumplidos y lucro cesante, mientras que desde la UOCRA regional Avellaneda-Lan\u00fas, encabezada por H\u00e9ctor Villagra, se vienen organizando protestas frente al desmantelamiento del plan.<\/p>\n\n\n\n<p>En paralelo, las empresas encargadas de las obras tambi\u00e9n enfrentan costos extra por la necesidad de contratar seguridad privada. \u201cHoy se acumulan facturas impagas, pero eso no va a seguir as\u00ed para siempre\u201d, advirti\u00f3 el referente renovador.<\/p>\n\n\n\n<p>Hace un mes comenzaron a circular versiones sobre una posible maniobra por parte del Ministerio de Seguridad. Pese a las advertencias, no imaginaron que el desalojo se concretar\u00eda tan r\u00e1pidamente. El d\u00eda del acto de entrega, un grupo de adjudicatarios intent\u00f3 acercarse al edificio para reclamar por lo que consideran una usurpaci\u00f3n, pero fue bloqueado por un fuerte operativo de fuerzas federales. \u201cCasas para quienes nos cuidan\u201d<\/p>\n\n\n\n<p>Con una publicaci\u00f3n en sus redes sociales titulada \u201cCasas para quienes nos cuidan\u201d, Patricia Bullrich oficializ\u00f3 la entrega de 160 viviendas en Avellaneda: \u201cEl Ministerio de Econom\u00eda nos cedi\u00f3 viviendas del plan PROCREAR y las destinamos a quienes nos protegen todos los d\u00edas: nuestras Fuerzas. Van directo a ellos, sin intermediarios, sin amigos de la pol\u00edtica\u201d, afirm\u00f3. Seg\u00fan la ministra, se trata del inicio de un plan federal que contempla el traspaso de 329 viviendas en todo el pa\u00eds a fuerzas federales.<\/p>\n\n\n\n<p>El comunicado del Ministerio de Seguridad sostiene que las viviendas ser\u00e1n adjudicadas de forma directa y administradas por cada fuerza seg\u00fan su reglamento interno. Esta decisi\u00f3n no solo vulnera derechos adquiridos por quienes atravesaron el proceso del Procrear, sino que pone en duda la continuidad y transparencia de uno de los programas m\u00e1s importantes de acceso a la vivienda en la \u00faltima d\u00e9cada.<\/p>\n\n\n\n<p>Para los adjudicatarios desplazados, la pelea reci\u00e9n empieza. La presentaci\u00f3n judicial ser\u00e1 el primer paso de una escalada de reclamos por v\u00eda legal, institucional y pol\u00edtica, en defensa de su derecho a la vivienda y en repudio a lo que consideran una maniobra de despojo por motivos ideol\u00f3gicos.<\/p>\n\n\n\n<p>Por infocielo<\/p>\n","protected":false},"excerpt":{"rendered":"<p>Adjudicatarios iniciar\u00e1n acciones legales tras el sorpresivo traspaso de viviendas en Avellaneda, pese a haber cumplido con todos los requisitos. En Avellaneda, unas 60 familias que hab\u00edan sido adjudicadas con viviendas del plan Procrear preparan una demanda judicial tras haber sido despojadas de los departamentos que les correspond\u00edan. Las propiedades fueron entregadas por el Ministerio&#8230;<\/p>\n","protected":false},"author":5,"featured_media":5592,"comment_status":"open","ping_status":"open","sticky":false,"template":"","format":"standard","meta":{"_monsterinsights_skip_tracking":false,"_monsterinsights_sitenote_active":false,"_monsterinsights_sitenote_note":"","_monsterinsights_sitenote_category":0,"footnotes":"","jetpack_publicize_message":"","jetpack_publicize_feature_enabled":true,"jetpack_social_post_already_shared":true,"jetpack_social_options":{"image_generator_settings":{"template":"highway","default_image_id":0,"font":"","enabled":false},"version":2}},"categories":[2],"tags":[262,75,45],"class_list":["post-5591","post","type-post","status-publish","format-standard","has-post-thumbnail","hentry","category-politica","tag-bullrich","tag-corrupcion","tag-milei"],"jetpack_publicize_connections":[],"_links":{"self":[{"href":"https:\/\/www.enorsai.com\/noticias\/wp-json\/wp\/v2\/posts\/5591","targetHints":{"allow":["GET"]}}],"collection":[{"href":"https:\/\/www.enorsai.com\/noticias\/wp-json\/wp\/v2\/posts"}],"about":[{"href":"https:\/\/www.enorsai.com\/noticias\/wp-json\/wp\/v2\/types\/post"}],"author":[{"embeddable":true,"href":"https:\/\/www.enorsai.com\/noticias\/wp-json\/wp\/v2\/users\/5"}],"replies":[{"embeddable":true,"href":"https:\/\/www.enorsai.com\/noticias\/wp-json\/wp\/v2\/comments?post=5591"}],"version-history":[{"count":1,"href":"https:\/\/www.enorsai.com\/noticias\/wp-json\/wp\/v2\/posts\/5591\/revisions"}],"predecessor-version":[{"id":5593,"href":"https:\/\/www.enorsai.com\/noticias\/wp-json\/wp\/v2\/posts\/5591\/revisions\/5593"}],"wp:featuredmedia":[{"embeddable":true,"href":"https:\/\/www.enorsai.com\/noticias\/wp-json\/wp\/v2\/media\/5592"}],"wp:attachment":[{"href":"https:\/\/www.enorsai.com\/noticias\/wp-json\/wp\/v2\/media?parent=5591"}],"wp:term":[{"taxonomy":"category","embeddable":true,"href":"https:\/\/www.enorsai.com\/noticias\/wp-json\/wp\/v2\/categories?post=5591"},{"taxonomy":"post_tag","embeddable":true,"href":"https:\/\/www.enorsai.com\/noticias\/wp-json\/wp\/v2\/tags?post=5591"}],"curies":[{"name":"wp","href":"https:\/\/api.w.org\/{rel}","templated":true}]}}