{"id":5590,"date":"2025-06-25T06:50:59","date_gmt":"2025-06-25T09:50:59","guid":{"rendered":"https:\/\/www.enorsai.com\/noticias\/politica\/pettovello-relanza-el-0800-buchon-persecucion-ideologica-desde-el-ministerio-de-capital-humano\/"},"modified":"2025-06-25T06:50:59","modified_gmt":"2025-06-25T09:50:59","slug":"pettovello-relanza-el-0800-buchon-persecucion-ideologica-desde-el-ministerio-de-capital-humano","status":"publish","type":"post","link":"https:\/\/www.enorsai.com\/noticias\/politica\/pettovello-relanza-el-0800-buchon-persecucion-ideologica-desde-el-ministerio-de-capital-humano\/","title":{"rendered":"Pettovello relanza el \u00ab0800-buch\u00f3n\u00bb: persecuci\u00f3n ideol\u00f3gica desde el Ministerio de Capital Humano"},"content":{"rendered":"\n<p>Con el argumento de combatir el \u201cadoctrinamiento\u201d, la ministra Sandra Pettovello habilit\u00f3 una l\u00ednea para denunciar a docentes, reeditando pr\u00e1cticas de vigilancia que evocan lo peor del autoritarismo.<br><br>El Gobierno nacional impulsa una campa\u00f1a contra supuestos casos de adoctrinamiento en las escuelas, habilitando una l\u00ednea telef\u00f3nica para delatar a docentes y estudiantes. La medida fue duramente repudiada en redes por dirigentes pol\u00edticos y sectores educativos, que advierten sobre una persecuci\u00f3n ideol\u00f3gica orquestada desde el Estado.<\/p>\n\n\n\n<p><br>Una educaci\u00f3n vigilada<br><br>En un nuevo cap\u00edtulo de ofensiva ideol\u00f3gica contra el sistema educativo p\u00fablico, la ministra de Capital Humano, Sandra Pettovello, anunci\u00f3 la implementaci\u00f3n de una l\u00ednea telef\u00f3nica \u201canti-adoctrinamiento\u201d. Bajo el pretexto de resguardar la \u201clibertad de conciencia\u201d, el Gobierno pone en marcha un mecanismo que permite denunciar de forma an\u00f3nima a docentes por presuntas expresiones pol\u00edticas en las aulas. La iniciativa desat\u00f3 un inmediato repudio por parte de referentes pol\u00edticos, gremiales y ciudadanos que ven en esta pol\u00edtica un claro intento de intimidaci\u00f3n y censura.<br><br>\u201cL\u00ednea anti-adoctrinamiento. El kirchnerismo y sus segundas marcas siguen usando la educaci\u00f3n p\u00fablica para lavar cerebros&#8230;\u201d, escribi\u00f3 sin tapujos el vocero de comunicaci\u00f3n de Casa Rosada, Javier Lanari, en redes sociales. El mensaje no deja dudas: m\u00e1s que una herramienta pedag\u00f3gica, la medida busca profundizar una narrativa de estigmatizaci\u00f3n hacia el pensamiento cr\u00edtico, en especial aquel que no comulgue con el discurso oficial.<\/p>\n\n\n\n<p><br>Una reedici\u00f3n del \u201c0800-buch\u00f3n\u201d<br><br>La medida no es nueva. Durante el gobierno de Mauricio Macri, el exministro de Educaci\u00f3n Esteban Bullrich impuls\u00f3 una l\u00ednea similar en la Ciudad de Buenos Aires, que r\u00e1pidamente fue rebautizada por la comunidad educativa como el \u00ab0800-buch\u00f3n\u00bb, por su car\u00e1cter persecutorio. Aquel antecedente gener\u00f3 fuerte rechazo, pero ahora, con un gobierno nacional dispuesto a avanzar sobre todos los frentes, el mecanismo se reedita con mayor alcance y con una carga ideol\u00f3gica a\u00fan m\u00e1s expl\u00edcita.<\/p>\n\n\n\n<p><br>Reacciones inmediatas<br><br>Una de las voces m\u00e1s resonantes contra la iniciativa fue la de la ex titular de AySA, Malena Galmarini, quien ironiz\u00f3 en sus redes: \u201c\u00a1As\u00ed es Ministra! \u00a1Que dejen de dar historia! \u00bfQu\u00e9 es eso de que los pibes sepan sobre el pasado y no vuelvan a probar con pol\u00edticas que ya no funcionaron, eh? Para qu\u00e9 les vamos a ense\u00f1ar a pensar si para eso la tecnolog\u00eda nos trajo a ChatGPT\u2026\u201d.<br><br>Lejos de retroceder ante las cr\u00edticas, Pettovello redobl\u00f3 la apuesta. Horas despu\u00e9s del anuncio, recibi\u00f3 en su despacho a un alumno que denunci\u00f3 supuestos \u201chostigamientos ideol\u00f3gicos\u201d por parte de sus compa\u00f1eros. El gesto fue presentado como parte del plan \u201canti-adoctrinamiento\u201d, dejando en claro que, para el gobierno de Javier Milei, el enemigo est\u00e1 dentro de las aulas.<\/p>\n\n\n\n<p><br>Libertad s\u00ed, pero solo para algunos<br><br>El discurso oficial habla de \u201clibertad de conciencia\u201d y \u201cpluralidad de pensamiento\u201d, pero la implementaci\u00f3n concreta del plan revela otra cosa: se busca acallar toda perspectiva cr\u00edtica, especialmente si proviene del campo nacional y popular. Se criminaliza la ense\u00f1anza de historia, de derechos humanos, de pensamiento pol\u00edtico. El mensaje es claro: se puede hablar de libertad, siempre y cuando no se cuestione el modelo de ajuste, privatizaci\u00f3n y represi\u00f3n que lleva adelante la administraci\u00f3n libertaria.<br><br>En un contexto donde las universidades p\u00fablicas sufren recortes presupuestarios, los docentes universitarios cobran salarios por debajo de la l\u00ednea de pobreza y las ciencias sociales son deslegitimadas por el propio presidente, el lanzamiento de esta l\u00ednea de delaci\u00f3n no es una an\u00e9cdota, sino parte de una estrategia de disciplinamiento ideol\u00f3gico.<\/p>\n\n\n\n<p><br>El peligro de la delaci\u00f3n como pol\u00edtica p\u00fablica<br><br>Reinstalar canales de denuncia an\u00f3nima con contenido pol\u00edtico no solo pone en riesgo la integridad profesional de los docentes, sino tambi\u00e9n la convivencia democr\u00e1tica en los espacios educativos. La escuela p\u00fablica debe ser un \u00e1mbito de pensamiento libre, de construcci\u00f3n cr\u00edtica y de di\u00e1logo plural, no un campo minado por el miedo a ser vigilado por expresar una idea.<br><br>En lugar de mejorar la calidad educativa, fortalecer la infraestructura escolar o garantizar derechos b\u00e1sicos como la alimentaci\u00f3n en comedores, el Ministerio de Capital Humano dirige sus energ\u00edas a vigilar el pensamiento. Y eso, lejos de ser una pol\u00edtica educativa, es un acto de persecuci\u00f3n ideol\u00f3gica.<br><br>Fuente:<\/p>\n\n\n\n<ul class=\"wp-block-list\">\n<li>https:\/\/www.pagina12.com.ar\/836598-pettovello-lanzo-la-reedicion-del-0800-buchon-y-despues-se-a<\/li>\n<\/ul>\n","protected":false},"excerpt":{"rendered":"<p>Con el argumento de combatir el \u201cadoctrinamiento\u201d, la ministra Sandra Pettovello habilit\u00f3 una l\u00ednea para denunciar a docentes, reeditando pr\u00e1cticas de vigilancia que evocan lo peor del autoritarismo. El Gobierno nacional impulsa una campa\u00f1a contra supuestos casos de adoctrinamiento en las escuelas, habilitando una l\u00ednea telef\u00f3nica para delatar a docentes y estudiantes. La medida fue&#8230;<\/p>\n","protected":false},"author":1,"featured_media":5589,"comment_status":"open","ping_status":"open","sticky":false,"template":"","format":"standard","meta":{"_monsterinsights_skip_tracking":false,"_monsterinsights_sitenote_active":false,"_monsterinsights_sitenote_note":"","_monsterinsights_sitenote_category":0,"footnotes":"","jetpack_publicize_message":"","jetpack_publicize_feature_enabled":true,"jetpack_social_post_already_shared":true,"jetpack_social_options":{"image_generator_settings":{"template":"highway","default_image_id":0,"font":"","enabled":false},"version":2}},"categories":[2,4],"tags":[1795,504,513,276,1228,45,267,1043],"class_list":["post-5590","post","type-post","status-publish","format-standard","has-post-thumbnail","hentry","category-politica","category-sociedad","tag-adoctrinamiento","tag-censura","tag-docentes","tag-educacion","tag-kirchnerismo","tag-milei","tag-persecucion","tag-pettovello"],"jetpack_publicize_connections":[],"_links":{"self":[{"href":"https:\/\/www.enorsai.com\/noticias\/wp-json\/wp\/v2\/posts\/5590","targetHints":{"allow":["GET"]}}],"collection":[{"href":"https:\/\/www.enorsai.com\/noticias\/wp-json\/wp\/v2\/posts"}],"about":[{"href":"https:\/\/www.enorsai.com\/noticias\/wp-json\/wp\/v2\/types\/post"}],"author":[{"embeddable":true,"href":"https:\/\/www.enorsai.com\/noticias\/wp-json\/wp\/v2\/users\/1"}],"replies":[{"embeddable":true,"href":"https:\/\/www.enorsai.com\/noticias\/wp-json\/wp\/v2\/comments?post=5590"}],"version-history":[{"count":0,"href":"https:\/\/www.enorsai.com\/noticias\/wp-json\/wp\/v2\/posts\/5590\/revisions"}],"wp:featuredmedia":[{"embeddable":true,"href":"https:\/\/www.enorsai.com\/noticias\/wp-json\/wp\/v2\/media\/5589"}],"wp:attachment":[{"href":"https:\/\/www.enorsai.com\/noticias\/wp-json\/wp\/v2\/media?parent=5590"}],"wp:term":[{"taxonomy":"category","embeddable":true,"href":"https:\/\/www.enorsai.com\/noticias\/wp-json\/wp\/v2\/categories?post=5590"},{"taxonomy":"post_tag","embeddable":true,"href":"https:\/\/www.enorsai.com\/noticias\/wp-json\/wp\/v2\/tags?post=5590"}],"curies":[{"name":"wp","href":"https:\/\/api.w.org\/{rel}","templated":true}]}}