{"id":5581,"date":"2025-06-25T05:57:39","date_gmt":"2025-06-25T08:57:39","guid":{"rendered":"http:\/\/www.enorsai.com\/noticias\/?p=5581"},"modified":"2025-06-25T05:57:39","modified_gmt":"2025-06-25T08:57:39","slug":"meados-por-javier-milei-veto-la-ley-de-emergencia-para-bahia-blanca-donde-lo-voto-mas-del-60-del-electorado","status":"publish","type":"post","link":"https:\/\/www.enorsai.com\/noticias\/politica\/meados-por-javier-milei-veto-la-ley-de-emergencia-para-bahia-blanca-donde-lo-voto-mas-del-60-del-electorado\/","title":{"rendered":"Meados por Javier Milei: vet\u00f3 la Ley de Emergencia para Bah\u00eda Blanca donde lo vot\u00f3 m\u00e1s del 60% del electorado"},"content":{"rendered":"\n<p>Tras el desastre clim\u00e1tico que dej\u00f3 16 muertos, el Presidente decidi\u00f3 borrar con el codo la ayuda que se hab\u00eda aprobado con amplio consenso parlamentario. A Bah\u00eda Blanca \u2014donde arras\u00f3 en las urnas\u2014 Milei le paga con desprecio, ajuste y abandono.<\/p>\n\n\n\n<p>El Gobierno nacional vet\u00f3 la Ley 27.790 que declaraba la emergencia por las inundaciones en Bah\u00eda Blanca y Coronel Rosales, y que establec\u00eda un fondo especial de 200.000 millones de pesos para asistir a damnificados y reconstruir infraestructura. La decisi\u00f3n, adoptada a trav\u00e9s del Decreto 424\/2025, fue repudiada por intendentes, legisladores de todos los partidos y hasta por sectores que acompa\u00f1aron al oficialismo. Lo m\u00e1s ir\u00f3nico (y brutal) es que Milei castiga a una de las ciudades que m\u00e1s lo vot\u00f3 en todo el pais.<\/p>\n\n\n\n<p><strong>Cuando baja el agua, sube la crueldad<\/strong><\/p>\n\n\n\n<p>Con el mismo desprecio con el que relativiz\u00f3 el temporal de diciembre diciendo que los bahienses \u201ciban a resolverlo con sus recursos\u201d, Javier Milei volvi\u00f3 a ensa\u00f1arse con Bah\u00eda Blanca. Esta vez, directamente vetando la Ley 27.790, una norma aprobada por el Congreso con apoyo transversal y destinada a dar respuesta a una cat\u00e1strofe que dej\u00f3 16 personas muertas, familias destruidas y una ciudad literalmente partida al medio.<\/p>\n\n\n\n<p>El Decreto 424, firmado por Milei, Guillermo Francos y Patricia Bullrich, anula no solo la declaraci\u00f3n de emergencia, sino tambi\u00e9n la creaci\u00f3n de un fondo de 200.000 millones de pesos, las exenciones impositivas, la moratoria fiscal, los cr\u00e9ditos blandos y las obras de infraestructura previstas. En resumen: el Presidente borr\u00f3 de un plumazo todo el paquete de medidas que hab\u00eda sido pensado para reconstruir una de las ciudades m\u00e1s golpeadas por las lluvias torrenciales de marzo.<\/p>\n\n\n\n<h3 class=\"wp-block-heading\">\u201cFuertes con los d\u00e9biles, d\u00e9biles con los poderosos\u201d<\/h3>\n\n\n\n<p>Desde el PJ bonaerense, el rechazo fue inmediato. \u201cNo sorprende\u201d, dijeron, recordando que el Gobierno \u201csiempre avanza con la gente afuera\u201d. Para la oposici\u00f3n, lo de Milei no es un error ni un desliz presupuestario, sino una decisi\u00f3n pol\u00edtica y deliberadamente cruel. La senadora Juliana Di Tullio fue lapidaria: \u201cDecime que sos un gobierno desalmado y cruel sin decirme que sos un gobierno desalmado y cruel\u201d.<\/p>\n\n\n\n<p>El intendente Federico Susbielles fue m\u00e1s institucional pero igual de contundente: \u201cBah\u00eda tiene derecho a renacer. Pero la reconstrucci\u00f3n a\u00fan no comenz\u00f3. Se necesitan recursos y se necesitan ya\u201d. El jefe comunal record\u00f3 que los c\u00e1lculos realizados estimaban en m\u00e1s de $400.000 millones los costos de reconstrucci\u00f3n. \u201cLo que se vet\u00f3 era apenas una parte de lo necesario\u201d, insisti\u00f3.<\/p>\n\n\n\n<h3 class=\"wp-block-heading\">Las urnas que Milei eligi\u00f3 ignorar<\/h3>\n\n\n\n<p>La decisi\u00f3n de Javier Milei se vuelve a\u00fan m\u00e1s impactante al revisar los resultados electorales de Bah\u00eda Blanca. <strong>Javier Milei se impuso en el balotaje de las\u00a0elecciones 2023<\/strong>\u00a0de Bah\u00eda Blanca, de una manera aplastante. La Libertad Avanza alcanz\u00f3 los 114.546 votos, lo que representa el 63,28%, la porci\u00f3n m\u00e1s grande el electorado en esta instancia definitiva. Por su parte, Sergio Massa obtuvo 66.451 votos, que lo dej\u00f3 en el segundo lugar con el 36,71% y convirtiendo a Bah\u00eda en uno de sus bastiones electorales m\u00e1s s\u00f3lidos en la provincia de Buenos Aires. Sin embargo, lejos de devolver ese apoyo con gesti\u00f3n o sensibilidad, el presidente prefiri\u00f3 castigarla.<\/p>\n\n\n\n<p>Este veto expresa con claridad el desprecio con que Milei trata a su propio electorado. No es un problema ideol\u00f3gico ni geogr\u00e1fico. Es una se\u00f1al: si ni siquiera cuida a quienes lo votaron con fervor, \u00bfqu\u00e9 se puede esperar para el resto del pa\u00eds?<\/p>\n\n\n\n<h3 class=\"wp-block-heading\">El argumento del \u201cgasto duplicado\u201d<\/h3>\n\n\n\n<p>Desde el Gobierno, el portavoz Manuel Adorni intent\u00f3 justificar el veto alegando que ya se hab\u00edan transferido recursos a la ciudad a trav\u00e9s del Decreto 238\/25. Mencion\u00f3 una asistencia de $200.000 millones, otros $10.000 millones para el municipio, vuelos con insumos, ambulancias y hospitales m\u00f3viles. Sin embargo, legisladores de diferentes bloques \u2014incluso de la UCR\u2014 respondieron que la ley vetada ten\u00eda un alcance m\u00e1s profundo y estructural, y que no se superpon\u00eda con ninguna medida previa.<\/p>\n\n\n\n<p>\u201cLa norma apuntaba a la reconstrucci\u00f3n de infraestructura p\u00fablica, al reactivar el circuito econ\u00f3mico local, algo que el decreto no contempla\u201d, explicaron Maximiliano Abad y Karina Banfi. Desde el Banco Provincia, Juan Cuattromo tambi\u00e9n desminti\u00f3 al Gobierno y detall\u00f3 que ya se otorgaron $140 mil millones en cr\u00e9ditos desde la banca p\u00fablica para paliar la crisis.<\/p>\n\n\n\n<h3 class=\"wp-block-heading\">\u00abBasta de crueldad\u00bb<\/h3>\n\n\n\n<p>La diputada Victoria Tolosa Paz fue categ\u00f3rica: \u201cPlata hay. Puede usar los ATN o los fondos que se liberaron al eliminar la sobretasa del FMI. Pero Milei elige rifarla en el mercado financiero mientras le da la espalda a los que perdieron todo\u201d.<\/p>\n\n\n\n<p>Y es cierto. Los recursos existen. Pero la voluntad pol\u00edtica para utilizarlos en funci\u00f3n de la ciudadan\u00eda, no. Lo que est\u00e1 en juego no es la econom\u00eda, sino la escala de valores de un Gobierno que decidi\u00f3 convertir la crueldad en doctrina.<\/p>\n\n\n\n<h3 class=\"wp-block-heading\">Reconstruir sin Naci\u00f3n<\/h3>\n\n\n\n<p>Pese al abandono nacional, el intendente Susbielles detall\u00f3 lo realizado hasta el momento: subsidios por $683 millones a 418 emprendedores, $442 millones a 629 comercios, $261 millones para comercios en Ingeniero White y General Cerri, m\u00e1s fondos para asociaciones civiles, clubes deportivos y centros culturales. En total, <strong>1.328 beneficiarios y m\u00e1s de $1.800 millones invertidos<\/strong> entre aportes municipales, del puerto y del fondo solidario Bah\u00eda por Bah\u00eda.<\/p>\n\n\n\n<p>Pero sin Naci\u00f3n, todo es cuesta arriba. Y Milei lo sabe. Por eso lo hace.<\/p>\n\n\n\n<h3 class=\"wp-block-heading\">Ep\u00edlogo: la l\u00f3gica del l\u00e1tigo<\/h3>\n\n\n\n<p>Cuando Javier Milei decidi\u00f3 vetar la ayuda para Bah\u00eda Blanca, no solo desprotegi\u00f3 a miles de familias que lo apoyaron en las urnas. Tambi\u00e9n dej\u00f3 un mensaje grabado en piedra: <strong>no hay premio por el voto, ni empat\u00eda por la tragedia<\/strong>. Solo la l\u00f3gica del l\u00e1tigo, del ajuste, del castigo. Y de la indiferencia ante el sufrimiento ajeno, incluso si ese sufrimiento viene de quienes lo aplaudieron con fe.<\/p>\n\n\n\n<p>Fuentes:<\/p>\n\n\n\n<ul class=\"wp-block-list\">\n<li><a href=\"https:\/\/www.pagina12.com.ar\/836962-cuando-el-agua-baja-emerge-la-crueldad\">https:\/\/www.pagina12.com.ar\/836962-cuando-el-agua-baja-emerge-la-crueldad<\/a><\/li>\n\n\n\n<li><a href=\"https:\/\/www.corrienteshoy.com\/nacionales\/milei-veto-la-ley-de-emergencia-para-bahia-blanca-por-las-inundaciones.htm\">https:\/\/www.corrienteshoy.com\/nacionales\/milei-veto-la-ley-de-emergencia-para-bahia-blanca-por-las-inundaciones.htm<\/a> <a href=\"https:\/\/www.corrienteshoy.com\/nacionales\/milei-veto-la-ley-de-emergencia-para-bahia-blanca-por-las-inundaciones.htm?utm_source=chatgpt.com\" target=\"_blank\" rel=\"noreferrer noopener\">infobae.com+15corrienteshoy.com+15corrienteshoy.com+15<\/a><\/li>\n\n\n\n<li><a href=\"https:\/\/urgente24.com\/actualidad\/milei-veto-la-emergencia-bahia-blanca-falta-fuentes-financiamiento-n604091\">https:\/\/urgente24.com\/actualidad\/milei-veto-la-emergencia-bahia-blanca-falta-fuentes-financiamiento-n604091<\/a> <a href=\"https:\/\/www.corrienteshoy.com\/nacionales\/milei-veto-la-emergencia-para-bahia-blanca-por-falta-de-fuentes-de-financiamiento.htm?utm_source=chatgpt.com\" target=\"_blank\" rel=\"noreferrer noopener\">corrienteshoy.com<\/a><\/li>\n\n\n\n<li><a href=\"https:\/\/www.carlospazvivo.com\/milei-veto-la-ley-de-emergencia-por-las-inundaciones-en-bahia-blanca-y-genero-criticas\/\">https:\/\/www.carlospazvivo.com\/milei-veto-la-ley-de-emergencia-por-las-inundaciones-en-bahia-blanca-y-genero-criticas\/<\/a> <a href=\"https:\/\/www.carlospazvivo.com\/milei-veto-la-ley-de-emergencia-por-las-inundaciones-en-bahia-blanca-y-genero-criticas\/?utm_source=chatgpt.com\" target=\"_blank\" rel=\"noreferrer noopener\">carlospazvivo.com<\/a><\/li>\n\n\n\n<li><a href=\"https:\/\/www.lanacion.com.ar\/politica\/quien-gano-el-balotaje-de-las-elecciones-2023-para-presidente-en-bahia-blanca-buenos-aires-nid20112023\/\">https:\/\/www.lanacion.com.ar\/politica\/quien-gano-el-balotaje-de-las-elecciones-2023-para-presidente-en-bahia-blanca-buenos-aires-nid20112023\/<\/a><\/li>\n<\/ul>\n","protected":false},"excerpt":{"rendered":"<p>Tras el desastre clim\u00e1tico que dej\u00f3 16 muertos, el Presidente decidi\u00f3 borrar con el codo la ayuda que se hab\u00eda aprobado con amplio consenso parlamentario. A Bah\u00eda Blanca \u2014donde arras\u00f3 en las urnas\u2014 Milei le paga con desprecio, ajuste y abandono. El Gobierno nacional vet\u00f3 la Ley 27.790 que declaraba la emergencia por las inundaciones&#8230;<\/p>\n","protected":false},"author":2,"featured_media":5582,"comment_status":"open","ping_status":"open","sticky":false,"template":"","format":"standard","meta":{"_monsterinsights_skip_tracking":false,"_monsterinsights_sitenote_active":false,"_monsterinsights_sitenote_note":"","_monsterinsights_sitenote_category":0,"footnotes":"","jetpack_publicize_message":"","jetpack_publicize_feature_enabled":true,"jetpack_social_post_already_shared":true,"jetpack_social_options":{"image_generator_settings":{"template":"highway","default_image_id":0,"font":"","enabled":false},"version":2}},"categories":[2],"tags":[58,257,1794,854,838,106,605,45,853,1487],"class_list":["post-5581","post","type-post","status-publish","format-standard","has-post-thumbnail","hentry","category-politica","tag-ajuste","tag-congreso","tag-crueldad","tag-emergencia","tag-inundaciones","tag-javier-milei","tag-libertarios","tag-milei","tag-reconstruccion","tag-veto"],"jetpack_publicize_connections":[],"_links":{"self":[{"href":"https:\/\/www.enorsai.com\/noticias\/wp-json\/wp\/v2\/posts\/5581","targetHints":{"allow":["GET"]}}],"collection":[{"href":"https:\/\/www.enorsai.com\/noticias\/wp-json\/wp\/v2\/posts"}],"about":[{"href":"https:\/\/www.enorsai.com\/noticias\/wp-json\/wp\/v2\/types\/post"}],"author":[{"embeddable":true,"href":"https:\/\/www.enorsai.com\/noticias\/wp-json\/wp\/v2\/users\/2"}],"replies":[{"embeddable":true,"href":"https:\/\/www.enorsai.com\/noticias\/wp-json\/wp\/v2\/comments?post=5581"}],"version-history":[{"count":1,"href":"https:\/\/www.enorsai.com\/noticias\/wp-json\/wp\/v2\/posts\/5581\/revisions"}],"predecessor-version":[{"id":5583,"href":"https:\/\/www.enorsai.com\/noticias\/wp-json\/wp\/v2\/posts\/5581\/revisions\/5583"}],"wp:featuredmedia":[{"embeddable":true,"href":"https:\/\/www.enorsai.com\/noticias\/wp-json\/wp\/v2\/media\/5582"}],"wp:attachment":[{"href":"https:\/\/www.enorsai.com\/noticias\/wp-json\/wp\/v2\/media?parent=5581"}],"wp:term":[{"taxonomy":"category","embeddable":true,"href":"https:\/\/www.enorsai.com\/noticias\/wp-json\/wp\/v2\/categories?post=5581"},{"taxonomy":"post_tag","embeddable":true,"href":"https:\/\/www.enorsai.com\/noticias\/wp-json\/wp\/v2\/tags?post=5581"}],"curies":[{"name":"wp","href":"https:\/\/api.w.org\/{rel}","templated":true}]}}