{"id":5573,"date":"2025-06-24T13:40:15","date_gmt":"2025-06-24T16:40:15","guid":{"rendered":"https:\/\/www.enorsai.com\/noticias\/politica\/los-gobernadores-se-unen-para-exigir-a-nacion-la-restitucion-de-fondos\/"},"modified":"2025-06-24T13:40:15","modified_gmt":"2025-06-24T16:40:15","slug":"los-gobernadores-se-unen-para-exigir-a-nacion-la-restitucion-de-fondos","status":"publish","type":"post","link":"https:\/\/www.enorsai.com\/noticias\/politica\/los-gobernadores-se-unen-para-exigir-a-nacion-la-restitucion-de-fondos\/","title":{"rendered":"Los gobernadores se unen para exigir a Naci\u00f3n la restituci\u00f3n de fondos"},"content":{"rendered":"\n<p>Ante el recorte de partidas clave por parte del Gobierno nacional, mandatarios provinciales impulsan una ley para garantizar recursos que consideran indispensables para el funcionamiento de los servicios b\u00e1sicos. La decisi\u00f3n refleja un grado de consenso pol\u00edtico pocas veces visto entre mandatarios de diferentes signos.<br><br>Veintitr\u00e9s gobernadores, junto con el jefe de Gobierno de la Ciudad Aut\u00f3noma de Buenos Aires, se unieron para impulsar una iniciativa legislativa que apunta a restituir recursos econ\u00f3micos que les fueron recortados o retenidos de manera unilateral por la administraci\u00f3n nacional. La decisi\u00f3n no es menor: refleja un grado de consenso pol\u00edtico pocas veces visto entre mandatarios de diferentes signos y pone sobre la mesa el delicado equilibrio entre la autonom\u00eda provincial y el poder central.<\/p>\n\n\n\n<p><br>Las provincias denuncian la p\u00e9rdida de fondos que hist\u00f3ricamente fueron distribuidos mediante mecanismos establecidos en la Ley de Coparticipaci\u00f3n, como el impuesto a los combustibles l\u00edquidos y los Aportes del Tesoro Nacional (ATN). En ambos casos, se trata de recursos que, por su naturaleza, est\u00e1n pensados para compensar desigualdades regionales, sostener servicios p\u00fablicos esenciales y asegurar el funcionamiento b\u00e1sico de los Estados subnacionales. La retenci\u00f3n o distribuci\u00f3n discrecional de esos fondos golpea con fuerza a las provincias m\u00e1s peque\u00f1as o con menor capacidad de recaudaci\u00f3n propia.<\/p>\n\n\n\n<p><br>En ese contexto, el reclamo de los gobernadores no es solo econ\u00f3mico, sino tambi\u00e9n institucional. Las decisiones tomadas desde la Casa Rosada, bajo el argumento de un reordenamiento del gasto p\u00fablico nacional, impactan directamente en los presupuestos provinciales. La eliminaci\u00f3n o reducci\u00f3n de transferencias no autom\u00e1ticas, sumada a la inflaci\u00f3n persistente y la ca\u00edda de la actividad econ\u00f3mica, ha puesto en jaque la capacidad de varios gobiernos provinciales para hacer frente a sus obligaciones m\u00e1s elementales: pago de salarios, aguinaldos, funcionamiento de hospitales, mantenimiento de escuelas y asistencia social b\u00e1sica.<\/p>\n\n\n\n<p><br><br><strong>Reglas claras frente al disciplinamiento<\/strong><\/p>\n\n\n\n<p><br>El proyecto de ley que ahora se impulsa desde el Congreso busca dar respuesta a este escenario. Plantea, entre otros puntos, la restituci\u00f3n de los fondos del impuesto a los combustibles en favor de las provincias y una distribuci\u00f3n m\u00e1s transparente y equitativa de los ATN, estableciendo reglas claras para evitar que estos recursos sean utilizados como herramienta de disciplinamiento pol\u00edtico o administrativo.<\/p>\n\n\n\n<p><br>No se trata solamente de una discusi\u00f3n t\u00e9cnica o contable. Lo que est\u00e1 en juego es la sostenibilidad del modelo federal y la necesidad de redefinir un esquema de distribuci\u00f3n de recursos que permita a todas las provincias sostener un piso m\u00ednimo de funcionamiento institucional. Si las decisiones de ajuste recaen desproporcionadamente sobre los gobiernos locales, el resultado no ser\u00e1 otro que un aumento de las asimetr\u00edas territoriales, la paralizaci\u00f3n de servicios b\u00e1sicos y el debilitamiento de la representaci\u00f3n pol\u00edtica en las regiones.<\/p>\n\n\n\n<p><br>La advertencia de los gobernadores -quienes anticiparon que, ante un eventual veto presidencial, insistir\u00e1n con la ley con el respaldo parlamentario de sus bloques- pone en evidencia el grado de desgaste en la relaci\u00f3n Naci\u00f3n-provincias. Lo que comenz\u00f3 como un reclamo aislado por partidas incumplidas hoy se consolida como un frente com\u00fan que busca, mediante mecanismos institucionales, reequilibrar las reglas del juego en un pa\u00eds donde la concentraci\u00f3n de poder en el Ejecutivo nacional ha sido hist\u00f3ricamente una constante.<\/p>\n\n\n\n<p><br>Frente a este escenario, el di\u00e1logo aparece como el \u00fanico camino razonable. La Naci\u00f3n necesita de las provincias para sostener la gobernabilidad y \u00e9stas, a su vez, requieren de una administraci\u00f3n central que respete los compromisos asumidos y reconozca su rol en el entramado pol\u00edtico, econ\u00f3mico y social del pa\u00eds. Sin un acuerdo duradero, basado en la equidad y el respeto al pacto federal, los costos de esta disputa terminar\u00e1n recayendo -como siempre- sobre la ciudadan\u00eda.<\/p>\n","protected":false},"excerpt":{"rendered":"<p>Ante el recorte de partidas clave por parte del Gobierno nacional, mandatarios provinciales impulsan una ley para garantizar recursos que consideran indispensables para el funcionamiento de los servicios b\u00e1sicos. La decisi\u00f3n refleja un grado de consenso pol\u00edtico pocas veces visto entre mandatarios de diferentes signos. Veintitr\u00e9s gobernadores, junto con el jefe de Gobierno de la&#8230;<\/p>\n","protected":false},"author":1,"featured_media":5572,"comment_status":"open","ping_status":"open","sticky":false,"template":"","format":"standard","meta":{"_monsterinsights_skip_tracking":false,"_monsterinsights_sitenote_active":false,"_monsterinsights_sitenote_note":"","_monsterinsights_sitenote_category":0,"footnotes":"","jetpack_publicize_message":"","jetpack_publicize_feature_enabled":true,"jetpack_social_post_already_shared":true,"jetpack_social_options":{"image_generator_settings":{"template":"highway","default_image_id":0,"font":"","enabled":false},"version":2}},"categories":[2],"tags":[],"class_list":["post-5573","post","type-post","status-publish","format-standard","has-post-thumbnail","hentry","category-politica"],"jetpack_publicize_connections":[],"_links":{"self":[{"href":"https:\/\/www.enorsai.com\/noticias\/wp-json\/wp\/v2\/posts\/5573","targetHints":{"allow":["GET"]}}],"collection":[{"href":"https:\/\/www.enorsai.com\/noticias\/wp-json\/wp\/v2\/posts"}],"about":[{"href":"https:\/\/www.enorsai.com\/noticias\/wp-json\/wp\/v2\/types\/post"}],"author":[{"embeddable":true,"href":"https:\/\/www.enorsai.com\/noticias\/wp-json\/wp\/v2\/users\/1"}],"replies":[{"embeddable":true,"href":"https:\/\/www.enorsai.com\/noticias\/wp-json\/wp\/v2\/comments?post=5573"}],"version-history":[{"count":0,"href":"https:\/\/www.enorsai.com\/noticias\/wp-json\/wp\/v2\/posts\/5573\/revisions"}],"wp:featuredmedia":[{"embeddable":true,"href":"https:\/\/www.enorsai.com\/noticias\/wp-json\/wp\/v2\/media\/5572"}],"wp:attachment":[{"href":"https:\/\/www.enorsai.com\/noticias\/wp-json\/wp\/v2\/media?parent=5573"}],"wp:term":[{"taxonomy":"category","embeddable":true,"href":"https:\/\/www.enorsai.com\/noticias\/wp-json\/wp\/v2\/categories?post=5573"},{"taxonomy":"post_tag","embeddable":true,"href":"https:\/\/www.enorsai.com\/noticias\/wp-json\/wp\/v2\/tags?post=5573"}],"curies":[{"name":"wp","href":"https:\/\/api.w.org\/{rel}","templated":true}]}}