{"id":5570,"date":"2025-06-24T13:22:31","date_gmt":"2025-06-24T16:22:31","guid":{"rendered":"https:\/\/www.enorsai.com\/noticias\/sociedad\/un-nino-autista-lleva-al-presidente-milei-a-la-justicia-por-violencia-digital\/"},"modified":"2025-06-24T13:35:26","modified_gmt":"2025-06-24T16:35:26","slug":"un-nino-autista-lleva-al-presidente-milei-a-la-justicia-por-violencia-digital","status":"publish","type":"post","link":"https:\/\/www.enorsai.com\/noticias\/sociedad\/un-nino-autista-lleva-al-presidente-milei-a-la-justicia-por-violencia-digital\/","title":{"rendered":"El ni\u00f1o autista Ian Moche lleva al presidente Milei a la Justicia por violencia digital"},"content":{"rendered":"\n<p>La familia del joven activista present\u00f3 una denuncia judicial contra Javier Milei por un ataque en redes sociales que vulnera el principio del inter\u00e9s superior del ni\u00f1o. Tambi\u00e9n exigieron que el mandatario se abstenga de nuevas agresiones.<br \/><br \/>El presidente fue denunciado por el activista autista de 12 a\u00f1os, Ian Moche, quien lo acusa de haberlo agraviado p\u00fablicamente en X (ex Twitter). El escrito judicial exige la eliminaci\u00f3n de la publicaci\u00f3n ofensiva, advierte sobre la gravedad institucional del caso y denuncia un patr\u00f3n de violencia simb\u00f3lica desde el Estado hacia personas neurodivergentes.<br \/><br \/>Un nuevo cap\u00edtulo de intolerancia institucional y desprecio hacia los sectores m\u00e1s vulnerables se abri\u00f3 este lunes cuando la familia de Ian Moche, un ni\u00f1o autista de 12 a\u00f1os y reconocido activista por los derechos de las personas neurodivergentes, denunci\u00f3 judicialmente al presidente Javier Milei. La causa se basa en una publicaci\u00f3n realizada por el mandatario en la red social X (ex Twitter), el pasado 1\u00ba de junio, en la que, seg\u00fan la denuncia, Milei incurri\u00f3 en una clara violaci\u00f3n del principio del inter\u00e9s superior del ni\u00f1o.<br \/><br \/>El escrito judicial, presentado con el patrocinio del constitucionalista Andr\u00e9s Gil Dom\u00ednguez, solicita al juez o jueza actuante que ordene la eliminaci\u00f3n de la publicaci\u00f3n ofensiva realizada desde la cuenta oficial del presidente, debidamente verificada, y que le impida replicar este tipo de acciones en el futuro.<br \/><br \/>\u201cLa publicaci\u00f3n no s\u00f3lo agravia a Ian como ni\u00f1o y como activista, sino que instala un precedente sumamente grave de violencia simb\u00f3lica ejercida desde la m\u00e1s alta autoridad del Estado contra un menor de edad neurodivergente\u201d, expresa el texto.<br \/><br \/>Desde 2022, Ian Moche lleva adelante una destacada labor de concientizaci\u00f3n sobre autismo y neurodivergencias. Junto a su familia, ha recorrido el pa\u00eds brindando charlas educativas, convirti\u00e9ndose en un referente de inclusi\u00f3n desde una perspectiva centrada en el acompa\u00f1amiento familiar. \u201cNo pertenezco a ninguna fundaci\u00f3n ni asociaci\u00f3n. Con mi familia recorremos el pa\u00eds para generar conciencia\u201d, aclar\u00f3, anticip\u00e1ndose a los ataques digitales que ya lo tildaban, sin pruebas, de \u201ckirchnerista\u201d u \u201copositor\u201d.<br \/><br \/>La denuncia tambi\u00e9n resalta el destrato institucional que sufri\u00f3 Ian por parte del titular de la Agencia Nacional de Discapacidad (Andis), Diego Spagnuolo, durante una reuni\u00f3n mantenida en marzo de 2024. En aquella ocasi\u00f3n, seg\u00fan relata el joven, el funcionario libertario desestim\u00f3 su condici\u00f3n con un comentario cruel: \u201cSi tuvo un hijo con discapacidad, es un problema familiar, no del Estado\u201d. Una frase que no solo desnuda la ideolog\u00eda profundamente individualista de la actual gesti\u00f3n, sino que tambi\u00e9n reafirma su decisi\u00f3n de desentenderse de las pol\u00edticas p\u00fablicas de inclusi\u00f3n.<br \/><br \/>La familia Moche sostiene que la publicaci\u00f3n de Milei, lejos de ser un episodio aislado, responde a una pr\u00e1ctica sistem\u00e1tica de persecuci\u00f3n discursiva contra quienes se atreven a expresar disidencias, a\u00fan cuando se trate de ni\u00f1os. \u201cEste caso no se trata \u00fanicamente de un ni\u00f1o atacado en redes, se trata de un presidente que utiliza su investidura para perseguir a un menor por el solo hecho de ejercer su derecho a la expresi\u00f3n\u201d, argumenta la presentaci\u00f3n judicial.<br \/><br \/>La demanda solicita al Poder Judicial que reconozca el car\u00e1cter constitucional del caso, que declare la existencia de gravedad institucional y que dicte una sentencia autosatisfactiva con efecto inmediato. En concreto, exige:<br \/><br \/>1. Que se tenga por promovido un proceso autosatisfactivo.<br \/><br \/><br \/>2. Que se reconozca la existencia de un caso constitucional.<br \/><br \/><br \/>3. Que se ordene la eliminaci\u00f3n de la publicaci\u00f3n realizada por Milei el 1 de junio de 2025, a las 12:26, desde su cuenta oficial verificada en X.<br \/><br \/><br \/>4. Que se le ordene abstenerse de realizar publicaciones similares contra Ian o cualquier otro menor en el futuro.<br \/><br \/><br \/><br \/>La denuncia no s\u00f3lo interpela a la figura presidencial, sino que expone con crudeza el modo en que el actual gobierno concibe la gesti\u00f3n del Estado: como un espacio que puede usar su poder para intimidar, vulnerar derechos e invisibilizar a quienes cuestionan sus decisiones. En este caso, la v\u00edctima es un ni\u00f1o que representa a miles de otras infancias neurodivergentes.<br \/><br \/>En tiempos donde la violencia digital es parte del repertorio cotidiano del poder, el caso de Ian Moche se transforma en un llamado de atenci\u00f3n urgente. No s\u00f3lo por el acto de coraje que representa denunciar al presidente de la Naci\u00f3n, sino tambi\u00e9n porque pone en evidencia un l\u00edmite que no puede seguir siendo traspasado: el derecho de ni\u00f1os y ni\u00f1as a ser protegidos, escuchados y respetados, incluso \u2014y sobre todo\u2014 por quienes ocupan los m\u00e1ximos cargos p\u00fablicos.<br \/><br \/><br \/>Fuente:<\/p>\n\n\n\n<ul class=\"wp-block-list\">\n<li>https:\/\/www.tiempoar.com.ar\/ta_article\/el-joven-autista-ian-moche-denuncio-en-la-justicia-a-milei-por-atacarlo-en-las-redes\/<\/li>\n<\/ul>\n","protected":false},"excerpt":{"rendered":"<p>La familia del joven activista present\u00f3 una denuncia judicial contra Javier Milei por un ataque en redes sociales que vulnera el principio del inter\u00e9s superior del ni\u00f1o. Tambi\u00e9n exigieron que el mandatario se abstenga de nuevas agresiones. El presidente fue denunciado por el activista autista de 12 a\u00f1os, Ian Moche, quien lo acusa de haberlo&#8230;<\/p>\n","protected":false},"author":9,"featured_media":5569,"comment_status":"open","ping_status":"open","sticky":false,"template":"","format":"standard","meta":{"_monsterinsights_skip_tracking":false,"_monsterinsights_sitenote_active":false,"_monsterinsights_sitenote_note":"","_monsterinsights_sitenote_category":0,"footnotes":"","jetpack_publicize_message":"","jetpack_publicize_feature_enabled":true,"jetpack_social_post_already_shared":true,"jetpack_social_options":{"image_generator_settings":{"template":"highway","default_image_id":0,"font":"","enabled":false},"version":2}},"categories":[4],"tags":[],"class_list":["post-5570","post","type-post","status-publish","format-standard","has-post-thumbnail","hentry","category-sociedad"],"jetpack_publicize_connections":[],"_links":{"self":[{"href":"https:\/\/www.enorsai.com\/noticias\/wp-json\/wp\/v2\/posts\/5570","targetHints":{"allow":["GET"]}}],"collection":[{"href":"https:\/\/www.enorsai.com\/noticias\/wp-json\/wp\/v2\/posts"}],"about":[{"href":"https:\/\/www.enorsai.com\/noticias\/wp-json\/wp\/v2\/types\/post"}],"author":[{"embeddable":true,"href":"https:\/\/www.enorsai.com\/noticias\/wp-json\/wp\/v2\/users\/9"}],"replies":[{"embeddable":true,"href":"https:\/\/www.enorsai.com\/noticias\/wp-json\/wp\/v2\/comments?post=5570"}],"version-history":[{"count":1,"href":"https:\/\/www.enorsai.com\/noticias\/wp-json\/wp\/v2\/posts\/5570\/revisions"}],"predecessor-version":[{"id":5571,"href":"https:\/\/www.enorsai.com\/noticias\/wp-json\/wp\/v2\/posts\/5570\/revisions\/5571"}],"wp:featuredmedia":[{"embeddable":true,"href":"https:\/\/www.enorsai.com\/noticias\/wp-json\/wp\/v2\/media\/5569"}],"wp:attachment":[{"href":"https:\/\/www.enorsai.com\/noticias\/wp-json\/wp\/v2\/media?parent=5570"}],"wp:term":[{"taxonomy":"category","embeddable":true,"href":"https:\/\/www.enorsai.com\/noticias\/wp-json\/wp\/v2\/categories?post=5570"},{"taxonomy":"post_tag","embeddable":true,"href":"https:\/\/www.enorsai.com\/noticias\/wp-json\/wp\/v2\/tags?post=5570"}],"curies":[{"name":"wp","href":"https:\/\/api.w.org\/{rel}","templated":true}]}}