{"id":5563,"date":"2025-06-24T11:27:57","date_gmt":"2025-06-24T14:27:57","guid":{"rendered":"https:\/\/www.enorsai.com\/noticias\/?p=5563"},"modified":"2025-06-24T11:27:57","modified_gmt":"2025-06-24T14:27:57","slug":"patricia-bullrich-bajo-fuego-judicial-la-acusan-de-montar-un-aparato-represivo-e-ilegal","status":"publish","type":"post","link":"https:\/\/www.enorsai.com\/noticias\/politica\/patricia-bullrich-bajo-fuego-judicial-la-acusan-de-montar-un-aparato-represivo-e-ilegal\/","title":{"rendered":"Patricia Bullrich, bajo fuego judicial: la acusan de montar un aparato represivo e ilegal"},"content":{"rendered":"\n<p><\/p>\n\n\n\n<hr class=\"wp-block-separator has-alpha-channel-opacity\"\/>\n\n\n\n<h2 class=\"wp-block-heading\">La denuncia de Leopoldo Moreau expone un esquema de control social que recuerda a \u00e9pocas oscuras de la Argentina<\/h2>\n\n\n\n<h3 class=\"wp-block-heading\">El diputado nacional <strong>Leopoldo Moreau<\/strong> present\u00f3 una denuncia penal contra la ministra de Seguridad, <strong>Patricia Bullrich<\/strong>, por abuso de autoridad, incumplimiento de los deberes de funcionaria p\u00fablica, y violaciones a la ley de inteligencia y de protecci\u00f3n de datos personales. Seg\u00fan Moreau, Bullrich est\u00e1 llevando adelante un <strong>plan sistem\u00e1tico de represi\u00f3n y vigilancia ilegal<\/strong>, destinado a <strong>impedir el ejercicio de derechos constitucionales<\/strong> como la protesta y la libre circulaci\u00f3n.<\/h3>\n\n\n\n<p>La denuncia se formaliz\u00f3 en el <strong>Juzgado Federal N\u00b08 a cargo del juez Marcelo Mart\u00ednez De Giorgi<\/strong>, y tambi\u00e9n involucra a los jefes de las fuerzas federales de seguridad, a quienes se acusa de ser c\u00f3mplices de un accionar ilegal que no solo impide manifestaciones, sino que <strong>recopila informaci\u00f3n sobre militantes y ciudadanos comunes<\/strong> para realizar inteligencia sin orden judicial.<\/p>\n\n\n\n<h3 class=\"wp-block-heading\">\u00bfQu\u00e9 pas\u00f3 el 18 de junio?<\/h3>\n\n\n\n<p>El hecho detonante fue lo ocurrido el <strong>18 de junio<\/strong>, cuando miles de manifestantes que intentaban llegar a la <strong>Plaza de Mayo para apoyar a Cristina Fern\u00e1ndez de Kirchner<\/strong> fueron bloqueados en los accesos a la Ciudad de Buenos Aires. La denuncia de Moreau subraya que el derecho a manifestarse est\u00e1 garantizado por la Constituci\u00f3n Nacional, y que <strong>impedir el acceso a la ciudad por razones ideol\u00f3gicas o partidarias constituye una pr\u00e1ctica inaceptable en democracia<\/strong>.<\/p>\n\n\n\n<p>\u00abLos partidos pol\u00edticos est\u00e1n legalizados y legitimados en la Argentina. Las manifestaciones para acompa\u00f1ar a sus dirigentes no pueden ser reprimidas ni obstaculizadas\u00bb, dijo el legislador al fundamentar la denuncia.<\/p>\n\n\n\n<h3 class=\"wp-block-heading\">Espionaje ilegal: la nueva cara del protocolo Bullrich<\/h3>\n\n\n\n<p>La acusaci\u00f3n m\u00e1s grave tiene que ver con la <strong>recopilaci\u00f3n de datos personales<\/strong> por parte de las fuerzas de seguridad. Seg\u00fan Moreau, existe la sospecha fundada de que <strong>se tomaron registros, fotos, listas y otras formas de identificaci\u00f3n de los manifestantes<\/strong> sin orden judicial ni justificaci\u00f3n legal, violando la Ley de Protecci\u00f3n de Datos Personales y la Ley de Inteligencia Nacional.<\/p>\n\n\n\n<figure class=\"wp-block-embed is-type-wp-embed is-provider-incrustado wp-block-embed-incrustado\"><div class=\"wp-block-embed__wrapper\">\n<blockquote class=\"wp-embedded-content\" data-secret=\"ockh34qg1X\"><a href=\"https:\/\/www.enorsai.com\/noticias\/sociedad\/crimenes-de-lesa-humanidad-juicio-oral-en-rio-cuarto-tras-decadas-de-impunidad-contra-24-expolicias-y-exmilitares\/\">Cr\u00edmenes de lesa humanidad: juicio oral en R\u00edo Cuarto tras d\u00e9cadas de impunidad contra 24 expolic\u00edas y exmilitares<\/a><\/blockquote><iframe loading=\"lazy\" class=\"wp-embedded-content\" sandbox=\"allow-scripts\" security=\"restricted\" style=\"position: absolute; visibility: hidden;\" title=\"\u00abCr\u00edmenes de lesa humanidad: juicio oral en R\u00edo Cuarto tras d\u00e9cadas de impunidad contra 24 expolic\u00edas y exmilitares\u00bb \u2014 \" src=\"https:\/\/www.enorsai.com\/noticias\/sociedad\/crimenes-de-lesa-humanidad-juicio-oral-en-rio-cuarto-tras-decadas-de-impunidad-contra-24-expolicias-y-exmilitares\/embed\/#?secret=BUdoOOmafU#?secret=ockh34qg1X\" data-secret=\"ockh34qg1X\" width=\"600\" height=\"338\" frameborder=\"0\" marginwidth=\"0\" marginheight=\"0\" scrolling=\"no\"><\/iframe>\n<\/div><\/figure>\n\n\n\n<p>Esto, alerta el diputado, <strong>marca un giro autoritario<\/strong> en la gesti\u00f3n de Bullrich, que ya hab\u00eda sido denunciada por organismos de derechos humanos durante su anterior paso por el Ministerio de Seguridad. Hoy, vuelve con una agenda a\u00fan m\u00e1s radicalizada y un mayor margen de discrecionalidad para <strong>activar dispositivos represivos sin intervenci\u00f3n judicial<\/strong>.<\/p>\n\n\n\n<h3 class=\"wp-block-heading\">\u00abLa polic\u00eda cazaba militantes como animales\u00bb<\/h3>\n\n\n\n<p>La denuncia de Moreau coincide con otro episodio revelador. El mismo d\u00eda, el abogado Mat\u00edas Aufieri \u2014militante de izquierda y v\u00edctima de violencia policial en febrero de 2024\u2014 declar\u00f3 ante el juez Mart\u00edn Cormick sobre el accionar de las fuerzas durante una manifestaci\u00f3n pac\u00edfica. Aufieri recibi\u00f3 un <strong>disparo de bala de goma en el ojo<\/strong>, y denunci\u00f3 que la Polic\u00eda Federal disparaba \u201ca la cara y arriba de la cintura\u201d.<\/p>\n\n\n\n<p>\u00abNo hab\u00eda corte de calles. Est\u00e1bamos en la vereda, en la Plaza de los Dos Congresos. La polic\u00eda avanz\u00f3 sin orden judicial, se llev\u00f3 gente y dispar\u00f3 sin ning\u00fan criterio\u00bb, relat\u00f3 Aufieri. Y agreg\u00f3 que entre los agredidos hubo <strong>ni\u00f1os, jubilados y periodistas<\/strong>.<\/p>\n\n\n\n<p>Estos testimonios fortalecen la hip\u00f3tesis de que <strong>el \u00abprotocolo antipiquetes\u00bb de Bullrich no es una herramienta de orden p\u00fablico, sino una forma de represi\u00f3n estatal dirigida selectivamente contra la militancia pol\u00edtica, los movimientos sociales y los sectores cr\u00edticos del gobierno<\/strong>.<\/p>\n\n\n\n<h3 class=\"wp-block-heading\">El nuevo estatuto de la Federal: m\u00e1s poder para Bullrich<\/h3>\n\n\n\n<p>Como si fuera poco, el nuevo <strong>estatuto de la Polic\u00eda Federal Argentina<\/strong> aprobado recientemente le otorga a Patricia Bullrich <strong>m\u00e1s poder de intervenci\u00f3n directa<\/strong>. Ahora puede decidir d\u00f3nde y cu\u00e1ndo act\u00faan las fuerzas federales, <strong>incluso fuera de su jurisdicci\u00f3n natural<\/strong>, como en la zona de Constituci\u00f3n o cualquier otro punto de la Ciudad Aut\u00f3noma de Buenos Aires, sin necesidad de autorizaci\u00f3n judicial ni coordinaci\u00f3n con la Polic\u00eda de la Ciudad.<\/p>\n\n\n\n<figure class=\"wp-block-embed is-type-wp-embed is-provider-incrustado wp-block-embed-incrustado\"><div class=\"wp-block-embed__wrapper\">\n<blockquote class=\"wp-embedded-content\" data-secret=\"63c2EFqycA\"><a href=\"https:\/\/www.enorsai.com\/noticias\/politica\/sin-verguenza-un-intendente-libertario-quiere-desalojar-un-centro-de-salud-recien-inaugurado-por-axel-kicillof\/\">\u00a1Sin Verg\u00fcenza! Un intendente libertario quiere desalojar un centro de salud reci\u00e9n inaugurado por Axel Kicillof<\/a><\/blockquote><iframe loading=\"lazy\" class=\"wp-embedded-content\" sandbox=\"allow-scripts\" security=\"restricted\" style=\"position: absolute; visibility: hidden;\" title=\"\u00ab\u00a1Sin Verg\u00fcenza! Un intendente libertario quiere desalojar un centro de salud reci\u00e9n inaugurado por Axel Kicillof\u00bb \u2014 \" src=\"https:\/\/www.enorsai.com\/noticias\/politica\/sin-verguenza-un-intendente-libertario-quiere-desalojar-un-centro-de-salud-recien-inaugurado-por-axel-kicillof\/embed\/#?secret=WmVv9un8Vx#?secret=63c2EFqycA\" data-secret=\"63c2EFqycA\" width=\"600\" height=\"338\" frameborder=\"0\" marginwidth=\"0\" marginheight=\"0\" scrolling=\"no\"><\/iframe>\n<\/div><\/figure>\n\n\n\n<p>Este corrimiento de la fuerza porte\u00f1a para cederle el control directo a Bullrich representa un <strong>peligroso avance sobre la autonom\u00eda de la ciudad y sobre los derechos de sus ciudadanos<\/strong>. En los hechos, <strong>instaura un estado de excepci\u00f3n de facto<\/strong>, donde una ministra puede decidir qui\u00e9n entra, qui\u00e9n se manifiesta y qui\u00e9n no.<\/p>\n\n\n\n<hr class=\"wp-block-separator has-alpha-channel-opacity\"\/>\n\n\n\n<h2 class=\"wp-block-heading\">\u00bfHacia una democracia blindada?<\/h2>\n\n\n\n<p>La denuncia de Moreau no es una m\u00e1s. Abre la puerta a un debate urgente: <strong>\u00bfqu\u00e9 tipo de democracia estamos construyendo si los derechos pol\u00edticos b\u00e1sicos pueden ser anulados por la discrecionalidad de una ministra con pretensiones autoritarias?<\/strong><\/p>\n\n\n\n<p>Con antecedentes de represi\u00f3n, espionaje y ahora control territorial sin l\u00edmites, <strong>Patricia Bullrich se presenta m\u00e1s como una comisaria ideol\u00f3gica que como una funcionaria de un Estado de Derecho<\/strong>. Lo que est\u00e1 en juego ya no es solo la libertad de expresi\u00f3n o el derecho a manifestarse: <strong>es el coraz\u00f3n mismo de la vida democr\u00e1tica en la Argentina<\/strong>.<\/p>\n","protected":false},"excerpt":{"rendered":"<p>Leopoldo Moreau present\u00f3 una denuncia penal contra Patricia Bullrich por impedir manifestaciones en apoyo a Cristina Kirchner, violando derechos constitucionales y recurriendo a pr\u00e1cticas ilegales de vigilancia.<\/p>\n","protected":false},"author":4,"featured_media":5564,"comment_status":"open","ping_status":"open","sticky":false,"template":"","format":"standard","meta":{"_monsterinsights_skip_tracking":false,"_monsterinsights_sitenote_active":false,"_monsterinsights_sitenote_note":"","_monsterinsights_sitenote_category":0,"footnotes":"","jetpack_publicize_message":"Leopoldo Moreau present\u00f3 una denuncia penal contra Patricia Bullrich por impedir manifestaciones en apoyo a Cristina Kirchner, violando derechos constitucionales y recurriendo a pr\u00e1cticas ilegales de vigilancia.","jetpack_publicize_feature_enabled":true,"jetpack_social_post_already_shared":false,"jetpack_social_options":{"image_generator_settings":{"template":"highway","default_image_id":0,"enabled":false},"version":2}},"categories":[2],"tags":[1782,1777,1778,1774,1780,1772,1775],"class_list":["post-5563","post","type-post","status-publish","format-standard","has-post-thumbnail","hentry","category-politica","tag-ariel-zak-radio-10","tag-cristina-kirchner-manifestacion","tag-derechos-constitucionales","tag-espionaje-a-manifestantes","tag-martinez-de-giorgi","tag-patricia-bullrich-represion","tag-protocolo-antipiquetes"],"jetpack_publicize_connections":[],"_links":{"self":[{"href":"https:\/\/www.enorsai.com\/noticias\/wp-json\/wp\/v2\/posts\/5563","targetHints":{"allow":["GET"]}}],"collection":[{"href":"https:\/\/www.enorsai.com\/noticias\/wp-json\/wp\/v2\/posts"}],"about":[{"href":"https:\/\/www.enorsai.com\/noticias\/wp-json\/wp\/v2\/types\/post"}],"author":[{"embeddable":true,"href":"https:\/\/www.enorsai.com\/noticias\/wp-json\/wp\/v2\/users\/4"}],"replies":[{"embeddable":true,"href":"https:\/\/www.enorsai.com\/noticias\/wp-json\/wp\/v2\/comments?post=5563"}],"version-history":[{"count":1,"href":"https:\/\/www.enorsai.com\/noticias\/wp-json\/wp\/v2\/posts\/5563\/revisions"}],"predecessor-version":[{"id":5565,"href":"https:\/\/www.enorsai.com\/noticias\/wp-json\/wp\/v2\/posts\/5563\/revisions\/5565"}],"wp:featuredmedia":[{"embeddable":true,"href":"https:\/\/www.enorsai.com\/noticias\/wp-json\/wp\/v2\/media\/5564"}],"wp:attachment":[{"href":"https:\/\/www.enorsai.com\/noticias\/wp-json\/wp\/v2\/media?parent=5563"}],"wp:term":[{"taxonomy":"category","embeddable":true,"href":"https:\/\/www.enorsai.com\/noticias\/wp-json\/wp\/v2\/categories?post=5563"},{"taxonomy":"post_tag","embeddable":true,"href":"https:\/\/www.enorsai.com\/noticias\/wp-json\/wp\/v2\/tags?post=5563"}],"curies":[{"name":"wp","href":"https:\/\/api.w.org\/{rel}","templated":true}]}}