{"id":5544,"date":"2025-06-24T00:03:34","date_gmt":"2025-06-24T03:03:34","guid":{"rendered":"http:\/\/www.enorsai.com\/noticias\/?p=5544"},"modified":"2025-06-24T00:03:34","modified_gmt":"2025-06-24T03:03:34","slug":"quien-es-pablo-ansaloni-el-diputado-libertario-investigado-por-corrupcion-y-padre-de-uno-de-los-agresores-del-brutal-ataque-en-patota-en-colon","status":"publish","type":"post","link":"https:\/\/www.enorsai.com\/noticias\/politica\/quien-es-pablo-ansaloni-el-diputado-libertario-investigado-por-corrupcion-y-padre-de-uno-de-los-agresores-del-brutal-ataque-en-patota-en-colon\/","title":{"rendered":"\u00bfQui\u00e9n es Pablo Ansaloni? El diputado libertario investigado por corrupci\u00f3n y padre de uno de los agresores del brutal ataque en patota en Col\u00f3n"},"content":{"rendered":"\n<p>Ex diputado nacional macrista, ex dirigente sindical de la UATRE y actual diputado de La Libertad Avanza, Pablo Ansaloni vuelve al centro de la pol\u00e9mica tras confirmarse que su hijo particip\u00f3 en la golpiza grupal a un adolescente en la ciudad bonaerense de Col\u00f3n.<\/p>\n\n\n\n<p>La figura de Pablo Ansaloni re\u00fane todos los condimentos de la vieja casta pol\u00edtica que Javier Milei dice combatir: causas judiciales por desv\u00edo de fondos, declaraciones antisemitas, repudios gremiales y v\u00ednculos familiares con hechos de violencia. Hoy de nuevo en el Congreso como parte del armado libertario, mientras su apellido se vuelve a instalar en los medios por la brutal paliza que un grupo de j\u00f3venes \u2013entre ellos su hijo\u2013 le propin\u00f3 a un menor.<\/p>\n\n\n\n<p>La ciudad bonaerense de <strong>Col\u00f3n<\/strong> no sale de su conmoci\u00f3n tras la violenta agresi\u00f3n sufrida por un adolescente a manos de una <strong>patota de j\u00f3venes<\/strong>. Entre los atacantes, seg\u00fan trascendi\u00f3, se encuentra <strong>el hijo de Pablo Ansaloni<\/strong>, ex diputado nacional, sindicalista devenido libertario y actual candidato a legislador por <strong>La Libertad Avanza<\/strong>, el espacio de <strong>Javier Milei<\/strong>.<\/p>\n\n\n\n<p>El hecho, que gener\u00f3 una ola de repudio en redes sociales y medios locales, reaviv\u00f3 los cuestionamientos sobre el propio Ansaloni, cuya historia pol\u00edtica y gremial est\u00e1 cargada de pol\u00e9micas, causas judiciales y declaraciones discriminatorias.<\/p>\n\n\n\n<p><\/p>\n\n\n\n<h3 class=\"wp-block-heading\">Del sindicalismo rural al congreso macrista<\/h3>\n\n\n\n<p>Pablo Ansaloni <strong>salt\u00f3 a la pol\u00edtica desde el sindicalismo rural<\/strong>. Durante a\u00f1os fue dirigente de la <strong>UATRE (Uni\u00f3n Argentina de Trabajadores Rurales y Estibadores)<\/strong> y presidente del Partido Fe, fundado por el hist\u00f3rico Ger\u00f3nimo \u201cMomo\u201d Venegas. De hecho, su v\u00ednculo con Venegas lo proyect\u00f3 como figura dentro del armado de <strong>Cambiemos<\/strong>, y en 2017 lleg\u00f3 al Congreso Nacional como <strong>diputado por la provincia de Buenos Aires<\/strong>.<\/p>\n\n\n\n<p>Durante su paso por la C\u00e1mara baja, se destac\u00f3 \u2013negativamente\u2013 por ser <strong>el \u00fanico dirigente sindical que vot\u00f3 a favor de la reforma previsional impulsada por Mauricio Macri<\/strong>, una de las leyes m\u00e1s resistidas por el movimiento obrero.<\/p>\n\n\n\n<p>Tras la derrota del macrismo en 2019, Ansaloni abandon\u00f3 el bloque de Juntos por el Cambio y <strong>comenz\u00f3 su viraje hacia el espacio de Javier Milei<\/strong>, present\u00e1ndose como candidato a diputado nacional en la lista libertaria bonaerense, detr\u00e1s de Marcela Pagano.<\/p>\n\n\n\n<p><\/p>\n\n\n\n<h3 class=\"wp-block-heading\">Investigado por corrupci\u00f3n y repudio generalizado<\/h3>\n\n\n\n<p>Pero su carrera pol\u00edtica y sindical no qued\u00f3 exenta de esc\u00e1ndalos. En enero de 2021 se <strong>filtr\u00f3 un video interno<\/strong> en el que Ansaloni, en medio de disputas gremiales, dijo que sus opositores eran <em>\u201ccomo los jud\u00edos, no tienen patria y no saben d\u00f3nde est\u00e1n\u201d<\/em>. La frase antisemita desat\u00f3 un <strong>fuerte repudio de organizaciones como la DAIA<\/strong>, de sus propios compa\u00f1eros de UATRE y del arco pol\u00edtico en general.<\/p>\n\n\n\n<p>Como si eso fuera poco, tambi\u00e9n est\u00e1 <strong>siendo investigado por presunta asociaci\u00f3n il\u00edcita y desv\u00edo de fondos<\/strong> pertenecientes a <strong>Osprera<\/strong>, la obra social de los peones rurales. Seg\u00fan la denuncia impulsada por dirigentes gremiales, Ansaloni habr\u00eda facilitado <strong>el desv\u00edo de m\u00e1s de 10,5 millones de pesos<\/strong> a trav\u00e9s de <strong>facturas irregulares<\/strong> durante su gesti\u00f3n.<\/p>\n\n\n\n<p>Estas denuncias lo terminaron aislando dentro del sindicato, y en las elecciones internas de 2021 fue <strong>derrotado por Jos\u00e9 Voytenco<\/strong>, actual secretario general de UATRE.<\/p>\n\n\n\n<p><\/p>\n\n\n\n<h3 class=\"wp-block-heading\">Un apellido que vuelve con violencia<\/h3>\n\n\n\n<p>A pesar de su prontuario, Ansaloni volvi\u00f3 al ruedo como parte del armado libertario de Milei, que parece no inmutarse frente a denuncias de corrupci\u00f3n ni antecedentes discriminatorios. Sin embargo, su nombre vuelve a los titulares no por sus aspiraciones pol\u00edticas, sino por un <strong>brutal hecho de violencia<\/strong> protagonizado por su hijo.<\/p>\n\n\n\n<p>El joven <strong>fue identificado como uno de los agresores que golpearon salvajemente a un adolescente en Col\u00f3n<\/strong>, en un ataque grupal que qued\u00f3 registrado en video y que r\u00e1pidamente se viraliz\u00f3. La familia de la v\u00edctima exige justicia, mientras el silencio del dirigente libertario resulta tan <strong>escandaloso como el hecho mismo<\/strong>.<\/p>\n\n\n\n<p><\/p>\n\n\n\n<h3 class=\"wp-block-heading\">\u00bfAnticasta?<\/h3>\n\n\n\n<p>El caso Ansaloni expone las contradicciones del discurso libertario: mientras Javier Milei vocifera contra \u201cla casta\u201d, sus listas incorporan a figuras con causas abiertas por corrupci\u00f3n, condenadas por el sindicalismo y con antecedentes de discriminaci\u00f3n. Ahora, el apellido Ansaloni <strong>se asocia tambi\u00e9n a la violencia en patota<\/strong>, en un episodio cobarde que dej\u00f3 a un adolescente hospitalizado y a una sociedad indignada.<\/p>\n\n\n\n<p>Si los hechos y las trayectorias hablan m\u00e1s que las promesas, <strong>Pablo Ansaloni representa todo lo que Milei prometi\u00f3 destruir, pero hoy cobija<\/strong>. Y mientras su hijo enfrenta la condena social por una golpiza grupal, el dirigente intenta regresar al Congreso, como si nada hubiera pasado.<\/p>\n\n\n\n<p>Fuente:<\/p>\n\n\n\n<ul class=\"wp-block-list\">\n<li><a href=\"https:\/\/enfoquesindical.org\/articulo\/noticias\/ex-dirigente-rural-investigado-por-desvio-de-fondos-sera-candidato-de-milei\">https:\/\/enfoquesindical.org\/articulo\/noticias\/ex-dirigente-rural-investigado-por-desvio-de-fondos-sera-candidato-de-milei<\/a><\/li>\n<\/ul>\n","protected":false},"excerpt":{"rendered":"<p>Ex diputado nacional macrista, ex dirigente sindical de la UATRE y actual diputado de La Libertad Avanza, Pablo Ansaloni vuelve al centro de la pol\u00e9mica tras confirmarse que su hijo particip\u00f3 en la golpiza grupal a un adolescente en la ciudad bonaerense de Col\u00f3n. La figura de Pablo Ansaloni re\u00fane todos los condimentos de la&#8230;<\/p>\n","protected":false},"author":1,"featured_media":5545,"comment_status":"open","ping_status":"open","sticky":false,"template":"","format":"standard","meta":{"_monsterinsights_skip_tracking":false,"_monsterinsights_sitenote_active":false,"_monsterinsights_sitenote_note":"","_monsterinsights_sitenote_category":0,"footnotes":"","jetpack_publicize_message":"","jetpack_publicize_feature_enabled":true,"jetpack_social_post_already_shared":true,"jetpack_social_options":{"image_generator_settings":{"template":"highway","default_image_id":0,"font":"","enabled":false},"version":2}},"categories":[2],"tags":[1760,1737,1758,106,1764,446,1759,1733,1763,1762,1761,1756,1757],"class_list":["post-5544","post","type-post","status-publish","format-standard","has-post-thumbnail","hentry","category-politica","tag-antisemitismo","tag-colon","tag-corrupcion-sindical","tag-javier-milei","tag-justicia-por-la-victima","tag-la-libertad-avanza","tag-osprera","tag-pablo-ansaloni","tag-partido-fe","tag-politica-bonaerense","tag-reforma-previsional","tag-uatre","tag-violencia-en-patota"],"jetpack_publicize_connections":[],"_links":{"self":[{"href":"https:\/\/www.enorsai.com\/noticias\/wp-json\/wp\/v2\/posts\/5544","targetHints":{"allow":["GET"]}}],"collection":[{"href":"https:\/\/www.enorsai.com\/noticias\/wp-json\/wp\/v2\/posts"}],"about":[{"href":"https:\/\/www.enorsai.com\/noticias\/wp-json\/wp\/v2\/types\/post"}],"author":[{"embeddable":true,"href":"https:\/\/www.enorsai.com\/noticias\/wp-json\/wp\/v2\/users\/1"}],"replies":[{"embeddable":true,"href":"https:\/\/www.enorsai.com\/noticias\/wp-json\/wp\/v2\/comments?post=5544"}],"version-history":[{"count":1,"href":"https:\/\/www.enorsai.com\/noticias\/wp-json\/wp\/v2\/posts\/5544\/revisions"}],"predecessor-version":[{"id":5546,"href":"https:\/\/www.enorsai.com\/noticias\/wp-json\/wp\/v2\/posts\/5544\/revisions\/5546"}],"wp:featuredmedia":[{"embeddable":true,"href":"https:\/\/www.enorsai.com\/noticias\/wp-json\/wp\/v2\/media\/5545"}],"wp:attachment":[{"href":"https:\/\/www.enorsai.com\/noticias\/wp-json\/wp\/v2\/media?parent=5544"}],"wp:term":[{"taxonomy":"category","embeddable":true,"href":"https:\/\/www.enorsai.com\/noticias\/wp-json\/wp\/v2\/categories?post=5544"},{"taxonomy":"post_tag","embeddable":true,"href":"https:\/\/www.enorsai.com\/noticias\/wp-json\/wp\/v2\/tags?post=5544"}],"curies":[{"name":"wp","href":"https:\/\/api.w.org\/{rel}","templated":true}]}}