{"id":554,"date":"2025-02-02T18:34:04","date_gmt":"2025-02-02T21:34:04","guid":{"rendered":"https:\/\/www.enorsai.com\/noticias\/?p=554"},"modified":"2025-02-03T07:04:30","modified_gmt":"2025-02-03T10:04:30","slug":"argentina-bajo-el-influjo-de-la-ultraderecha-como-el-discurso-de-odio-se-normaliza-en-la-era-milei","status":"publish","type":"post","link":"https:\/\/www.enorsai.com\/noticias\/politica\/argentina-bajo-el-influjo-de-la-ultraderecha-como-el-discurso-de-odio-se-normaliza-en-la-era-milei\/","title":{"rendered":"Argentina bajo el influjo de la ultraderecha: c\u00f3mo el discurso de odio se normaliza en la era Milei"},"content":{"rendered":"\n<p><\/p>\n\n\n\n<hr class=\"wp-block-separator has-alpha-channel-opacity\"\/>\n\n\n\n<h3 class=\"wp-block-heading\"><br><em>Leandro Santoro, diputado nacional de Uni\u00f3n por la Patria, analiza el resurgimiento de la ultraderecha en Argentina y advierte sobre los peligros de legitimar discursos que cre\u00edamos superados.<\/em><\/h3>\n\n\n\n<p><br>En una entrevista radial en&nbsp;<em>Radio 10 &#8211; Rompiendo Moldes<\/em>, Leandro Santoro critic\u00f3 duramente al gobierno de Javier Milei por su alineaci\u00f3n con la agenda global de la ultraderecha. \u00abLo ins\u00f3lito es que volvieron recargados\u00bb, asegur\u00f3 el legislador, refiri\u00e9ndose al resurgimiento de discursos de odio y autoritarismo.<\/p>\n\n\n\n<p><br>La Argentina de hoy parece estar reviviendo los peores fantasmas de su historia. En una entrevista radial en&nbsp;<em>Radio 10 &#8211; Rompiendo Moldes<\/em>, el diputado nacional de Uni\u00f3n por la Patria, Leandro Santoro, analiz\u00f3 el resurgimiento de la ultraderecha en el pa\u00eds y su conexi\u00f3n con el gobierno de Javier Milei. \u00abLo ins\u00f3lito es que volvieron recargados\u00bb, afirm\u00f3 Santoro, refiri\u00e9ndose a la normalizaci\u00f3n de discursos de odio y autoritarismo que cre\u00edamos superados.<\/p>\n\n\n\n<p><a href=\"https:\/\/www.enorsai.com\/noticias\/uncategorized\/el-silencio-complice-como-los-grandes-medios-argentinos-blindaron-a-milei\/\">El silencio c\u00f3mplice: C\u00f3mo los grandes medios argentinos blindaron a Milei<\/a><\/p>\n\n\n\n<p>Santoro record\u00f3 que, despu\u00e9s de m\u00e1s de 40 a\u00f1os de democracia, la sociedad argentina hab\u00eda alcanzado consensos importantes en temas como el respeto a la diversidad, los derechos de las mujeres y las libertades individuales. \u00abMe daba la sensaci\u00f3n de que la derecha hab\u00eda aprendido de los errores del pasado y hab\u00eda moderado su discurso. Pero nos equivocamos: volvieron con m\u00e1s fuerza y con un orgullo por su propia ignorancia y crueldad\u00bb, se\u00f1al\u00f3 el legislador.<\/p>\n\n\n\n<p>El diputado tambi\u00e9n critic\u00f3 la alineaci\u00f3n de Milei con figuras como Donald Trump y Giorgia Meloni, quienes han impulsado una agenda global de odio y racismo. \u00abLo que est\u00e1 haciendo Milei es sumarse a una corriente que ya est\u00e1 instalada en Estados Unidos y Europa. Es un discurso anti-igualitario, anti-feminista y anti-ambientalista que busca deslegitimar cualquier reclamo de las minor\u00edas\u00bb, explic\u00f3 Santoro. Seg\u00fan el legislador, este fen\u00f3meno no es exclusivo de Argentina, sino que forma parte de un movimiento global que est\u00e1 alterando la subjetividad de las sociedades. \u00abEsto est\u00e1 cambiando incluso la forma en que nos relacionamos entre nosotros. Nos enfrentamos por boludeces porque el discurso de odio nos est\u00e1 dividiendo\u00bb, agreg\u00f3.<\/p>\n\n\n\n<p><a href=\"https:\/\/www.enorsai.com\/noticias\/sociedad\/el-presidente-beligerante-hasta-donde-puede-llegar-la-guerra-de-milei-contra-su-pueblo\/\">El presidente beligerante: hasta d\u00f3nde puede llegar la guerra de Milei contra su pueblo<\/a><\/p>\n\n\n\n<p>Santoro tambi\u00e9n se refiri\u00f3 al impacto de las redes sociales en la propagaci\u00f3n de estos discursos. \u00abLa ultraderecha entendi\u00f3 c\u00f3mo funciona la comunicaci\u00f3n en la era digital. Utilizan mensajes ultra simplificados y palabras que escandalizan para llamar la atenci\u00f3n. Esto no solo condiciona el pensamiento, sino que tambi\u00e9n determina la conducta\u00bb, explic\u00f3. El diputado cit\u00f3 el ejemplo de Donald Trump, quien logr\u00f3 legitimar ideas que antes estaban confinadas al subconsciente de un sector de la sociedad. \u00abCuando Trump dice una barbaridad, hay gente que se siente identificada y eso genera un efecto contagio. Lo mismo est\u00e1 pasando aqu\u00ed con Milei\u00bb, advirti\u00f3.<\/p>\n\n\n\n<p>Uno de los ejemplos m\u00e1s preocupantes es la banalizaci\u00f3n de la dictadura militar. Santoro record\u00f3 que, antes de la pandemia, comenz\u00f3 a circular en redes sociales el meme del \u00abFalcon Verde\u00bb, un s\u00edmbolo del terrorismo de Estado. \u00abAl principio parec\u00eda una broma, pero despu\u00e9s empezaron a justificar las dictaduras militares. Esto es muy peligroso porque normaliza discursos que cre\u00edamos superados\u00bb, afirm\u00f3 el legislador. Santoro tambi\u00e9n mencion\u00f3 el caso de una mujer que, durante una marcha, afirm\u00f3 que \u00abVidela se qued\u00f3 corto\u00bb. \u00abEsto no es casualidad. Primero aparecen los discursos de odio y despu\u00e9s los delitos de odio. Estamos muy cerca de las dos cosas\u00bb, advirti\u00f3.<\/p>\n\n\n\n<p><a href=\"https:\/\/www.enorsai.com\/noticias\/sociedad\/milei-y-la-llaga-abierta-como-el-presidente-metio-el-dedo-en-debates-ya-saldados-y-dividio-a-su-base\/\">Milei y la llaga abierta: c\u00f3mo el presidente meti\u00f3 el dedo en debates ya saldados y dividi\u00f3 a su base<\/a><\/p>\n\n\n\n<p>Frente a este escenario, Santoro llam\u00f3 a la sociedad a estar alerta y a no subestimar el poder de estos discursos. \u00abNo podemos dejar pasar estas cosas como si fueran una broma. Hay que desarmarlas con coherencia, solvencia e inteligencia. Si no, corremos el riesgo de que se espiralicen y terminen en cosas peores\u00bb, afirm\u00f3. El diputado tambi\u00e9n destac\u00f3 la importancia de sostener la lucha contra el fascismo en el tiempo. \u00abEsta marcha no puede ser un hecho aislado. Tenemos que mantener viva la memoria y seguir defendiendo los valores de la democracia\u00bb, concluy\u00f3.<\/p>\n\n\n\n<hr class=\"wp-block-separator has-alpha-channel-opacity\"\/>\n\n\n","protected":false},"excerpt":{"rendered":"<p>Leandro Santoro, diputado nacional de Uni\u00f3n por la Patria, analiza el resurgimiento de la ultraderecha en Argentina y advierte sobre los peligros de legitimar discursos que cre\u00edamos superados. En una entrevista radial en&nbsp;Radio 10 &#8211; Rompiendo Moldes, Leandro Santoro critic\u00f3 duramente al gobierno de Javier Milei por su alineaci\u00f3n con la agenda global de la&#8230;<\/p>\n","protected":false},"author":4,"featured_media":555,"comment_status":"open","ping_status":"open","sticky":false,"template":"","format":"standard","meta":{"_monsterinsights_skip_tracking":false,"_monsterinsights_sitenote_active":false,"_monsterinsights_sitenote_note":"","_monsterinsights_sitenote_category":0,"footnotes":"","jetpack_publicize_message":"","jetpack_publicize_feature_enabled":true,"jetpack_social_post_already_shared":true,"jetpack_social_options":{"image_generator_settings":{"template":"highway","default_image_id":0,"font":"","enabled":false},"version":2}},"categories":[2],"tags":[78,155,163,97,45,162],"class_list":["post-554","post","type-post","status-publish","format-standard","has-post-thumbnail","hentry","category-politica","tag-derechos-humanos","tag-discurso-de-odio","tag-leandro-santoro","tag-memoria","tag-milei","tag-ultraderecha-en-argentina"],"jetpack_publicize_connections":[],"_links":{"self":[{"href":"https:\/\/www.enorsai.com\/noticias\/wp-json\/wp\/v2\/posts\/554","targetHints":{"allow":["GET"]}}],"collection":[{"href":"https:\/\/www.enorsai.com\/noticias\/wp-json\/wp\/v2\/posts"}],"about":[{"href":"https:\/\/www.enorsai.com\/noticias\/wp-json\/wp\/v2\/types\/post"}],"author":[{"embeddable":true,"href":"https:\/\/www.enorsai.com\/noticias\/wp-json\/wp\/v2\/users\/4"}],"replies":[{"embeddable":true,"href":"https:\/\/www.enorsai.com\/noticias\/wp-json\/wp\/v2\/comments?post=554"}],"version-history":[{"count":2,"href":"https:\/\/www.enorsai.com\/noticias\/wp-json\/wp\/v2\/posts\/554\/revisions"}],"predecessor-version":[{"id":572,"href":"https:\/\/www.enorsai.com\/noticias\/wp-json\/wp\/v2\/posts\/554\/revisions\/572"}],"wp:featuredmedia":[{"embeddable":true,"href":"https:\/\/www.enorsai.com\/noticias\/wp-json\/wp\/v2\/media\/555"}],"wp:attachment":[{"href":"https:\/\/www.enorsai.com\/noticias\/wp-json\/wp\/v2\/media?parent=554"}],"wp:term":[{"taxonomy":"category","embeddable":true,"href":"https:\/\/www.enorsai.com\/noticias\/wp-json\/wp\/v2\/categories?post=554"},{"taxonomy":"post_tag","embeddable":true,"href":"https:\/\/www.enorsai.com\/noticias\/wp-json\/wp\/v2\/tags?post=554"}],"curies":[{"name":"wp","href":"https:\/\/api.w.org\/{rel}","templated":true}]}}