{"id":5539,"date":"2025-06-23T18:39:36","date_gmt":"2025-06-23T21:39:36","guid":{"rendered":"https:\/\/www.enorsai.com\/noticias\/politica\/sin-verguenza-un-intendente-libertario-quiere-desalojar-un-centro-de-salud-recien-inaugurado-por-axel-kicillof\/"},"modified":"2025-06-23T18:39:36","modified_gmt":"2025-06-23T21:39:36","slug":"sin-verguenza-un-intendente-libertario-quiere-desalojar-un-centro-de-salud-recien-inaugurado-por-axel-kicillof","status":"publish","type":"post","link":"https:\/\/www.enorsai.com\/noticias\/politica\/sin-verguenza-un-intendente-libertario-quiere-desalojar-un-centro-de-salud-recien-inaugurado-por-axel-kicillof\/","title":{"rendered":"\u00a1Sin Verg\u00fcenza! Un intendente libertario quiere desalojar un centro de salud reci\u00e9n inaugurado por Axel Kicillof"},"content":{"rendered":"\n<p>El jefe comunal de 25 de Mayo rompe convenios firmados con la Provincia y amenaza con una cautelar para vaciar el CAPS Ram\u00f3n Carrillo. La documentaci\u00f3n oficial desmiente su acusaci\u00f3n de \u201cusurpaci\u00f3n\u201d.<br><br>A un mes de su inauguraci\u00f3n, el intendente Ramiro Eg\u00fcen intenta desalojar el Centro de Atenci\u00f3n Primaria de la Salud construido con fondos del BID e impulsado por Axel Kicillof. A pesar de los convenios firmados en 2021 y 2022, el jefe comunal se niega a reconocer la legalidad de la obra y avanza en una ofensiva ideol\u00f3gica que expone su alineamiento con el oficialismo libertario.<br><br>La escena es clara: el intendente de 25 de Mayo, Ramiro Eg\u00fcen, transformado en libertario de \u00faltima hora, quiere desalojar el flamante Centro de Atenci\u00f3n Primaria de la Salud (CAPS) \u201cRam\u00f3n Carrillo\u201d que el gobernador Axel Kicillof inaugur\u00f3 hace apenas un mes. Alega que no hay papeles. Pero la documentaci\u00f3n oficial \u2014a la que accedi\u00f3 Buenos Aires\/12\u2014 echa por tierra esa excusa: los convenios existen, est\u00e1n firmados y fueron respetados por la Provincia. Es Eg\u00fcen quien decidi\u00f3 romperlos de manera unilateral.<br><br>El conflicto comenz\u00f3 a mediados de abril, cuando Eg\u00fcen envi\u00f3 una carta documento exigiendo la \u201crestituci\u00f3n\u201d del inmueble. Desde el Ministerio de Salud bonaerense le recordaron que el convenio con el entonces intendente Hern\u00e1n Ralinqueo, firmado en 2022, establece claramente que el CAPS deb\u00eda entregarse al municipio una vez finalizada la obra. Pero Eg\u00fcen nunca acept\u00f3 firmar el acta de entrega.<br><br>La situaci\u00f3n se torna a\u00fan m\u00e1s absurda si se considera el antecedente de 2021, cuando el propio municipio \u2014en el marco del programa del BID para fortalecer la atenci\u00f3n primaria\u2014 firm\u00f3 el convenio marco con el Ministerio de Salud, entonces a cargo de Daniel Goll\u00e1n. Es decir, Eg\u00fcen ahora desconoce dos convenios que su propio distrito celebr\u00f3 con la Provincia.<br><br>Para la concejala de Uni\u00f3n por la Patria, Mar\u00eda Jos\u00e9 Zarza, el intendente \u201cemula a Milei\u201d en una estrategia de confrontaci\u00f3n abierta con Kicillof: \u201cSe pelea mano a mano con Axel para tener chapa pol\u00edtica adentro de su nuevo espacio\u201d. Seg\u00fan Zarza, no hay falencias administrativas ni legales. \u201cTodo est\u00e1 perfectamente documentado, auditado por el BID y replicado en m\u00e1s de 180 municipios. El \u00fanico que tuvo problemas es 25 de Mayo\u201d.<br><br>Sin embargo, desde el municipio, la secretaria de Gobierno \u2014y esposa de Eg\u00fcen\u2014 Mercedes Squillaci insiste en que la Provincia est\u00e1 \u201cusurpando\u201d el inmueble. Incluso anunci\u00f3 que buscar\u00e1n desalojar el CAPS mediante una medida cautelar. Todo un giro dram\u00e1tico en lo que deber\u00eda ser una pol\u00edtica p\u00fablica de salud consensuada y coordinada.<\/p>\n\n\n\n<p><br><br>Una provocaci\u00f3n con fines electorales<br><br>El conflicto escal\u00f3 luego de que Eg\u00fcen rechazara la invitaci\u00f3n a la inauguraci\u00f3n del CAPS por parte del gobernador. No solo falt\u00f3 al acto, sino que se neg\u00f3 a firmar el acta de recepci\u00f3n. D\u00edas despu\u00e9s, promovi\u00f3 la creaci\u00f3n de un \u201cPolicl\u00ednico Municipal Anexo\u201d como forma de apropiarse del edificio, sin respetar los acuerdos preexistentes.<br><br>Seg\u00fan Zarza, bastaba con recibir la llave y el acta, como estipulan los convenios. \u201cNo necesitaba una ordenanza ni un nuevo proyecto, la infraestructura ya estaba disponible para ser utilizada seg\u00fan el criterio municipal\u201d, explic\u00f3.<br><br>Pero Eg\u00fcen prefiri\u00f3 judicializar y confrontar. Lo mismo hizo cuando intent\u00f3 frenar la apertura de un jard\u00edn de infantes impulsado por Ralinqueo, o cuando despidi\u00f3 a trabajadores por motivos ideol\u00f3gicos. Hasta intent\u00f3 cerrar el frigor\u00edfico local Frigomayo por una supuesta enemistad personal con su anterior jefe comunal. En otro episodio vergonzoso, protagoniz\u00f3 un altercado f\u00edsico con el radical Sergio Tuya, luego de que el municipio le secuestrara maquinaria sin justificaci\u00f3n.<\/p>\n\n\n\n<p><br><br>La salud p\u00fablica como reh\u00e9n del marketing libertario<br><br>Lo que deber\u00eda ser una pol\u00edtica de salud p\u00fablica se convirti\u00f3 en un campo de batalla personal y partidario. Eg\u00fcen parece m\u00e1s preocupado por diferenciarse de su antecesor peronista y acumular m\u00e9ritos ante la Libertad Avanza que por garantizar el acceso a la salud de los vecinos. En lugar de asumir la gesti\u00f3n del centro de salud con equipamiento de \u00faltima generaci\u00f3n, lo declara \u201cusurpado\u201d y amenaza con desalojar a profesionales que trabajan para el bien com\u00fan.<br><br>Pero la historia est\u00e1 escrita. Los convenios firmados por el municipio en 2021 y 2022 son claros. La obra fue financiada por el Banco Interamericano de Desarrollo, auditada, legalizada y construida con los mismos criterios que se aplicaron en otras 40 localidades bonaerenses. Solo en 25 de Mayo aparece el obst\u00e1culo: un intendente que prefiere el show ideol\u00f3gico a la gesti\u00f3n.<br><br>El trasfondo no deja dudas: el conflicto no es legal, es pol\u00edtico. Y mientras Eg\u00fcen hace campa\u00f1a desde el despacho municipal, quienes sufren son los vecinos y vecinas que esperan atenci\u00f3n m\u00e9dica. El oportunismo no deber\u00eda tener lugar cuando se trata de derechos b\u00e1sicos. Pero en tiempos de Milei, la salud tambi\u00e9n es reh\u00e9n del marketing libertario.<br><br>Fuente:<\/p>\n\n\n\n<ul class=\"wp-block-list\">\n<li>https:\/\/www.pagina12.com.ar\/836280-eguen-quiere-desalojar-un-centro-de-salud<\/li>\n<\/ul>\n","protected":false},"excerpt":{"rendered":"<p>El jefe comunal de 25 de Mayo rompe convenios firmados con la Provincia y amenaza con una cautelar para vaciar el CAPS Ram\u00f3n Carrillo. La documentaci\u00f3n oficial desmiente su acusaci\u00f3n de \u201cusurpaci\u00f3n\u201d. A un mes de su inauguraci\u00f3n, el intendente Ramiro Eg\u00fcen intenta desalojar el Centro de Atenci\u00f3n Primaria de la Salud construido con fondos&#8230;<\/p>\n","protected":false},"author":9,"featured_media":5538,"comment_status":"open","ping_status":"open","sticky":false,"template":"","format":"standard","meta":{"_monsterinsights_skip_tracking":false,"_monsterinsights_sitenote_active":false,"_monsterinsights_sitenote_note":"","_monsterinsights_sitenote_category":0,"footnotes":"","jetpack_publicize_message":"","jetpack_publicize_feature_enabled":true,"jetpack_social_post_already_shared":true,"jetpack_social_options":{"image_generator_settings":{"template":"highway","default_image_id":0,"font":"","enabled":false},"version":2}},"categories":[2],"tags":[],"class_list":["post-5539","post","type-post","status-publish","format-standard","has-post-thumbnail","hentry","category-politica"],"jetpack_publicize_connections":[],"_links":{"self":[{"href":"https:\/\/www.enorsai.com\/noticias\/wp-json\/wp\/v2\/posts\/5539","targetHints":{"allow":["GET"]}}],"collection":[{"href":"https:\/\/www.enorsai.com\/noticias\/wp-json\/wp\/v2\/posts"}],"about":[{"href":"https:\/\/www.enorsai.com\/noticias\/wp-json\/wp\/v2\/types\/post"}],"author":[{"embeddable":true,"href":"https:\/\/www.enorsai.com\/noticias\/wp-json\/wp\/v2\/users\/9"}],"replies":[{"embeddable":true,"href":"https:\/\/www.enorsai.com\/noticias\/wp-json\/wp\/v2\/comments?post=5539"}],"version-history":[{"count":0,"href":"https:\/\/www.enorsai.com\/noticias\/wp-json\/wp\/v2\/posts\/5539\/revisions"}],"wp:featuredmedia":[{"embeddable":true,"href":"https:\/\/www.enorsai.com\/noticias\/wp-json\/wp\/v2\/media\/5538"}],"wp:attachment":[{"href":"https:\/\/www.enorsai.com\/noticias\/wp-json\/wp\/v2\/media?parent=5539"}],"wp:term":[{"taxonomy":"category","embeddable":true,"href":"https:\/\/www.enorsai.com\/noticias\/wp-json\/wp\/v2\/categories?post=5539"},{"taxonomy":"post_tag","embeddable":true,"href":"https:\/\/www.enorsai.com\/noticias\/wp-json\/wp\/v2\/tags?post=5539"}],"curies":[{"name":"wp","href":"https:\/\/api.w.org\/{rel}","templated":true}]}}