{"id":5530,"date":"2025-06-23T17:05:29","date_gmt":"2025-06-23T20:05:29","guid":{"rendered":"https:\/\/www.enorsai.com\/noticias\/?p=5530"},"modified":"2025-07-10T06:07:37","modified_gmt":"2025-07-10T09:07:37","slug":"el-escandalo-libra-salpica-al-corazon-del-poder-menem-espert-y-karina-milei-bajo-sospecha","status":"publish","type":"post","link":"https:\/\/www.enorsai.com\/noticias\/politica\/el-escandalo-libra-salpica-al-corazon-del-poder-menem-espert-y-karina-milei-bajo-sospecha\/","title":{"rendered":"El esc\u00e1ndalo Libra salpica al coraz\u00f3n del poder: Menem, Espert y Karina Milei bajo sospecha"},"content":{"rendered":"\n<p>CORRUPCI\u00d3N ARGENTINA<\/p>\n\n\n\n<h2 class=\"wp-block-heading\">El esc\u00e1ndalo Libra salpica al coraz\u00f3n del poder: Menem, Espert y Karina Milei bajo sospecha<\/h2>\n\n\n\n<p>La investigaci\u00f3n del caso Libra est\u00e1 paralizada en el Congreso por maniobras de Mart\u00edn Menem. Julia Strada denuncia la complicidad de Jos\u00e9 Luis Espert y Karina Milei, y exige que el oficialismo rinda cuentas.<\/p>\n\n\n\n<p>Esc\u00e1ndalo Libra: la trama que vincula a la Casa Rosada con la estafa financiera que sacude al Congreso<\/p>\n\n\n\n<h2 class=\"wp-block-heading\"><strong>\u00bfQu\u00e9 es el caso Libra y por qu\u00e9 compromete al oficialismo?<\/strong><\/h2>\n\n\n\n<p>El&nbsp;<strong>caso Libra<\/strong>&nbsp;estall\u00f3 como una bomba en la escena pol\u00edtica y financiera argentina. Se trata de una presunta estafa multimillonaria vinculada a una&nbsp;<strong>criptomoneda trucha<\/strong>&nbsp;, promovida por operadores cercanos al gobierno, que promet\u00eda rendimientos imposibles y termin\u00f3 desplumando a millas de peque\u00f1os inversores.<\/p>\n\n\n\n<p>Aunque el oficialismo intenta minimizar el esc\u00e1ndalo, cada vez surgen m\u00e1s datos que vinculan la maniobra con&nbsp;<strong>altas esferas del poder<\/strong>&nbsp;, especialmente con&nbsp;<strong>Jos\u00e9 Luis Espert<\/strong>&nbsp;,&nbsp;<strong>Mart\u00edn Menem<\/strong>&nbsp;y la mism\u00edsima&nbsp;<strong>Karina Milei<\/strong>&nbsp;.<\/p>\n\n\n\n<hr class=\"wp-block-separator has-alpha-channel-opacity\"\/>\n\n\n\n<h2 class=\"wp-block-heading\"><strong>Menem bloquea la comisi\u00f3n investigadora en el Congreso<\/strong><\/h2>\n\n\n\n<p>La diputada nacional&nbsp;<strong>Julia Strada<\/strong>&nbsp;denunci\u00f3 que la&nbsp;<strong>C\u00e1mara de Diputados est\u00e1 paralizada<\/strong>&nbsp;en su intento de avanzar con una investigaci\u00f3n seria del caso. \u00bfEl motivo?&nbsp;<strong>Un empate artificial de 14 a 14<\/strong>&nbsp;en la comisi\u00f3n especial creada para abordar el tema, producto de un armado a dedo que responde a los intereses de&nbsp;<strong><a target=\"_blank\" href=\"https:\/\/www.enorsai.com.ar\/politica\/42347-el-entramado-millonario-de-los-menem-y-su-pacto-con-el-gobierno-de-javier-milei.html\" rel=\"noreferrer noopener\">Mart\u00edn Menem<\/a><\/strong>&nbsp;, presidente de la C\u00e1mara.<\/p>\n\n\n\n<blockquote class=\"wp-block-quote is-layout-flow wp-block-quote-is-layout-flow\">\n<p>\u00abMetieron gente por la ventana. As\u00ed no se puede ni citar a Karina Milei ni pedir informes. Est\u00e1 todo trabado\u00bb, explic\u00f3 Strada.<\/p>\n<\/blockquote>\n\n\n\n<p>Para destrabar el empate, junto con el diputado Ferraro de la Coalici\u00f3n C\u00edvica, present\u00f3 un proyecto para&nbsp;<strong>reconformar la comisi\u00f3n<\/strong>&nbsp;, pero el oficialismo&nbsp;<strong>lo cajone\u00f3<\/strong>&nbsp;. El objetivo es claro: evitar que el esc\u00e1ndalo toque a los m\u00e1ximos referentes del gobierno.<\/p>\n\n\n\n<hr class=\"wp-block-separator has-alpha-channel-opacity\"\/>\n\n\n\n<h2 class=\"wp-block-heading\"><strong>Espert, reuniones sospechosas y un \u201chackeo\u201d que no convence<\/strong><\/h2>\n\n\n\n<p>Uno de los nombres que m\u00e1s inquietud genera es el de&nbsp;<strong><a target=\"_blank\" href=\"https:\/\/www.enorsai.com.ar\/politica\/42107-luis-espert-y-fred-machado-cual-es-la-relacion-del-diputado-con-el-narcotraficante.html\" rel=\"noreferrer noopener\">Jos\u00e9 Luis Espert<\/a><\/strong>&nbsp;. Seg\u00fan registros oficiales,&nbsp;<strong>el diputado liberal ingres\u00f3 a la Casa Rosada el 31 de enero de 2025<\/strong>&nbsp;, apenas&nbsp;<strong>dos semanas antes del estallido del caso Libra<\/strong>&nbsp;. La reuni\u00f3n coincide en d\u00eda y horario con&nbsp;<strong>un encuentro clave entre los principales promotores del esquema fraudulento<\/strong>&nbsp;.<\/p>\n\n\n\n<blockquote class=\"wp-block-quote is-layout-flow wp-block-quote-is-layout-flow\">\n<p>\u00abDespu\u00e9s tuvo un sospechoso hackeo de su cuenta, pero yo sigo creyendo que era parte del acuerdo. Estaban armando una moneda paralela\u00bb, afirm\u00f3 Strada.<\/p>\n<\/blockquote>\n\n\n\n<p>El periodista Javier Mark Davis tambi\u00e9n alert\u00f3 en su momento que Libra&nbsp;<strong>no era un hecho aislado<\/strong>&nbsp;, sino parte de una red de \u201cmonedas\u201d promovidas desde sectores cercanos al gobierno para especular en el mercado cripto, al margen de toda regulaci\u00f3n.<\/p>\n\n\n\n<hr class=\"wp-block-separator has-alpha-channel-opacity\"\/>\n\n\n\n<h2 class=\"wp-block-heading\"><strong>Karina Milei, coimas y silencio judicial<\/strong><\/h2>\n\n\n\n<p>Strada fue a\u00fan m\u00e1s lejos y apunt\u00f3 directamente a la hermana del presidente,&nbsp;<strong>Karina Milei<\/strong>&nbsp;, por su presunta participaci\u00f3n en maniobras de encubrimiento y cobro de&nbsp;<strong>coimas<\/strong>&nbsp;. Sin embargo, la justicia&nbsp;<strong>no ha movido un dedo<\/strong>&nbsp;para investigarla.<\/p>\n\n\n\n<blockquote class=\"wp-block-quote is-layout-flow wp-block-quote-is-layout-flow\">\n<p>\u00ab\u00bfQu\u00e9 velocidad con Cristina, no? Pero con Karina Milei no pasa nada. Las denuncias por coimas est\u00e1n cajoneadas\u00bb, denunci\u00f3.<\/p>\n\n\n\n<p>Cristina Fern\u00e1ndez de Kirchner libros<\/p>\n<\/blockquote>\n\n\n\n<p>El contraste con la persecuci\u00f3n judicial que sufre el kirchnerismo es tan brutal que&nbsp;<strong>hasta Clar\u00edn comienza a levantar la guardia<\/strong>&nbsp;. El doble est\u00e1ndar judicial ya es tan evidente que empieza a inquietar incluso a los aliados medi\u00e1ticos del gobierno.<\/p>\n\n\n\n<p>Te puede interesar:&nbsp;<a target=\"_blank\" href=\"https:\/\/www.enorsai.com.ar\/sociedad\/42576-caso-libra--los-telefonos-de-milei--su-hermana-y-los-imputados-en-la-mira-judicial.html\" rel=\"noreferrer noopener\">Caso Libra: los tel\u00e9fonos de Milei, su hermana y los imputados en la mira judicial<\/a><\/p>\n\n\n\n<hr class=\"wp-block-separator has-alpha-channel-opacity\"\/>\n\n\n\n<h2 class=\"wp-block-heading\"><strong>Libra como s\u00edntoma del modelo Milei: especulaci\u00f3n, impunidad y ajuste<\/strong><\/h2>\n\n\n\n<p>El caso Libra no es solo un hecho aislado de corrupci\u00f3n. Es la&nbsp;<strong>expresi\u00f3n m\u00e1s cruda del modelo libertario<\/strong>&nbsp;: especulaci\u00f3n financiera sin control, impunidad pol\u00edtica, ataque a los organismos de control y destrucci\u00f3n de toda herramienta institucional que pueda ponerle l\u00edmites.<\/p>\n\n\n\n<blockquote class=\"wp-block-quote is-layout-flow wp-block-quote-is-layout-flow\">\n<p>\u201cEsto no se investiga porque est\u00e1n todos comprometidos. Quieren que Argentina sea un Per\u00fa sin justicia ni industria\u201d, sentenci\u00f3 Strada.<\/p>\n<\/blockquote>\n\n\n\n<p>La legisladora advirti\u00f3 que no solo buscan bloquear las investigaciones, sino tambi\u00e9n&nbsp;<strong>desactivar a sindicatos, c\u00e1maras empresariales y cualquier actor que reclame reglas claras<\/strong>&nbsp;. El ajuste econ\u00f3mico, el vaciamiento institucional y la estafa financiera no son hechos inconexos: son las tres patas de un mismo plan.<\/p>\n\n\n\n<p><a target=\"_blank\" href=\"https:\/\/www.enorsai.com.ar\/politica\/42591-julia-strada-acusa-a-menem-y-espert-por-el-escandalo-libra-y-denuncia-un-modelo-economico-que-cierra-con-la-gente-afuera.html\" rel=\"noreferrer noopener\">Julia Strada acusa a Menem y Espert por el esc\u00e1ndalo Libra y denuncia un modelo econ\u00f3mico que \u201ccierra con la gente afuera\u201d<\/a><\/p>\n\n\n\n<hr class=\"wp-block-separator has-alpha-channel-opacity\"\/>\n\n\n\n<h2 class=\"wp-block-heading\"><strong>Conclusi\u00f3n: el caso Libra exige respuestas urgentes<\/strong><\/h2>\n\n\n\n<p>El silencio del oficialismo ante el caso Libra no es gratuito. La apunta evidencia a una&nbsp;<strong>estructura de poder blindada<\/strong>&nbsp;, donde&nbsp;<strong>Menem, Espert y Karina Milei<\/strong>&nbsp;se protegen mutuamente. La C\u00e1mara de Diputados, lejos de ser el \u00e1mbito donde se busca la verdad, est\u00e1 siendo utilizada como&nbsp;<strong>muro de contenci\u00f3n<\/strong>&nbsp;para encubrir delitos de guante blanco.<\/p>\n\n\n\n<p>Mientras tanto, los estafados esperan justicia, los trabajadores pierden sus empleos, y el pa\u00eds se desliza hacia un modelo donde la impunidad es norma y la estafa es pol\u00edtica de Estado.<\/p>\n\n\n\n<p>esc\u00e1ndalo Libra, caso Libra diputados, estafa criptomonedas Argentina, Jos\u00e9 Luis Espert Libra, Mart\u00edn Menem bloquea comisi\u00f3n, Karina Milei coimas, cripto Milei, corrupci\u00f3n gobierno Milei, Julia Strada Libra, criptomonedas falsas Argentina.<\/p>\n","protected":false},"excerpt":{"rendered":"<p>CORRUPCI\u00d3N ARGENTINA El esc\u00e1ndalo Libra salpica al coraz\u00f3n del poder: Menem, Espert y Karina Milei bajo sospecha La investigaci\u00f3n del caso Libra est\u00e1 paralizada en el Congreso por maniobras de Mart\u00edn Menem. Julia Strada denuncia la complicidad de Jos\u00e9 Luis Espert y Karina Milei, y exige que el oficialismo rinda cuentas. Esc\u00e1ndalo Libra: la trama&#8230;<\/p>\n","protected":false},"author":4,"featured_media":5531,"comment_status":"open","ping_status":"open","sticky":false,"template":"","format":"standard","meta":{"_monsterinsights_skip_tracking":false,"_monsterinsights_sitenote_active":false,"_monsterinsights_sitenote_note":"","_monsterinsights_sitenote_category":0,"footnotes":"","jetpack_publicize_message":"\u00bfQu\u00e9 es el caso Libra y por qu\u00e9 compromete al oficialismo?","jetpack_publicize_feature_enabled":true,"jetpack_social_post_already_shared":false,"jetpack_social_options":{"image_generator_settings":{"template":"highway","default_image_id":0,"enabled":false},"version":2}},"categories":[1956,2],"tags":[93,1745],"class_list":["post-5530","post","type-post","status-publish","format-standard","has-post-thumbnail","hentry","category-libra","category-politica","tag-argentina","tag-milei-argentina"],"jetpack_publicize_connections":[],"_links":{"self":[{"href":"https:\/\/www.enorsai.com\/noticias\/wp-json\/wp\/v2\/posts\/5530","targetHints":{"allow":["GET"]}}],"collection":[{"href":"https:\/\/www.enorsai.com\/noticias\/wp-json\/wp\/v2\/posts"}],"about":[{"href":"https:\/\/www.enorsai.com\/noticias\/wp-json\/wp\/v2\/types\/post"}],"author":[{"embeddable":true,"href":"https:\/\/www.enorsai.com\/noticias\/wp-json\/wp\/v2\/users\/4"}],"replies":[{"embeddable":true,"href":"https:\/\/www.enorsai.com\/noticias\/wp-json\/wp\/v2\/comments?post=5530"}],"version-history":[{"count":3,"href":"https:\/\/www.enorsai.com\/noticias\/wp-json\/wp\/v2\/posts\/5530\/revisions"}],"predecessor-version":[{"id":5534,"href":"https:\/\/www.enorsai.com\/noticias\/wp-json\/wp\/v2\/posts\/5530\/revisions\/5534"}],"wp:featuredmedia":[{"embeddable":true,"href":"https:\/\/www.enorsai.com\/noticias\/wp-json\/wp\/v2\/media\/5531"}],"wp:attachment":[{"href":"https:\/\/www.enorsai.com\/noticias\/wp-json\/wp\/v2\/media?parent=5530"}],"wp:term":[{"taxonomy":"category","embeddable":true,"href":"https:\/\/www.enorsai.com\/noticias\/wp-json\/wp\/v2\/categories?post=5530"},{"taxonomy":"post_tag","embeddable":true,"href":"https:\/\/www.enorsai.com\/noticias\/wp-json\/wp\/v2\/tags?post=5530"}],"curies":[{"name":"wp","href":"https:\/\/api.w.org\/{rel}","templated":true}]}}