{"id":5517,"date":"2025-06-23T11:39:48","date_gmt":"2025-06-23T14:39:48","guid":{"rendered":"http:\/\/www.enorsai.com\/noticias\/?p=5517"},"modified":"2025-06-23T11:39:48","modified_gmt":"2025-06-23T14:39:48","slug":"la-mayoria-de-los-jovenes-votantes-de-milei-son-los-que-estan-sufriendo-el-drama-de-la-desocupacion-del-modelo-libertario","status":"publish","type":"post","link":"https:\/\/www.enorsai.com\/noticias\/sociedad\/la-mayoria-de-los-jovenes-votantes-de-milei-son-los-que-estan-sufriendo-el-drama-de-la-desocupacion-del-modelo-libertario\/","title":{"rendered":"La mayor\u00eda de los j\u00f3venes votantes de Milei son los que est\u00e1n sufriendo el drama de la desocupaci\u00f3n del modelo libertario"},"content":{"rendered":"\n<p><strong>Promesas de libertad, realidades de exclusi\u00f3n: los votantes j\u00f3venes que impulsaron a Javier Milei hacia la presidencia comienzan a sentir en carne propia las consecuencias de un modelo que los margina cada vez m\u00e1s del mundo del trabajo.<\/strong><\/p>\n\n\n\n<p><strong>El discurso libertario sedujo a buena parte del electorado joven con promesas de meritocracia, eficiencia y fin de los privilegios. Pero a seis meses de gobierno, los n\u00fameros hablan por s\u00ed solos: la desocupaci\u00f3n en menores de 29 a\u00f1os se dispar\u00f3, los ingresos se desploman, y el horizonte laboral es cada vez m\u00e1s sombr\u00edo. Las juventudes que alguna vez corearon \u00abla casta tiene miedo\u00bb ahora enfrentan la crudeza de una econom\u00eda que los empuja al borde del abismo.<\/strong><\/p>\n\n\n\n<p><\/p>\n\n\n\n<p><strong>El desenga\u00f1o libertario: cuando la motosierra apunta hacia los mismos que aplaudieron<\/strong><\/p>\n\n\n\n<p>Era el n\u00facleo m\u00e1s entusiasta. En redes sociales, en los actos de campa\u00f1a, en los debates universitarios, incluso en los grupos de WhatsApp, los j\u00f3venes fueron, sin dudas, el motor fundamental del ascenso de Javier Milei. Muchos, hastiados de una pol\u00edtica tradicional incapaz de ofrecerles respuestas concretas, apostaron por el \u00aboutsider\u00bb que ven\u00eda a dinamitar los privilegios y a liberar el potencial argentino del yugo estatal. Pero la realidad, como siempre, es m\u00e1s terca que cualquier eslogan.<\/p>\n\n\n\n<p>Hoy, el brutal ajuste que impuso Milei desde su llegada a la Casa Rosada recae, en buena medida, sobre los hombros de aquellos mismos j\u00f3venes que confiaron en \u00e9l. Seg\u00fan los \u00faltimos datos publicados por el INDEC, la tasa de desocupaci\u00f3n en la franja de 14 a 29 a\u00f1os volvi\u00f3 a subir, alcanzando un preocupante 18,3% durante el primer trimestre de 2025. Una cifra que no solo es alarmante en s\u00ed misma, sino que duplica \u2014y en algunos casos triplica\u2014 la de otros sectores etarios.<\/p>\n\n\n\n<p>\u00bfQu\u00e9 significa esto en la vida real? Significa que uno de cada cinco j\u00f3venes que busca trabajo no lo consigue. Significa que la promesa de movilidad social se transform\u00f3 en una trampa. Significa que los \u00abemprendedores\u00bb que iban a liderar la revoluci\u00f3n capitalista libertaria hoy hacen malabares para pagar un alquiler o cargar la SUBE. Y, sobre todo, significa que el ajuste no es neutro ni \u201ct\u00e9cnico\u201d: tiene nombres, rostros, edades, y sobre todo, v\u00edctimas claras.<\/p>\n\n\n\n<p><strong>Del eslogan a la exclusi\u00f3n: el mercado que no llega<\/strong><\/p>\n\n\n\n<p>Milei insisti\u00f3 hasta el hartazgo con la idea de que el Estado era el gran enemigo. Que elimin\u00e1ndolo, los engranajes del mercado se lubricar\u00edan solos y la prosperidad ser\u00eda inevitable. Sin embargo, en los barrios y ciudades donde m\u00e1s lo votaron, el \u00fanico derrame que se percibe es el del desencanto.<\/p>\n\n\n\n<p>En los 31 conglomerados urbanos relevados por el INDEC, se contabilizan m\u00e1s de 500 mil j\u00f3venes desocupados. No es un problema nuevo, es cierto, pero lo que genera estupor es la velocidad con la que el modelo libertario profundiz\u00f3 esta situaci\u00f3n. En apenas seis meses, la destrucci\u00f3n de empleo en el sector p\u00fablico y en \u00e1reas claves como ciencia, cultura, educaci\u00f3n y administraci\u00f3n, dej\u00f3 a miles de j\u00f3venes profesionales y t\u00e9cnicos afuera del sistema. Muchos de ellos se encuentran sobrecalificados para los trabajos disponibles o simplemente compiten en un mercado que se achica semana tras semana.<\/p>\n\n\n\n<p>Los que tienen trabajo tampoco est\u00e1n a salvo. Seg\u00fan el mismo informe, el 65% de los asalariados menores de 30 a\u00f1os trabaja de manera informal, sin aportes, sin obra social, sin vacaciones. Y el ingreso promedio en ese grupo no supera los 300 mil pesos, una cifra que, con la inflaci\u00f3n desbocada que trajo la \u00ablicuadora\u00bb de Caputo, apenas alcanza para sobrevivir.<\/p>\n\n\n\n<p><strong>M\u00e9rito sin condiciones: el nuevo mito del siglo XXI<\/strong><\/p>\n\n\n\n<p>Uno de los pilares del discurso mile\u00edsta fue la exaltaci\u00f3n de la meritocracia. Cada uno debe ser responsable de su destino, dec\u00eda el presidente, y el que no progresa es porque no se esfuerza lo suficiente. Pero \u00bfc\u00f3mo se construye m\u00e9rito en un pa\u00eds que desmantela sus universidades, reduce becas, elimina programas de primer empleo y dinamita los fondos para investigaci\u00f3n? \u00bfC\u00f3mo competir cuando ni siquiera se puede estudiar en condiciones dignas o acceder a una pasant\u00eda paga?<\/p>\n\n\n\n<p>La falacia meritocr\u00e1tica no resiste ni medio segundo de contacto con la vida cotidiana de millones de j\u00f3venes argentinos. El mismo modelo que promet\u00eda libertad individual termin\u00f3 encerrando a las juventudes en un presente asfixiante, donde el futuro parece cada vez m\u00e1s lejano.<\/p>\n\n\n\n<p>La educaci\u00f3n p\u00fablica, hist\u00f3ricamente un pilar de ascenso social, est\u00e1 en terapia intensiva. Las universidades denuncian par\u00e1lisis presupuestaria, los institutos de formaci\u00f3n t\u00e9cnica se quedan sin materiales, y las becas PROGRESAR se diluyen por efecto de la inflaci\u00f3n. Todo mientras los discursos oficiales siguen culpando al pasado, al \u201cadoctrinamiento\u201d y a supuestas conspiraciones de \u201czurdos planeros\u201d.<\/p>\n\n\n\n<p><strong>Silencio libertario: cuando la realidad no entra en TikTok<\/strong><\/p>\n\n\n\n<p>En la campa\u00f1a, Milei y su equipo entendieron como nadie el poder de las redes. TikTok, Instagram y X (antes Twitter) fueron sus campos de batalla preferidos. Pero hoy, cuando los j\u00f3venes enfrentan los efectos concretos de su pol\u00edtica, el gobierno guarda un silencio ensordecedor.<\/p>\n\n\n\n<p>Ni una sola medida de alivio fue pensada para los j\u00f3venes desde diciembre. No hubo planes de fomento al empleo, no se cre\u00f3 ninguna l\u00ednea de cr\u00e9dito para proyectos productivos ni se impuls\u00f3 una pol\u00edtica integral de inserci\u00f3n laboral. Por el contrario, todo lo que funcionaba fue barrido de un plumazo en nombre de una eficiencia que solo se traduce en recortes.<\/p>\n\n\n\n<p>Lo m\u00e1s parad\u00f3jico \u2014y doloroso\u2014 es que ese mismo electorado, tan seducido por el marketing libertario, comienza a darse cuenta de que fue instrumentalizado. Que el discurso de la libertad era apenas una excusa para dejar al mercado hacer lo que quisiera. Y cuando el mercado decide, casi siempre lo hace en contra de los m\u00e1s vulnerables.<\/p>\n\n\n\n<p><strong>El costo de la utop\u00eda anarcocapitalista<\/strong><\/p>\n\n\n\n<p>La utop\u00eda que Milei vendi\u00f3 con est\u00e9tica rockera y modales disruptivos est\u00e1 mostrando su verdadero rostro. Y no es el de la prosperidad ni el de la \u00ablibertad de elegir\u00bb, sino el de la exclusi\u00f3n, la precariedad y el abandono. A lo largo y ancho del pa\u00eds, miles de j\u00f3venes sienten que apostaron a un futuro que ahora les da la espalda.<\/p>\n\n\n\n<p>El problema no es solo econ\u00f3mico. Es tambi\u00e9n simb\u00f3lico. Porque al destruir las herramientas del Estado para garantizar igualdad de oportunidades, el gobierno deja en claro un mensaje: si te va mal, es tu culpa. No importa si naciste en una familia pobre, si tuviste que dejar la facultad para trabajar, si no consegu\u00eds empleo por falta de experiencia. El Estado ya no va a estar ah\u00ed.<\/p>\n\n\n\n<p><strong>\u00bfHay salida?<\/strong><\/p>\n\n\n\n<p>La pregunta que sobrevuela entre las juventudes es si todav\u00eda hay margen para revertir este rumbo. La respuesta no es sencilla. En el corto plazo, todo indica que el ajuste continuar\u00e1. Pero en el mediano, la experiencia libertaria puede estar generando una nueva conciencia generacional. Una que empieza a entender que la pol\u00edtica no es solo un show de redes, ni una catarsis contra los \u201cchorros del Estado\u201d.<\/p>\n\n\n\n<p>Es posible que ese despertar no se traduzca de inmediato en militancia o participaci\u00f3n activa. Pero el malestar existe, crece, se acumula. Y en un pa\u00eds con tradici\u00f3n de organizaci\u00f3n juvenil, subestimarlo ser\u00eda, una vez m\u00e1s, un error estrat\u00e9gico.<\/p>\n\n\n\n<hr class=\"wp-block-separator has-alpha-channel-opacity\"\/>\n\n\n\n<p><strong>Conclusi\u00f3n: la juventud que crey\u00f3 en Milei empieza a pagar el precio de su experimento pol\u00edtico.<\/strong><br>El ajuste que promet\u00eda cortar privilegios termin\u00f3 recayendo con toda su violencia sobre quienes ten\u00edan menos para perder. Y el discurso libertario, que se vendi\u00f3 como emancipador, hoy se revela como una m\u00e1quina de exclusi\u00f3n que condena a miles a vivir sin empleo, sin futuro y sin respuestas. Tal vez, como dice el viejo refr\u00e1n, \u00abno hay peor decepci\u00f3n que la que viene de quien m\u00e1s esperabas\u00bb. Y la juventud argentina, una vez m\u00e1s, deber\u00e1 aprender a reconstruir su esperanza. Esta vez, con los ojos bien abiertos.<\/p>\n\n\n\n<p>Fuente:<\/p>\n\n\n\n<ul class=\"wp-block-list\">\n<li><a href=\"https:\/\/www.elancasti.com.ar\/politica-y-economia\/los-jovenes-votantes-mayoritarios-milei-sufren-su-modelo-el-drama-la-desocupacion-n586832\">https:\/\/www.elancasti.com.ar\/politica-y-economia\/los-jovenes-votantes-mayoritarios-milei-sufren-su-modelo-el-drama-la-desocupacion-n586832<\/a><\/li>\n<\/ul>\n","protected":false},"excerpt":{"rendered":"<p>Promesas de libertad, realidades de exclusi\u00f3n: los votantes j\u00f3venes que impulsaron a Javier Milei hacia la presidencia comienzan a sentir en carne propia las consecuencias de un modelo que los margina cada vez m\u00e1s del mundo del trabajo. El discurso libertario sedujo a buena parte del electorado joven con promesas de meritocracia, eficiencia y fin&#8230;<\/p>\n","protected":false},"author":11,"featured_media":5522,"comment_status":"open","ping_status":"open","sticky":false,"template":"","format":"standard","meta":{"_monsterinsights_skip_tracking":false,"_monsterinsights_sitenote_active":false,"_monsterinsights_sitenote_note":"","_monsterinsights_sitenote_category":0,"footnotes":"","jetpack_publicize_message":"","jetpack_publicize_feature_enabled":true,"jetpack_social_post_already_shared":true,"jetpack_social_options":{"image_generator_settings":{"template":"highway","default_image_id":0,"font":"","enabled":false},"version":2}},"categories":[4],"tags":[1491,1727,1726,1729,549,106,1309,36,33,1728],"class_list":["post-5517","post","type-post","status-publish","format-standard","has-post-thumbnail","hentry","category-sociedad","tag-ajuste-economico","tag-crisis-laboral","tag-desempleo-juvenil","tag-desilusion-politica","tag-indec","tag-javier-milei","tag-juventud","tag-libertarismo","tag-meritocracia","tag-votantes-jovenes"],"jetpack_publicize_connections":[],"_links":{"self":[{"href":"https:\/\/www.enorsai.com\/noticias\/wp-json\/wp\/v2\/posts\/5517","targetHints":{"allow":["GET"]}}],"collection":[{"href":"https:\/\/www.enorsai.com\/noticias\/wp-json\/wp\/v2\/posts"}],"about":[{"href":"https:\/\/www.enorsai.com\/noticias\/wp-json\/wp\/v2\/types\/post"}],"author":[{"embeddable":true,"href":"https:\/\/www.enorsai.com\/noticias\/wp-json\/wp\/v2\/users\/11"}],"replies":[{"embeddable":true,"href":"https:\/\/www.enorsai.com\/noticias\/wp-json\/wp\/v2\/comments?post=5517"}],"version-history":[{"count":1,"href":"https:\/\/www.enorsai.com\/noticias\/wp-json\/wp\/v2\/posts\/5517\/revisions"}],"predecessor-version":[{"id":5523,"href":"https:\/\/www.enorsai.com\/noticias\/wp-json\/wp\/v2\/posts\/5517\/revisions\/5523"}],"wp:featuredmedia":[{"embeddable":true,"href":"https:\/\/www.enorsai.com\/noticias\/wp-json\/wp\/v2\/media\/5522"}],"wp:attachment":[{"href":"https:\/\/www.enorsai.com\/noticias\/wp-json\/wp\/v2\/media?parent=5517"}],"wp:term":[{"taxonomy":"category","embeddable":true,"href":"https:\/\/www.enorsai.com\/noticias\/wp-json\/wp\/v2\/categories?post=5517"},{"taxonomy":"post_tag","embeddable":true,"href":"https:\/\/www.enorsai.com\/noticias\/wp-json\/wp\/v2\/tags?post=5517"}],"curies":[{"name":"wp","href":"https:\/\/api.w.org\/{rel}","templated":true}]}}