{"id":5510,"date":"2025-06-23T09:46:02","date_gmt":"2025-06-23T12:46:02","guid":{"rendered":"https:\/\/www.enorsai.com\/noticias\/?p=5510"},"modified":"2025-06-23T09:46:02","modified_gmt":"2025-06-23T12:46:02","slug":"lula-banco-a-cristina-sin-vueltas-mi-amistad-trasciende-los-cargos-politicos","status":"publish","type":"post","link":"https:\/\/www.enorsai.com\/noticias\/politica\/lula-banco-a-cristina-sin-vueltas-mi-amistad-trasciende-los-cargos-politicos\/","title":{"rendered":"Lula banc\u00f3 a Cristina sin vueltas: \u00abMi amistad trasciende los cargos pol\u00edticos\u00bb"},"content":{"rendered":"\n<p><strong><em>En el episodio de su programa con el comunicador Mano Brown, el presidente brasile\u00f1o revel\u00f3 un di\u00e1logo \u00edntimo con la ex mandataria argentina y resalt\u00f3 que la amistad que los une trasciende sus cargos pol\u00edticos.<\/em><\/strong><\/p>\n\n\n\n<p>El presidente Lula explic\u00f3 que llam\u00f3 a Cristina Fern\u00e1ndez de Kirchner para expresarle su aprecio personal. \u201cCristina, te llamo porque quiero que sepas que mi amistad contigo no se debe a que vos y yo fu\u00e9ramos presidentes. mi amistad contigo se debe a que yo soy una persona y vos sos una persona\u201d, cit\u00f3 Lula.<\/p>\n\n\n\n<p>El brasile\u00f1o se refiri\u00f3 a la conversaci\u00f3n como un gesto espont\u00e1neo, sin agenda pol\u00edtica inmediata, que busc\u00f3 fortalecer los lazos personales forjados durante a\u00f1os de colaboraci\u00f3n regional. Destac\u00f3 que, m\u00e1s all\u00e1 de las diferencias de estilo o gesti\u00f3n, la relaci\u00f3n se basa en el respeto mutuo y en la convicci\u00f3n de impulsar proyectos de integraci\u00f3n para Am\u00e9rica Latina. Revel\u00f3 adem\u00e1s la emoci\u00f3n de Cristina tras las palabras de Lula.<\/p>\n\n\n\n<p>La emisi\u00f3n sirvi\u00f3 tambi\u00e9n para anticipar el pr\u00f3ximo viaje de Lula a Buenos Aires, donde se reunir\u00e1 con Cristina en car\u00e1cter de amiga y colega. La visita, prevista para julio, se plantea como un gesto de solidaridad que remarca la alianza hist\u00f3rica entre Argentina y Brasil en asuntos de desarrollo social y cooperaci\u00f3n estrat\u00e9gica.<\/p>\n\n\n\n<p>Por Pol\u00edtica Argentina<\/p>\n\n\n\n<figure class=\"wp-block-embed is-type-rich is-provider-twitter wp-block-embed-twitter\"><div class=\"wp-block-embed__wrapper\">\n<blockquote class=\"twitter-tweet\" data-width=\"550\" data-dnt=\"true\"><p lang=\"es\" dir=\"ltr\"><a href=\"https:\/\/twitter.com\/hashtag\/CristinaLibre?src=hash&amp;ref_src=twsrc%5Etfw\">#CristinaLibre<\/a> | Lula da Silva cont\u00f3 entretelones de su charla con Cristina Kirchner, en el podcast de Mano Brown.<br><br>&quot;Cristina, te llamo porque quiero que sepas que mi amistad contigo no se debe a que fu\u00e9ramos presidentes. Se debe a que soy una persona y vos sos una persona&quot; <a href=\"https:\/\/t.co\/6MtllJgtsC\">pic.twitter.com\/6MtllJgtsC<\/a><\/p>&mdash; Pol\u00edtica Argentina (@Pol_Arg) <a href=\"https:\/\/twitter.com\/Pol_Arg\/status\/1935785042451874115?ref_src=twsrc%5Etfw\">June 19, 2025<\/a><\/blockquote><script async src=\"https:\/\/platform.twitter.com\/widgets.js\" charset=\"utf-8\"><\/script>\n<\/div><\/figure>\n","protected":false},"excerpt":{"rendered":"<p>En el episodio de su programa con el comunicador Mano Brown, el presidente brasile\u00f1o revel\u00f3 un di\u00e1logo \u00edntimo con la ex mandataria argentina y resalt\u00f3 que la amistad que los une trasciende sus cargos pol\u00edticos. El presidente Lula explic\u00f3 que llam\u00f3 a Cristina Fern\u00e1ndez de Kirchner para expresarle su aprecio personal. \u201cCristina, te llamo porque&#8230;<\/p>\n","protected":false},"author":5,"featured_media":5511,"comment_status":"open","ping_status":"open","sticky":false,"template":"","format":"standard","meta":{"_monsterinsights_skip_tracking":false,"_monsterinsights_sitenote_active":false,"_monsterinsights_sitenote_note":"","_monsterinsights_sitenote_category":0,"footnotes":"","jetpack_publicize_message":"","jetpack_publicize_feature_enabled":true,"jetpack_social_post_already_shared":true,"jetpack_social_options":{"image_generator_settings":{"template":"highway","default_image_id":0,"font":"","enabled":false},"version":2}},"categories":[2],"tags":[87,70,1627],"class_list":["post-5510","post","type-post","status-publish","format-standard","has-post-thumbnail","hentry","category-politica","tag-cristina","tag-justicia","tag-lula"],"jetpack_publicize_connections":[],"_links":{"self":[{"href":"https:\/\/www.enorsai.com\/noticias\/wp-json\/wp\/v2\/posts\/5510","targetHints":{"allow":["GET"]}}],"collection":[{"href":"https:\/\/www.enorsai.com\/noticias\/wp-json\/wp\/v2\/posts"}],"about":[{"href":"https:\/\/www.enorsai.com\/noticias\/wp-json\/wp\/v2\/types\/post"}],"author":[{"embeddable":true,"href":"https:\/\/www.enorsai.com\/noticias\/wp-json\/wp\/v2\/users\/5"}],"replies":[{"embeddable":true,"href":"https:\/\/www.enorsai.com\/noticias\/wp-json\/wp\/v2\/comments?post=5510"}],"version-history":[{"count":1,"href":"https:\/\/www.enorsai.com\/noticias\/wp-json\/wp\/v2\/posts\/5510\/revisions"}],"predecessor-version":[{"id":5512,"href":"https:\/\/www.enorsai.com\/noticias\/wp-json\/wp\/v2\/posts\/5510\/revisions\/5512"}],"wp:featuredmedia":[{"embeddable":true,"href":"https:\/\/www.enorsai.com\/noticias\/wp-json\/wp\/v2\/media\/5511"}],"wp:attachment":[{"href":"https:\/\/www.enorsai.com\/noticias\/wp-json\/wp\/v2\/media?parent=5510"}],"wp:term":[{"taxonomy":"category","embeddable":true,"href":"https:\/\/www.enorsai.com\/noticias\/wp-json\/wp\/v2\/categories?post=5510"},{"taxonomy":"post_tag","embeddable":true,"href":"https:\/\/www.enorsai.com\/noticias\/wp-json\/wp\/v2\/tags?post=5510"}],"curies":[{"name":"wp","href":"https:\/\/api.w.org\/{rel}","templated":true}]}}