{"id":551,"date":"2025-02-02T18:15:17","date_gmt":"2025-02-02T21:15:17","guid":{"rendered":"https:\/\/www.enorsai.com\/noticias\/?p=551"},"modified":"2025-02-02T18:15:17","modified_gmt":"2025-02-02T21:15:17","slug":"milei-y-la-llaga-abierta-como-el-presidente-metio-el-dedo-en-debates-ya-saldados-y-dividio-a-su-base","status":"publish","type":"post","link":"https:\/\/www.enorsai.com\/noticias\/sociedad\/milei-y-la-llaga-abierta-como-el-presidente-metio-el-dedo-en-debates-ya-saldados-y-dividio-a-su-base\/","title":{"rendered":"Milei y la llaga abierta: c\u00f3mo el presidente meti\u00f3 el dedo en debates ya saldados y dividi\u00f3 a su base"},"content":{"rendered":"\n<p><br><em>Carlos Fara, consultor pol\u00edtico, analiza el impacto negativo del discurso de Milei en Davos y advierte sobre los riesgos de una agenda que no conecta con las prioridades locales.<\/em><br><strong>En una entrevista radial en\u00a0<em>La Red &#8211; Cosas Imposibles<\/em>, Carlos Fara critic\u00f3 duramente al presidente Javier Milei por su discurso en Davos, donde abord\u00f3 temas como la ideolog\u00eda de g\u00e9nero y el cambio clim\u00e1tico. \u00abMeter el dedo en cuestiones que la sociedad ya dio por saldadas es un error pol\u00edtico\u00bb, asegur\u00f3.<\/strong><\/p>\n\n\n\n<p><br>El presidente Javier Milei no solo est\u00e1 desafiando las leyes de la econom\u00eda con su plan de ajuste, sino tambi\u00e9n las leyes de la pol\u00edtica. En una entrevista radial en\u00a0<em>La Red &#8211; Cosas Imposibles<\/em>, el consultor pol\u00edtico Carlos Fara analiz\u00f3 el impacto negativo del discurso de Milei en Davos, donde el mandatario argentino se refiri\u00f3 a temas como la ideolog\u00eda de g\u00e9nero, el cambio clim\u00e1tico y la agenda global. \u00abMe parece que el presidente meti\u00f3 el dedo en la llaga en cuestiones que para la sociedad no son prioritarias y que ya las da por saldadas\u00bb, afirm\u00f3 Fara.<\/p>\n\n\n\n<p><a href=\"https:\/\/www.enorsai.com\/noticias\/sociedad\/el-presidente-beligerante-hasta-donde-puede-llegar-la-guerra-de-milei-contra-su-pueblo\/\"><strong>El presidente beligerante: hasta d\u00f3nde puede llegar la guerra de Milei contra su pueblo<\/strong><\/a><\/p>\n\n\n\n<p>El consultor pol\u00edtico destac\u00f3 que Argentina es una sociedad abierta que ya ha debatido y resuelto temas como el matrimonio igualitario y el aborto. \u00abEn 2010 se vot\u00f3 la ley de matrimonio igualitario y nunca m\u00e1s volvi\u00f3 a haber debate sobre el tema. Lo mismo ocurri\u00f3 con el aborto, que se discuti\u00f3 dos veces y finalmente se aprob\u00f3. Estos no son temas que est\u00e9n en la agenda de la sociedad\u00bb, explic\u00f3 Fara. Sin embargo, Milei decidi\u00f3 abordarlos en un foro internacional, lo que gener\u00f3 un rechazo generalizado en el \u00e1mbito local.<\/p>\n\n\n\n<p>Fara tambi\u00e9n cuestion\u00f3 la estrategia del presidente de alinearse con figuras como Donald Trump y Giorgia Meloni en defensa de los valores de Occidente. \u00abEs una discusi\u00f3n que est\u00e1 en algunos lugares del mundo, como Estados Unidos, pero que est\u00e1 lejos de la agenda local. El riesgo que corre el gobierno es perder conexi\u00f3n con la realidad de los argentinos\u00bb, advirti\u00f3. Seg\u00fan el consultor, el n\u00facleo duro que vot\u00f3 a Milei en 2023 no estaba interesado en estos temas, sino en la lucha contra la inflaci\u00f3n y la reducci\u00f3n del Estado. \u00abHablar de la casta y los curros es bienvenido, pero meter estos temas es como salirse del gui\u00f3n\u00bb, agreg\u00f3.<\/p>\n\n\n\n<p><strong><a href=\"https:\/\/www.enorsai.com\/noticias\/uncategorized\/el-silencio-complice-como-los-grandes-medios-argentinos-blindaron-a-milei\/\">El silencio c\u00f3mplice: C\u00f3mo los grandes medios argentinos blindaron a Milei<\/a><\/strong><\/p>\n\n\n\n<p>El an\u00e1lisis de Fara coincide con las cr\u00edticas que recibi\u00f3 Milei por parte de diversos sectores pol\u00edticos y sociales. El presidente no solo fue cuestionado por su discurso en Davos, sino tambi\u00e9n por la expulsi\u00f3n de Ramiro Marra de La Libertad Avanza. \u00abEl conflicto con Marra ven\u00eda de larga data. Lo que llama la atenci\u00f3n es la forma en que se manejan las diferencias internas en el partido, que son muy verticales y poco contenedoras\u00bb, explic\u00f3 Fara. El consultor tambi\u00e9n se refiri\u00f3 a la tensi\u00f3n entre Milei y su vicepresidenta, Victoria Villarruel, y a la falta de di\u00e1logo dentro del gobierno. \u00abEs un esquema pol\u00edtico que no tolera disidencias. Si no est\u00e1s conmigo, est\u00e1s contra m\u00ed\u00bb, resumi\u00f3.<\/p>\n\n\n\n<p>En cuanto a la oposici\u00f3n, Fara se\u00f1al\u00f3 que el kirchnerismo y el PRO enfrentan desaf\u00edos importantes de cara a las pr\u00f3ximas elecciones. \u00abEl kirchnerismo tiene que resolver la puja entre Cristina Fern\u00e1ndez y Axel Kicillof, pero lo m\u00e1s probable es que vayan juntos bajo una misma sigla. En cambio, el PRO est\u00e1 en una situaci\u00f3n m\u00e1s complicada, porque muchos de sus referentes se est\u00e1n sumando al espacio libertario\u00bb, explic\u00f3. El consultor tambi\u00e9n mencion\u00f3 la posibilidad de que Cristina Fern\u00e1ndez se postule como senadora por la Ciudad de Buenos Aires, lo que agregar\u00eda un nuevo elemento de tensi\u00f3n en el escenario pol\u00edtico.<\/p>\n\n\n\n<p><a href=\"https:\/\/www.enorsai.com\/noticias\/economia\/al-borde-del-colapso-el-dolar-barato-la-deuda-no-para-de-crecer-y-las-reservas-en-rojo\/\"><strong>Al borde del colapso: El d\u00f3lar barato, la deuda no para de crecer y las reservas en rojo<\/strong><\/a><\/p>\n\n\n\n<p>Fara concluy\u00f3 su an\u00e1lisis con una advertencia para el gobierno: \u00abEl riesgo de perder conexi\u00f3n con la realidad es muy alto. Si Milei insiste en estos temas, puede terminar repeliendo a los votantes que necesita captar para consolidar su proyecto\u00bb. El consultor tambi\u00e9n destac\u00f3 la importancia de mantener el foco en la econom\u00eda, que sigue siendo la principal preocupaci\u00f3n de los argentinos. \u00abLa lucha contra la inflaci\u00f3n y la reducci\u00f3n del Estado son los temas que movilizan a la gente. El resto son distracciones que pueden costar caras\u00bb, afirm\u00f3.<\/p>\n\n\n\n<hr class=\"wp-block-separator has-alpha-channel-opacity\"\/>\n","protected":false},"excerpt":{"rendered":"<p>Carlos Fara, consultor pol\u00edtico, analiza el impacto negativo del discurso de Milei en Davos y advierte sobre los riesgos de una agenda que no conecta con las prioridades locales.En una entrevista radial en\u00a0La Red &#8211; Cosas Imposibles, Carlos Fara critic\u00f3 duramente al presidente Javier Milei por su discurso en Davos, donde abord\u00f3 temas como la&#8230;<\/p>\n","protected":false},"author":4,"featured_media":552,"comment_status":"open","ping_status":"open","sticky":false,"template":"","format":"standard","meta":{"_monsterinsights_skip_tracking":false,"_monsterinsights_sitenote_active":false,"_monsterinsights_sitenote_note":"","_monsterinsights_sitenote_category":0,"footnotes":"","jetpack_publicize_message":"","jetpack_publicize_feature_enabled":true,"jetpack_social_post_already_shared":true,"jetpack_social_options":{"image_generator_settings":{"template":"highway","default_image_id":0,"font":"","enabled":false},"version":2}},"categories":[4],"tags":[160,159,158,161,106],"class_list":["post-551","post","type-post","status-publish","format-standard","has-post-thumbnail","hentry","category-sociedad","tag-agenda-de-genero","tag-carlos-fara","tag-discurso-de-davos","tag-elecciones-2023","tag-javier-milei"],"jetpack_publicize_connections":[],"_links":{"self":[{"href":"https:\/\/www.enorsai.com\/noticias\/wp-json\/wp\/v2\/posts\/551","targetHints":{"allow":["GET"]}}],"collection":[{"href":"https:\/\/www.enorsai.com\/noticias\/wp-json\/wp\/v2\/posts"}],"about":[{"href":"https:\/\/www.enorsai.com\/noticias\/wp-json\/wp\/v2\/types\/post"}],"author":[{"embeddable":true,"href":"https:\/\/www.enorsai.com\/noticias\/wp-json\/wp\/v2\/users\/4"}],"replies":[{"embeddable":true,"href":"https:\/\/www.enorsai.com\/noticias\/wp-json\/wp\/v2\/comments?post=551"}],"version-history":[{"count":1,"href":"https:\/\/www.enorsai.com\/noticias\/wp-json\/wp\/v2\/posts\/551\/revisions"}],"predecessor-version":[{"id":553,"href":"https:\/\/www.enorsai.com\/noticias\/wp-json\/wp\/v2\/posts\/551\/revisions\/553"}],"wp:featuredmedia":[{"embeddable":true,"href":"https:\/\/www.enorsai.com\/noticias\/wp-json\/wp\/v2\/media\/552"}],"wp:attachment":[{"href":"https:\/\/www.enorsai.com\/noticias\/wp-json\/wp\/v2\/media?parent=551"}],"wp:term":[{"taxonomy":"category","embeddable":true,"href":"https:\/\/www.enorsai.com\/noticias\/wp-json\/wp\/v2\/categories?post=551"},{"taxonomy":"post_tag","embeddable":true,"href":"https:\/\/www.enorsai.com\/noticias\/wp-json\/wp\/v2\/tags?post=551"}],"curies":[{"name":"wp","href":"https:\/\/api.w.org\/{rel}","templated":true}]}}