{"id":5507,"date":"2025-06-23T07:00:47","date_gmt":"2025-06-23T10:00:47","guid":{"rendered":"https:\/\/www.enorsai.com\/noticias\/sociedad\/milei-habilita-por-decreto-la-compra-libre-de-fusiles-carabinas-y-subametralladoras\/"},"modified":"2025-06-23T07:00:47","modified_gmt":"2025-06-23T10:00:47","slug":"milei-habilita-por-decreto-la-compra-libre-de-fusiles-carabinas-y-subametralladoras","status":"publish","type":"post","link":"https:\/\/www.enorsai.com\/noticias\/sociedad\/milei-habilita-por-decreto-la-compra-libre-de-fusiles-carabinas-y-subametralladoras\/","title":{"rendered":"Milei habilita por decreto la compra libre&nbsp; de fusiles, carabinas y subametralladoras"},"content":{"rendered":"\n<p>Tras reducir la edad m\u00ednima y facilitar los tr\u00e1mites para adquirir armas, Javier Milei da un nuevo paso hacia la desregulaci\u00f3n total del acceso civil a armamento pesado. La medida, tomada por decreto, reaviva el debate sobre seguridad, violencia social y el giro autoritario del Gobierno.<br><br>Javier Milei lo hab\u00eda dicho sin titubeos durante su campa\u00f1a: \u201cEstoy a favor de la libre portaci\u00f3n de armas, definitivamente\u201d. Si bien durante sus primeros meses como presidente moder\u00f3 el tono, su Gobierno avanza sin pausa en la desregulaci\u00f3n del acceso civil a las armas de fuego. Esta semana, dio un nuevo paso al firmar un decreto que permite la compra y tenencia de armas semiautom\u00e1ticas, incluyendo fusiles, carabinas y subametralladoras, herramientas de alto poder letal que hasta ahora estaban vedadas al uso civil.<br><br>Esta decisi\u00f3n profundiza una l\u00ednea de acci\u00f3n que ya ven\u00eda en marcha. En los \u00faltimos meses, el Gobierno redujo la edad m\u00ednima para acceder a un arma y simplific\u00f3 los requisitos administrativos para obtenerla, facilitando el acceso a un mercado hist\u00f3ricamente regulado por razones de seguridad p\u00fablica. Con esta nueva norma, el Estado habilita a los civiles a poseer armamento que, por sus caracter\u00edsticas t\u00e9cnicas, ha sido hist\u00f3ricamente reservado a las fuerzas de seguridad o al \u00e1mbito militar.<br><br>La medida se suma a un preocupante paquete de decretos recientes que consolidan un giro punitivista y represivo en el enfoque del oficialismo. Tan solo un d\u00eda antes, el mismo Gobierno hab\u00eda firmado un decreto que otorga a la Polic\u00eda facultades para detener y espiar sin orden judicial. Todo ello se enmarca en un relato que asocia inseguridad con mayor libertad para portar armas, apelando al derecho a la \u201cautodefensa\u201d como justificativo \u00faltimo.<br><br>Una pol\u00edtica alineada con la ultraderecha global<br><br>Este tipo de medidas recuerdan los postulados m\u00e1s radicales del trumpismo y de la ultraderecha estadounidense, donde la portaci\u00f3n irrestricta de armas es parte central del ideario libertario. Para Milei, no es una casualidad. Su proyecto pol\u00edtico apunta a eliminar lo que denomina como \u201cintervenci\u00f3n estatal\u201d, incluso en asuntos tan sensibles como la tenencia de armas. Pero mientras en Estados Unidos este derecho est\u00e1 respaldado por la Segunda Enmienda de su Constituci\u00f3n, en Argentina no existe semejante soporte jur\u00eddico ni cultural para semejante liberalizaci\u00f3n.<br><br>La desregulaci\u00f3n de armas en manos civiles ha sido ampliamente cuestionada por organismos de derechos humanos, expertos en seguridad y hasta sectores moderados del propio oficialismo, que advierten sobre el riesgo de fomentar una sociedad m\u00e1s violenta, donde el conflicto interpersonal o social escale r\u00e1pidamente a niveles letales.<br><br>Riesgos en un contexto de tensi\u00f3n social<br><br>La medida se toma en un contexto social explosivo. Con altos niveles de pobreza, desempleo, represi\u00f3n en las calles y un creciente clima de confrontaci\u00f3n pol\u00edtica y social, la habilitaci\u00f3n de armamento semiautom\u00e1tico no parece aportar a la construcci\u00f3n de una sociedad m\u00e1s segura, sino todo lo contrario.<br><br>Desde diversos sectores de la oposici\u00f3n se alerta sobre el peligro de una militarizaci\u00f3n civil, donde el Estado, lejos de proteger a la ciudadan\u00eda, la empuja a autodefenderse en un escenario de \u201cs\u00e1lvese quien pueda\u201d. En barrios vulnerables, donde las organizaciones delictivas ya se nutren de armas ilegales, la disponibilidad de fusiles y subametralladoras entre civiles solo podr\u00eda empeorar el escenario.<br><br>Un Estado que abdica de su rol<br><br>Lo m\u00e1s inquietante de esta decisi\u00f3n no es solo su contenido, sino lo que representa: un Estado que abdica de su responsabilidad de garantizar la seguridad ciudadana, delegando ese rol en el individuo armado. Lejos de construir una pol\u00edtica p\u00fablica seria en materia de seguridad, prevenci\u00f3n del delito o inclusi\u00f3n social, el Gobierno promueve una visi\u00f3n darwinista y autoritaria, donde el fuerte (y armado) impone su ley.<br><br>Con este decreto, Milei vuelve a colocar a la Argentina en el centro de la pol\u00e9mica internacional, consolidando una agenda que prioriza la confrontaci\u00f3n sobre el consenso, la represi\u00f3n sobre el di\u00e1logo, y el armamentismo civil como una peligrosa respuesta a problemas complejos que no se resuelven a los tiros.<br><br>Fuente:<\/p>\n\n\n\n<ul class=\"wp-block-list\">\n<li>https:\/\/elpais.com\/argentina\/2025-06-20\/milei-autoriza-la-compra-y-la-tenencia-de-armas-semiautomaticas.html<\/li>\n<\/ul>\n\n\n\n<p><\/p>\n","protected":false},"excerpt":{"rendered":"<p>Tras reducir la edad m\u00ednima y facilitar los tr\u00e1mites para adquirir armas, Javier Milei da un nuevo paso hacia la desregulaci\u00f3n total del acceso civil a armamento pesado. La medida, tomada por decreto, reaviva el debate sobre seguridad, violencia social y el giro autoritario del Gobierno. Javier Milei lo hab\u00eda dicho sin titubeos durante su&#8230;<\/p>\n","protected":false},"author":11,"featured_media":5506,"comment_status":"open","ping_status":"open","sticky":false,"template":"","format":"standard","meta":{"_monsterinsights_skip_tracking":false,"_monsterinsights_sitenote_active":false,"_monsterinsights_sitenote_note":"","_monsterinsights_sitenote_category":0,"footnotes":"","jetpack_publicize_message":"","jetpack_publicize_feature_enabled":true,"jetpack_social_post_already_shared":true,"jetpack_social_options":{"image_generator_settings":{"template":"highway","default_image_id":0,"font":"","enabled":false},"version":2}},"categories":[4],"tags":[1718,1719,106,36,1722,365,1720,323,1721],"class_list":["post-5507","post","type-post","status-publish","format-standard","has-post-thumbnail","hentry","category-sociedad","tag-armas-semiautomaticas","tag-decreto-presidencial","tag-javier-milei","tag-libertarismo","tag-politica-armamentista","tag-represion","tag-seguridad-ciudadana","tag-ultraderecha","tag-violencia-social"],"jetpack_publicize_connections":[],"_links":{"self":[{"href":"https:\/\/www.enorsai.com\/noticias\/wp-json\/wp\/v2\/posts\/5507","targetHints":{"allow":["GET"]}}],"collection":[{"href":"https:\/\/www.enorsai.com\/noticias\/wp-json\/wp\/v2\/posts"}],"about":[{"href":"https:\/\/www.enorsai.com\/noticias\/wp-json\/wp\/v2\/types\/post"}],"author":[{"embeddable":true,"href":"https:\/\/www.enorsai.com\/noticias\/wp-json\/wp\/v2\/users\/11"}],"replies":[{"embeddable":true,"href":"https:\/\/www.enorsai.com\/noticias\/wp-json\/wp\/v2\/comments?post=5507"}],"version-history":[{"count":0,"href":"https:\/\/www.enorsai.com\/noticias\/wp-json\/wp\/v2\/posts\/5507\/revisions"}],"wp:featuredmedia":[{"embeddable":true,"href":"https:\/\/www.enorsai.com\/noticias\/wp-json\/wp\/v2\/media\/5506"}],"wp:attachment":[{"href":"https:\/\/www.enorsai.com\/noticias\/wp-json\/wp\/v2\/media?parent=5507"}],"wp:term":[{"taxonomy":"category","embeddable":true,"href":"https:\/\/www.enorsai.com\/noticias\/wp-json\/wp\/v2\/categories?post=5507"},{"taxonomy":"post_tag","embeddable":true,"href":"https:\/\/www.enorsai.com\/noticias\/wp-json\/wp\/v2\/tags?post=5507"}],"curies":[{"name":"wp","href":"https:\/\/api.w.org\/{rel}","templated":true}]}}