{"id":5496,"date":"2025-06-22T22:16:23","date_gmt":"2025-06-23T01:16:23","guid":{"rendered":"http:\/\/www.enorsai.com\/noticias\/?p=5496"},"modified":"2025-06-23T11:15:21","modified_gmt":"2025-06-23T14:15:21","slug":"milei-entrega-el-cck-a-la-jabad-lubavitch-para-un-acto-religioso","status":"publish","type":"post","link":"https:\/\/www.enorsai.com\/noticias\/politica\/milei-entrega-el-cck-a-la-jabad-lubavitch-para-un-acto-religioso\/","title":{"rendered":"Milei entrega el CCK a la Jabad Lubavitch para un acto religioso"},"content":{"rendered":"\n<p><strong>El emblem\u00e1tico edificio que supo homenajear a N\u00e9stor Kirchner como s\u00edmbolo de lo p\u00fablico y cultural, ser\u00e1 sede de un acto religioso en honor al Rebe Schneerson, l\u00edder espiritual de una rama ortodoxa del juda\u00edsmo.<\/strong><\/p>\n\n\n\n<p><strong>Mientras se recorta el presupuesto para la educaci\u00f3n, la ciencia y la cultura nacional, el Gobierno de Javier Milei habilita el uso del ex-Centro Cultural Kirchner \u2014ahora renombrado Palacio Libertad\u2014 para un acto de la organizaci\u00f3n Jabad Lubavitch. La decisi\u00f3n reaviva un debate profundo y urgente: \u00bfqui\u00e9n decide qu\u00e9 se honra en los espacios p\u00fablicos?<\/strong><\/p>\n\n\n\n<p>En un pa\u00eds que arde de incertidumbre, donde el ajuste se impone como religi\u00f3n oficial del Estado, el Gobierno de Javier Milei ha vuelto a dar un gesto tan simb\u00f3lico como revelador. Este lunes 23 de junio, el imponente edificio del ex-Centro Cultural Kirchner (CCK) \u2014rebautizado sin pudor como \u201cPalacio Libertad\u201d\u2014 abrir\u00e1 sus puertas no para una obra de teatro, un concierto de la Orquesta Sinf\u00f3nica Nacional o una muestra del arte argentino contempor\u00e1neo, sino para un acto religioso organizado por la agrupaci\u00f3n ortodoxa Jabad Lubavitch.<\/p>\n\n\n\n<p>No es una ceremonia m\u00e1s. Se trata de un tributo al Rab\u00ed Menajem Mendel Schneerson, conocido como el Rebe de Lubavitch, una figura de culto dentro del movimiento jas\u00eddico internacional. La actividad, promovida por Jabad Argentina, se encuadra en la conmemoraci\u00f3n del 31\u00b0 aniversario del fallecimiento f\u00edsico del Rebe, justo en la v\u00edspera del 3 de Tamuz del calendario hebreo. El acto incluir\u00e1 discursos, una orquesta de melod\u00edas jas\u00eddicas y la participaci\u00f3n de altos referentes religiosos, como el Rabino Moshe Bryski desde California y el Rabino Tzvi Grunblatt, director general de la rama argentina.<\/p>\n\n\n\n<p>La entrada es gratuita, aunque requiere inscripci\u00f3n previa. Lo que no fue gratuito, sin embargo, es el giro ideol\u00f3gico y pol\u00edtico que implica este tipo de cesiones. No se trata de un evento en una sinagoga, en un centro comunitario o en un espacio privado. Se trata del uso del mayor centro cultural p\u00fablico del pa\u00eds \u2014una joya arquitect\u00f3nica que simboliz\u00f3 durante a\u00f1os el acceso democr\u00e1tico a la cultura\u2014 para una actividad de contenido confesional y cerrado.<\/p>\n\n\n\n<p>Resulta inevitable, entonces, preguntarse: \u00bfcu\u00e1l es el criterio con el que el gobierno de Javier Milei administra los espacios p\u00fablicos? \u00bfQui\u00e9nes son hoy los autorizados para convocar en el Palacio Libertad y qui\u00e9nes quedaron afuera con la motosierra del ajuste? \u00bfEs esta una concesi\u00f3n ideol\u00f3gica o parte de una estrategia m\u00e1s amplia de disciplinamiento simb\u00f3lico?<\/p>\n\n\n\n<p>Mientras tanto, la comunidad art\u00edstica, educativa y cient\u00edfica contin\u00faa siendo estrangulada por el recorte presupuestario. Universidades al borde del colapso, becas canceladas, institutos paralizados, teatros sin programaci\u00f3n y orquestas sin presupuesto. Pero el Rebe s\u00ed tendr\u00e1 su acto en el auditorio nacional. Como si el mensaje fuera claro: lo que se honra hoy en Argentina no es el pensamiento cr\u00edtico ni el pluralismo cultural, sino una religiosidad que se amolda perfectamente a las ideas de orden, misi\u00f3n espiritual y jerarqu\u00eda, tan afines al ideario libertario en versi\u00f3n teocr\u00e1tica.<\/p>\n\n\n\n<p>Este giro no es casual. Desde que asumi\u00f3 el poder, Milei ha abrazado una narrativa mesi\u00e1nica, donde \u00e9l mismo se coloca como profeta del mercado, enemigo de los herejes del Estado y devoto de un nuevo evangelio financiero. En ese marco, permitir que el coraz\u00f3n cultural del pa\u00eds sea utilizado para un culto ajeno a la tradici\u00f3n laica nacional no solo es un gesto, es una declaraci\u00f3n de principios: el Estado ya no es garante de lo com\u00fan, sino anfitri\u00f3n de lo conveniente.<\/p>\n\n\n\n<p>Jabad Lubavitch no es una agrupaci\u00f3n cualquiera. Se trata de una estructura religiosa con fuerte presencia internacional, v\u00ednculos diplom\u00e1ticos y poder econ\u00f3mico. No es ilegal ni clandestina, pero s\u00ed representa una mirada del mundo absolutamente particular, que no necesariamente refleja la pluralidad del juda\u00edsmo ni mucho menos de la sociedad argentina. Entonces, \u00bfpor qu\u00e9 el Estado debe cederle un lugar de semejante relevancia simb\u00f3lica?<\/p>\n\n\n\n<p>La excusa, probablemente, ser\u00e1 la de siempre: \u201ctodos tienen derecho a usar el espacio si lo solicitan\u201d. Pero no es cierto. Hay agrupaciones art\u00edsticas que llevan meses intentando reabrir programaciones suspendidas, colectivos culturales que no pueden sostener actividades por falta de fondos, universidades que claman por un espacio donde visibilizar su trabajo. No todos son bienvenidos en este nuevo Palacio Libertad. Solo los que encajan en el molde.<\/p>\n\n\n\n<p>Y mientras algunos celebran al Rebe con orquesta incluida, otros miran con bronca y desconcierto c\u00f3mo los cimientos simb\u00f3licos de la democracia cultural se desmoronan. Porque si el ex-CCK puede ser templo, pero no puede ser escenario de pensamiento cr\u00edtico, entonces no estamos solo ante una cesi\u00f3n de un edificio: estamos ante la entrega de una idea de pa\u00eds.<\/p>\n\n\n\n<p>Una vez m\u00e1s, Javier Milei juega a reescribir la historia con la tinta del fanatismo. Y esta vez, lo hace con una kipa sobre el m\u00e1rmol de lo p\u00fablico.<\/p>\n\n\n\n<p>Fuente:<\/p>\n\n\n\n<ul class=\"wp-block-list\">\n<li><a href=\"https:\/\/notienred.info\/2025\/06\/22\/utilizaran-el-ex-cck-para-acto-de-la-jabad-lubavitch\/\">https:\/\/notienred.info\/2025\/06\/22\/utilizaran-el-ex-cck-para-acto-de-la-jabad-lubavitch\/<\/a><\/li>\n<\/ul>\n\n\n\n<p><\/p>\n","protected":false},"excerpt":{"rendered":"<p>El emblem\u00e1tico edificio que supo homenajear a N\u00e9stor Kirchner como s\u00edmbolo de lo p\u00fablico y cultural, ser\u00e1 sede de un acto religioso en honor al Rebe Schneerson, l\u00edder espiritual de una rama ortodoxa del juda\u00edsmo. Mientras se recorta el presupuesto para la educaci\u00f3n, la ciencia y la cultura nacional, el Gobierno de Javier Milei habilita&#8230;<\/p>\n","protected":false},"author":1,"featured_media":5497,"comment_status":"open","ping_status":"open","sticky":false,"template":"","format":"standard","meta":{"_monsterinsights_skip_tracking":false,"_monsterinsights_sitenote_active":false,"_monsterinsights_sitenote_note":"","_monsterinsights_sitenote_category":0,"footnotes":"","jetpack_publicize_message":"","jetpack_publicize_feature_enabled":true,"jetpack_social_post_already_shared":true,"jetpack_social_options":{"image_generator_settings":{"template":"highway","default_image_id":0,"font":"","enabled":false},"version":2}},"categories":[2],"tags":[],"class_list":["post-5496","post","type-post","status-publish","format-standard","has-post-thumbnail","hentry","category-politica"],"jetpack_publicize_connections":[],"_links":{"self":[{"href":"https:\/\/www.enorsai.com\/noticias\/wp-json\/wp\/v2\/posts\/5496","targetHints":{"allow":["GET"]}}],"collection":[{"href":"https:\/\/www.enorsai.com\/noticias\/wp-json\/wp\/v2\/posts"}],"about":[{"href":"https:\/\/www.enorsai.com\/noticias\/wp-json\/wp\/v2\/types\/post"}],"author":[{"embeddable":true,"href":"https:\/\/www.enorsai.com\/noticias\/wp-json\/wp\/v2\/users\/1"}],"replies":[{"embeddable":true,"href":"https:\/\/www.enorsai.com\/noticias\/wp-json\/wp\/v2\/comments?post=5496"}],"version-history":[{"count":1,"href":"https:\/\/www.enorsai.com\/noticias\/wp-json\/wp\/v2\/posts\/5496\/revisions"}],"predecessor-version":[{"id":5498,"href":"https:\/\/www.enorsai.com\/noticias\/wp-json\/wp\/v2\/posts\/5496\/revisions\/5498"}],"wp:featuredmedia":[{"embeddable":true,"href":"https:\/\/www.enorsai.com\/noticias\/wp-json\/wp\/v2\/media\/5497"}],"wp:attachment":[{"href":"https:\/\/www.enorsai.com\/noticias\/wp-json\/wp\/v2\/media?parent=5496"}],"wp:term":[{"taxonomy":"category","embeddable":true,"href":"https:\/\/www.enorsai.com\/noticias\/wp-json\/wp\/v2\/categories?post=5496"},{"taxonomy":"post_tag","embeddable":true,"href":"https:\/\/www.enorsai.com\/noticias\/wp-json\/wp\/v2\/tags?post=5496"}],"curies":[{"name":"wp","href":"https:\/\/api.w.org\/{rel}","templated":true}]}}