{"id":5491,"date":"2025-06-22T20:30:54","date_gmt":"2025-06-22T23:30:54","guid":{"rendered":"https:\/\/www.enorsai.com\/noticias\/politica\/maximo-a-la-cgt-me-hubiera-encantado-que-los-tres-que-la-conducen-vinieran-y-acercaran-su-solidaridad-por-mas-que-ellos-no-la-quieren-a-cristina\/"},"modified":"2025-06-22T20:30:54","modified_gmt":"2025-06-22T23:30:54","slug":"maximo-a-la-cgt-me-hubiera-encantado-que-los-tres-que-la-conducen-vinieran-y-acercaran-su-solidaridad-por-mas-que-ellos-no-la-quieren-a-cristina","status":"publish","type":"post","link":"https:\/\/www.enorsai.com\/noticias\/politica\/maximo-a-la-cgt-me-hubiera-encantado-que-los-tres-que-la-conducen-vinieran-y-acercaran-su-solidaridad-por-mas-que-ellos-no-la-quieren-a-cristina\/","title":{"rendered":"M\u00e1ximo a la CGT: \u00abMe hubiera encantado que los tres que la conducen vinieran y acercaran su solidaridad, por m\u00e1s que ellos no la quieren a Cristina\u00bb"},"content":{"rendered":"\n<p>El l\u00edder de La C\u00e1mpora critic\u00f3 con dureza al triunvirato cegetista por ausentarse de la movilizaci\u00f3n en defensa de Cristina Fern\u00e1ndez de Kirchner. Reclam\u00f3 compromiso pol\u00edtico m\u00e1s all\u00e1 de las diferencias y cuestion\u00f3 a quienes \u201cjuegan a las escondidas\u201d con el poder.<br><br>En una entrevista con P\u00e1gina 12 y durante un acto p\u00fablico, M\u00e1ximo Kirchner apunt\u00f3 contra la c\u00fapula de la CGT por no acompa\u00f1ar la masiva movilizaci\u00f3n en Plaza de Mayo tras la condena contra Cristina Kirchner. Asegur\u00f3 que su presencia \u201cles hubiera hecho bien\u201d en su v\u00ednculo con la sociedad y advirti\u00f3 sobre los peligros de conformarse con un frente \u00fanicamente \u201canti Milei\u201d. Tambi\u00e9n se refiri\u00f3 a las tensiones internas del peronismo y llam\u00f3 a debatir ideas y no personas.<br><br>En medio de la profunda crisis institucional generada por la condena a seis a\u00f1os de prisi\u00f3n e inhabilitaci\u00f3n perpetua contra Cristina Fern\u00e1ndez de Kirchner en la causa Vialidad, el diputado nacional y referente de La C\u00e1mpora, M\u00e1ximo Kirchner, rompi\u00f3 el silencio y apunt\u00f3 directamente contra la c\u00fapula de la Confederaci\u00f3n General del Trabajo (CGT). Su reclamo fue claro: la ausencia de los tres secretarios generales de la central obrera en la masiva movilizaci\u00f3n del pasado mi\u00e9rcoles en Plaza de Mayo fue un gesto que evidencia un divorcio pol\u00edtico y \u00e9tico con una parte importante del pueblo trabajador.<br><br>\u201cMe hubiera encantado que los tres que la conducen vinieran y acercaran su solidaridad, por m\u00e1s que ellos no la quieren a Cristina o no los represente. Eso les hubiera hecho bien en su relaci\u00f3n con la sociedad\u201d, sentenci\u00f3 M\u00e1ximo en un mensaje que apunta directo al coraz\u00f3n de la dirigencia sindical peronista, hoy m\u00e1s preocupada por las internas que por la defensa de las instituciones democr\u00e1ticas.<br><br>En ese marco, el diputado remarc\u00f3 que la adhesi\u00f3n popular a la marcha no respondi\u00f3 solo a la militancia kirchnerista. \u201cHab\u00eda partidos de izquierda, movimientos sociales y mucha gente que quiz\u00e1s no vota a Cristina, pero se solidariz\u00f3\u201d, se\u00f1al\u00f3, destacando el valor simb\u00f3lico de una respuesta colectiva frente a lo que considera una persecuci\u00f3n judicial impulsada por sectores del poder que \u201cno dejan votos y no aceptan perder\u201d.<br><br>Kirchner no eludi\u00f3 tampoco la autocr\u00edtica interna. Reconoci\u00f3 que la CGT tiene sus \u201cpropias l\u00f3gicas y tiempos\u201d, sobre todo en medio del proceso de renovaci\u00f3n de autoridades previsto para dentro de cuatro meses. Sin embargo, ironiz\u00f3 sobre la pasividad de ciertos dirigentes: \u201cReformul\u00e9 un viejo chiste: \u00bfqu\u00e9 es un esqueleto en un ropero? Un tiempista que jug\u00f3 a las escondidas y gan\u00f3\u201d. La frase, que no necesita mayor explicaci\u00f3n, funciona como met\u00e1fora del oportunismo pol\u00edtico y la tibieza que caracteriza a algunos sectores del movimiento obrero.<br><br>El mensaje de M\u00e1ximo Kirchner no fue solo hacia afuera. Tambi\u00e9n apunt\u00f3 hacia el interior del Frente de Todos, donde las tensiones entre La C\u00e1mpora y sectores alineados con Axel Kicillof han escalado en los \u00faltimos meses. \u201cDesde algunos sectores se llev\u00f3 la discusi\u00f3n a niveles personales, pero hay que discutir las pol\u00edticas, porque la tarea no es solo ganar la elecci\u00f3n, sino gobernar y terminar bien\u201d, reflexion\u00f3, en una clara referencia a los enfrentamientos intestinos que debilitan la unidad del peronismo.<br><br>Y agreg\u00f3 una advertencia para quienes reducen el horizonte electoral a una alianza \u201canti Milei\u201d: \u201cConformar solamente un frente anti Milei no nos va a servir de mucho. Cuando fue la discusi\u00f3n del Fondo Monetario, una de las argumentaciones era que no votarlo generar\u00eda un gobierno ultraderechista\u201d, record\u00f3, dejando en claro que la respuesta no puede ser solo reactiva, sino que debe estar cimentada en un programa pol\u00edtico s\u00f3lido y transformador.<br><br>En el cierre, M\u00e1ximo se permiti\u00f3 una lectura pol\u00edtica m\u00e1s amplia sobre la condena judicial contra su madre. Lejos de tomarla solo como una afrenta personal o familiar, la ve como un punto de inflexi\u00f3n: \u201cPuede ser el puntapi\u00e9 inicial para reordenar y unir al peronismo\u201d.<br><br>Mientras la CGT contin\u00faa sin una respuesta institucional contundente, m\u00e1s all\u00e1 de declaraciones aisladas como las de Andr\u00e9s Rodr\u00edguez, que reconoci\u00f3 una \u201cpersecuci\u00f3n pol\u00edtica\u201d contra la ex presidenta, el llamado de M\u00e1ximo Kirchner abre un nuevo cap\u00edtulo en la disputa por el liderazgo del movimiento nacional y popular. Uno que ya no admite ambig\u00fcedades frente a un escenario de creciente autoritarismo, ajuste econ\u00f3mico y judicializaci\u00f3n de la pol\u00edtica.<br><br>Fuentes:<\/p>\n\n\n\n<ul class=\"wp-block-list\">\n<li>https:\/\/www.infogremiales.com.ar\/maximo-kirchner-le-hablo-a-la-cgt-me-hubiera-encantado-que-los-tres-que-la-conducen-vinieran-y-acercaran-su-solidaridad-por-mas-que-ellos-no-la-quieren-a-cristina\/<\/li>\n<\/ul>\n","protected":false},"excerpt":{"rendered":"<p>M\u00e1ximo Kirchner critic\u00f3 la ausencia de la CGT en la marcha por Cristina y llam\u00f3 a repensar la unidad del peronismo. \u201cLes hubiera hecho bien estar ah\u00ed\u201d, dijo. Cuestion\u00f3 la tibieza de algunos dirigentes sindicales y advirti\u00f3 que no alcanza con un frente \u201canti Milei\u201d sin propuestas de fondo.<\/p>\n","protected":false},"author":1,"featured_media":5490,"comment_status":"open","ping_status":"open","sticky":false,"template":"","format":"standard","meta":{"_monsterinsights_skip_tracking":false,"_monsterinsights_sitenote_active":false,"_monsterinsights_sitenote_note":"","_monsterinsights_sitenote_category":0,"footnotes":"","jetpack_publicize_message":"","jetpack_publicize_feature_enabled":true,"jetpack_social_post_already_shared":true,"jetpack_social_options":{"image_generator_settings":{"template":"highway","default_image_id":0,"font":"","enabled":false},"version":2}},"categories":[2],"tags":[973,835,87,70,1709,1710,45,363,1037,771],"class_list":["post-5491","post","type-post","status-publish","format-standard","has-post-thumbnail","hentry","category-politica","tag-cgt","tag-condena","tag-cristina","tag-justicia","tag-lacampora","tag-maximokirchner","tag-milei","tag-peronismo","tag-plazademayo","tag-sindicalismo"],"jetpack_publicize_connections":[],"_links":{"self":[{"href":"https:\/\/www.enorsai.com\/noticias\/wp-json\/wp\/v2\/posts\/5491","targetHints":{"allow":["GET"]}}],"collection":[{"href":"https:\/\/www.enorsai.com\/noticias\/wp-json\/wp\/v2\/posts"}],"about":[{"href":"https:\/\/www.enorsai.com\/noticias\/wp-json\/wp\/v2\/types\/post"}],"author":[{"embeddable":true,"href":"https:\/\/www.enorsai.com\/noticias\/wp-json\/wp\/v2\/users\/1"}],"replies":[{"embeddable":true,"href":"https:\/\/www.enorsai.com\/noticias\/wp-json\/wp\/v2\/comments?post=5491"}],"version-history":[{"count":0,"href":"https:\/\/www.enorsai.com\/noticias\/wp-json\/wp\/v2\/posts\/5491\/revisions"}],"wp:featuredmedia":[{"embeddable":true,"href":"https:\/\/www.enorsai.com\/noticias\/wp-json\/wp\/v2\/media\/5490"}],"wp:attachment":[{"href":"https:\/\/www.enorsai.com\/noticias\/wp-json\/wp\/v2\/media?parent=5491"}],"wp:term":[{"taxonomy":"category","embeddable":true,"href":"https:\/\/www.enorsai.com\/noticias\/wp-json\/wp\/v2\/categories?post=5491"},{"taxonomy":"post_tag","embeddable":true,"href":"https:\/\/www.enorsai.com\/noticias\/wp-json\/wp\/v2\/tags?post=5491"}],"curies":[{"name":"wp","href":"https:\/\/api.w.org\/{rel}","templated":true}]}}