{"id":5474,"date":"2025-06-22T10:16:22","date_gmt":"2025-06-22T13:16:22","guid":{"rendered":"http:\/\/www.enorsai.com\/noticias\/?p=5474"},"modified":"2025-06-22T10:16:22","modified_gmt":"2025-06-22T13:16:22","slug":"cuando-el-periodismo-se-convierte-en-encubridor-del-autoritarismo-morales-sola-y-su-cruzada-contra-la-oposicion-popular","status":"publish","type":"post","link":"https:\/\/www.enorsai.com\/noticias\/politica\/cuando-el-periodismo-se-convierte-en-encubridor-del-autoritarismo-morales-sola-y-su-cruzada-contra-la-oposicion-popular\/","title":{"rendered":"Cuando el periodismo se convierte en encubridor del autoritarismo: Morales Sol\u00e1 y su cruzada contra la oposici\u00f3n popular"},"content":{"rendered":"\n<p>Joaqu\u00edn Morales Sol\u00e1 vuelve a desplegar en La Naci\u00f3n su habitual interpretaci\u00f3n maniquea, sesgada y funcional al relato conservador y al macrismo reconvertido en la \u201cnueva derecha\u201d que hoy representa Javier Milei. Su art\u00edculo <em>\u201cLa violencia y el regreso del pasado\u201d<\/em> se presenta como una condena del \u201cclima autoritario\u201d que -seg\u00fan \u00e9l- brota de ambos extremos del espectro pol\u00edtico argentino: el oficialismo de Milei y la oposici\u00f3n kirchnerista. Sin embargo, a poco que se analice el texto, queda claro que Morales Sol\u00e1 opera como un operador pol\u00edtico que no solo oculta la responsabilidad principal del Gobierno sino que intenta igualar en falso t\u00e9rminos a las dos fuerzas para construir una falsa \u201ctercera v\u00eda\u201d que legitime el continuismo de la hegemon\u00eda medi\u00e1tica y olig\u00e1rquica.<\/p>\n\n\n\n<p><\/p>\n\n\n\n<p><strong>La construcci\u00f3n forzada del \u201cclima autoritario\u201d y la falsa equivalencia moral<\/strong><\/p>\n\n\n\n<p>El texto comienza con una condena al \u201cclima autoritario, peligroso y regresivo\u201d atribuido por igual a \u201clas dos principales fuerzas pol\u00edticas\u201d. Morales Sol\u00e1 equipara al Gobierno de Milei, al que reconoce \u201ccarecer de estructura pol\u00edtica significativa\u201d pero \u201cgozar de alta popularidad\u201d, con el peronismo cristinista que tiene a Cristina Kirchner presa por corrupci\u00f3n.<\/p>\n\n\n\n<p>Pero aqu\u00ed la construcci\u00f3n es de manual: se insiste en que el \u201cclima autoritario\u201d proviene de ambos bandos para igualar responsabilidades y borrar la dimensi\u00f3n pol\u00edtica real. \u00bfAutoritarismo por parte del kirchnerismo? \u00bfQu\u00e9 pruebas presenta? Ninguna, solo la menci\u00f3n de \u201cviolencia de la palabra\u201d y \u201camenazas f\u00edsicas\u201d que jam\u00e1s son detalladas ni contextualizadas. En cambio, la c\u00e1rcel domiciliaria de Cristina es presentada como una medida estricta y justa, ignorando que se trata de una condena cuestionada por organizaciones internacionales de derechos humanos y m\u00faltiples expertos que denuncian su car\u00e1cter pol\u00edtico y arbitrario.<\/p>\n\n\n\n<p>En el caso de Milei y su gobierno, el autor intenta mostrar algunas cr\u00edticas institucionales (el decreto policial, la ausencia de control parlamentario) pero sin poner en cuesti\u00f3n el n\u00facleo duro de la ofensiva de este gobierno sobre la democracia, los derechos humanos y el sistema republicano. La \u201cfalta de conocimiento jur\u00eddico\u201d de Milei es presentada casi como una an\u00e9cdota y no como una grave amenaza institucional.<\/p>\n\n\n\n<p><\/p>\n\n\n\n<p><strong>El tratamiento acr\u00edtico y complaciente del \u201cestatuto policial\u201d y la militarizaci\u00f3n<\/strong><\/p>\n\n\n\n<p>Morales Sol\u00e1 dedica buena parte del art\u00edculo a denunciar el nuevo estatuto de la Polic\u00eda Federal, pero su cr\u00edtica queda tibia, subordinada a un enfoque meramente t\u00e9cnico. Reconoce que el decreto permite detenciones arbitrarias sin juez, \u201cciberpatrullaje\u201d sin control, y \u201ctareas de inteligencia\u201d vagamente definidas, pero omite denunciar la dimensi\u00f3n profundamente represiva y autoritaria de estas medidas que impulsan la militarizaci\u00f3n de la seguridad y la criminalizaci\u00f3n de la protesta social.<\/p>\n\n\n\n<p>La cr\u00edtica queda circunscripta a la forma (falta de ley aprobada por Congreso) y no al fondo: que este modelo policial viola derechos constitucionales b\u00e1sicos y reproduce mecanismos represivos de las peores \u00e9pocas de la historia argentina. La supuesta \u201cfalta de conocimiento\u201d de Milei y Bullrich es presentada como una falta burocr\u00e1tica, no como un ataque deliberado a las garant\u00edas democr\u00e1ticas.<\/p>\n\n\n\n<p><\/p>\n\n\n\n<p><strong>La demonizaci\u00f3n selectiva y el silencio c\u00f3mplice<\/strong><\/p>\n\n\n\n<p>Mientras que se critican aspectos cuestionables del Gobierno, la nota es un paneg\u00edrico hacia la justicia y sus jueces. Morales Sol\u00e1 se limita a reproducir sin cuestionar la condena y prisi\u00f3n de Cristina, invisibilizando las denuncias por persecuci\u00f3n judicial y el lawfare. Tampoco se cuestiona el papel activo de ciertos sectores judiciales en la pol\u00edtica ni sus v\u00ednculos con el poder medi\u00e1tico, que el propio Morales Sol\u00e1 integra.<\/p>\n\n\n\n<p>Por otro lado, el art\u00edculo dedica un p\u00e1rrafo a se\u00f1alar la contrataci\u00f3n de un oscuro operador para lobby en EE.UU., Leonardo Scatturice, con tintes sospechosos, pero no profundiza ni lo conecta con posibles pr\u00e1cticas ilegales o corrupci\u00f3n en el oficialismo. Esta revelaci\u00f3n queda m\u00e1s como un dato curioso que como un esc\u00e1ndalo pol\u00edtico.<\/p>\n\n\n\n<p><\/p>\n\n\n\n<p><strong>La violenta equidistancia que deslegitima a la oposici\u00f3n<\/strong><\/p>\n\n\n\n<p>Finalmente, Morales Sol\u00e1 pone en pie la imagen del kirchnerismo como un grupo violento y fascista que amenaza a jueces, destruye medios y atenta contra la democracia. Este relato es falaz y parcial. Ignora el contexto de protesta social, las campa\u00f1as medi\u00e1ticas y judiciales de hostigamiento contra el kirchnerismo y el pueblo organizado, y no diferencia entre la violencia pol\u00edtica sistem\u00e1tica del Estado y manifestaciones populares.<\/p>\n\n\n\n<p>M\u00e1s all\u00e1 de un caso puntual de desmanes (que deben ser condenados sin excusas), el texto presenta la violencia y la protesta leg\u00edtima como una amenaza fascista que \u201cvuelve\u201d, sin matices ni an\u00e1lisis profundos.<\/p>\n\n\n\n<p><\/p>\n\n\n\n<p>La nota de Morales Sol\u00e1 es un manual de desinformaci\u00f3n pol\u00edtica encubierta de \u201ccr\u00edtica equilibrada\u201d, que iguala injustamente las responsabilidades del oficialismo y la oposici\u00f3n, mientras que omite el principal problema argentino: la concentraci\u00f3n de poder econ\u00f3mico, medi\u00e1tico y judicial que ha logrado secuestrar la democracia y aplicar un modelo excluyente y autoritario desde el Gobierno y la oposici\u00f3n pol\u00edtica tradicional.<\/p>\n\n\n\n<p>El art\u00edculo refuerza la narrativa hegem\u00f3nica para preparar el terreno a un relato m\u00e1s conservador y represivo, que termina naturalizando los atropellos de Milei y deslegitimando la protesta social y las demandas populares. En definitiva, una nota que no analiza el presente sino que reproduce el relato del pasado que el pa\u00eds debe superar para avanzar hacia la democracia plena.<\/p>\n","protected":false},"excerpt":{"rendered":"<p>La nota de Joaqu\u00edn Morales Sol\u00e1 intenta presentar una falsa equidistancia entre el autoritarismo del gobierno de Milei y la oposici\u00f3n kirchnerista. Pero su relato, lejos de ser objetivo, act\u00faa como operador de la derecha, legitimando medidas represivas mientras demoniza a la protesta social y encubre al poder real.<\/p>\n","protected":false},"author":2,"featured_media":5477,"comment_status":"open","ping_status":"open","sticky":false,"template":"","format":"standard","meta":{"_monsterinsights_skip_tracking":false,"_monsterinsights_sitenote_active":false,"_monsterinsights_sitenote_note":"","_monsterinsights_sitenote_category":0,"footnotes":"","jetpack_publicize_message":"\ud83c\udfaf Morales Sol\u00e1 vuelve a operar: su nota \"La violencia y el regreso del pasado\" intenta igualar al autoritarismo de Milei con la protesta kirchnerista. Mientras justifica decretos represivos, demoniza a la oposici\u00f3n. Desnudamos su relato en esta nota imprescindible \ud83d\udc47\n#PeriodismoCr\u00edtico #Democracia","jetpack_publicize_feature_enabled":true,"jetpack_social_post_already_shared":false,"jetpack_social_options":{"image_generator_settings":{"template":"highway","default_image_id":0,"enabled":false},"version":2}},"categories":[17,2],"tags":[804,262,1647,842,45,1706,1648,363,365,86],"class_list":["post-5474","post","type-post","status-publish","format-standard","has-post-thumbnail","hentry","category-opinion","category-politica","tag-autoritarismo","tag-bullrich","tag-ciberpatrullaje","tag-cristinakirchner","tag-milei","tag-morales-sola","tag-moralessola","tag-peronismo","tag-represion","tag-seguridad"],"jetpack_publicize_connections":[],"_links":{"self":[{"href":"https:\/\/www.enorsai.com\/noticias\/wp-json\/wp\/v2\/posts\/5474","targetHints":{"allow":["GET"]}}],"collection":[{"href":"https:\/\/www.enorsai.com\/noticias\/wp-json\/wp\/v2\/posts"}],"about":[{"href":"https:\/\/www.enorsai.com\/noticias\/wp-json\/wp\/v2\/types\/post"}],"author":[{"embeddable":true,"href":"https:\/\/www.enorsai.com\/noticias\/wp-json\/wp\/v2\/users\/2"}],"replies":[{"embeddable":true,"href":"https:\/\/www.enorsai.com\/noticias\/wp-json\/wp\/v2\/comments?post=5474"}],"version-history":[{"count":3,"href":"https:\/\/www.enorsai.com\/noticias\/wp-json\/wp\/v2\/posts\/5474\/revisions"}],"predecessor-version":[{"id":5478,"href":"https:\/\/www.enorsai.com\/noticias\/wp-json\/wp\/v2\/posts\/5474\/revisions\/5478"}],"wp:featuredmedia":[{"embeddable":true,"href":"https:\/\/www.enorsai.com\/noticias\/wp-json\/wp\/v2\/media\/5477"}],"wp:attachment":[{"href":"https:\/\/www.enorsai.com\/noticias\/wp-json\/wp\/v2\/media?parent=5474"}],"wp:term":[{"taxonomy":"category","embeddable":true,"href":"https:\/\/www.enorsai.com\/noticias\/wp-json\/wp\/v2\/categories?post=5474"},{"taxonomy":"post_tag","embeddable":true,"href":"https:\/\/www.enorsai.com\/noticias\/wp-json\/wp\/v2\/tags?post=5474"}],"curies":[{"name":"wp","href":"https:\/\/api.w.org\/{rel}","templated":true}]}}