{"id":5462,"date":"2025-06-22T09:13:40","date_gmt":"2025-06-22T12:13:40","guid":{"rendered":"http:\/\/www.enorsai.com\/noticias\/?p=5462"},"modified":"2025-06-22T09:13:40","modified_gmt":"2025-06-22T12:13:40","slug":"maximo-kirchner-denuncia-un-ataque-deliberado-al-peronismo-y-advierte-sobre-las-consecuencias-del-modelo-de-milei","status":"publish","type":"post","link":"https:\/\/www.enorsai.com\/noticias\/uncategorized\/maximo-kirchner-denuncia-un-ataque-deliberado-al-peronismo-y-advierte-sobre-las-consecuencias-del-modelo-de-milei\/","title":{"rendered":"M\u00e1ximo Kirchner denuncia un ataque deliberado al peronismo y advierte sobre las consecuencias del modelo de Milei"},"content":{"rendered":"\n<p><strong>M\u00e1ximo Kirchner en la mira: la resistencia peronista frente al ajuste y la proscripci\u00f3n<\/strong>. El presidente del PJ bonaerense denuncia un ataque deliberado al peronismo y advierte sobre las consecuencias del modelo de Javier\u202fMilei, al tiempo que asume la complejidad que atraviesa el espacio nacional y popular.<\/p>\n\n\n\n<p>Desde el epicentro de La C\u00e1mpora, M\u00e1ximo Kirchner encabeza un fuerte contra\u2011ataque pol\u00edtico. Con gestos vehementes y un mensaje cargado de emoci\u00f3n, el l\u00edder bonaerense advirti\u00f3 que Cristina Kirchner es el verdadero blanco de un poder econ\u00f3mico que la persigue por su independencia y por encarnar un proyecto nacional y popular. En tiempos de ajuste, ajustes del alma y del bolsillo, su voz emerge como una advertencia cr\u00edtica al gobierno de Milei y su deriva autoritaria.<\/p>\n\n\n\n<p>Hay una idea que atraviesa toda la intervenci\u00f3n de M\u00e1ximo Kirchner: el verdadero blanco del poder es el peronismo o todo lo que huela a nacional y popular. Esa frase no es una met\u00e1fora vac\u00eda, sino m\u00e1s bien una se\u00f1al de alarma ante una avanzada que, seg\u00fan su mirada, no solo busca desgastar a Cristina, sino eliminar de un plumazo cualquier proyecto que desaf\u00ede el supuesto modelo \u201cindependiente\u201d.<\/p>\n\n\n\n<p>La reciente resoluci\u00f3n de la Corte Suprema, que confirm\u00f3 la condena contra Cristina Kirchner y la inhabilitaci\u00f3n perpetua para ejercer cargos p\u00fablicos, fue le\u00edda por M\u00e1ximo como una expresi\u00f3n pol\u00edtica de un poder que le tiene miedo a ella porque es una mujer, sin jefes, independiente y que adem\u00e1s gestiona eficientemente. Una carga emocional que demuestra el fondo de esa denuncia: aqu\u00ed no se est\u00e1 jugando una pulseada legal, sino una batalla por el sentido mismo de la democracia y la autonom\u00eda en Argentina.<\/p>\n\n\n\n<p>En ese marco, el l\u00edder de La C\u00e1mpora no dud\u00f3 en poner sobre la mesa la tensi\u00f3n entre dos modelos antag\u00f3nicos. Por un lado, un ajuste brutal del bolsillo difundido por Javier\u202fMilei bajo la bandera de la \u201clibertad econ\u00f3mica\u201d. Por otro, la cristalizaci\u00f3n de un proyecto nacional y popular, con rostro femenino, y cuestionado de ra\u00edz por ese mismo modelo que vuelve a poner los privilegios de unos pocos por encima de la mayor\u00eda.<\/p>\n\n\n\n<h3 class=\"wp-block-heading\">Emoci\u00f3n y desaf\u00edo<\/h3>\n\n\n\n<p>Dice M\u00e1ximo que la foto no es una casualidad, sino una reacci\u00f3n del pueblo que estaba cansado del abuso. Ese recuerdo de diciembre 2001, cuando las calles ard\u00edan de furia y de reclamo social, surge como advertencia: el ajuste y la represi\u00f3n no solo rompen econom\u00edas, sino tambi\u00e9n pactos sociales. Y cuando se da\u00f1an las bases, a veces creen que el pueblo est\u00e1 quebrado en su autoestima, a\u00f1ade, con una mezcla de rabia y esperanza.<\/p>\n\n\n\n<p>La efectividad de Cristina como gestora, citada por M\u00e1ximo, no es casual. En sus palabras late un orgullo populista, pero tambi\u00e9n un reclamo: el ajuste no arranca balances, empieza por la dignidad de la gente. El recorte, en este caso, no se mide en pesos sino en autodeterminaci\u00f3n. Y si el ajuste de Milei se presenta como \u201cliberaci\u00f3n\u201d, para ellos ser\u00eda una expropiaci\u00f3n de soberan\u00eda y derechos conquistados.<\/p>\n\n\n\n<h3 class=\"wp-block-heading\">Cr\u00edtica incisiva al modelo libertario<\/h3>\n\n\n\n<p>En el discurso de M\u00e1ximo Kirchner hay una frase demoledora: los grandes ganadores de la era Milei no son los argentinos de a pie, sino los grupos concentrados. Cita el caso del Grupo Clar\u00edn, que sum\u00f3 empresas clave como Telef\u00f3nica y la ex EnTel. No es simplemente una afirmaci\u00f3n econ\u00f3mica; es una declaraci\u00f3n pol\u00edtica: lo que se viene es concentraci\u00f3n de riqueza, precarizaci\u00f3n y un retorno del poder olig\u00e1rquico.<\/p>\n\n\n\n<p>Es ese mismo poder, advierte M\u00e1ximo, el que us\u00f3 los resortes jur\u00eddicos \u2014tres se\u00f1ores, en alusi\u00f3n a los ministros de la Corte\u2014 para proscribir no solo candidaturas, sino modelos posibles. El relato peronista ya no se encarna en la idea del descamisado derrotado por fuerzas externas: aqu\u00ed, la pulseada es por el derecho a competir, a existir pol\u00edticamente.<\/p>\n\n\n\n<h3 class=\"wp-block-heading\">Reconocer la incertidumbre<\/h3>\n\n\n\n<p>Pero no todo es luminoso. M\u00e1ximo no es ingenuo: acepta que en este escenario la supresi\u00f3n ya no se detiene en candidaturas pol\u00edticas. No es un simple caso de ficha limpia o candidaturas rebotadas: se trata de una supresi\u00f3n que va al hueso del poder pol\u00edtico institucional. Ese matiz es esencial: no estamos frente a una reforma t\u00e1ctica, sino a una operaci\u00f3n estrat\u00e9gica con repercusiones democr\u00e1ticas profundas.<\/p>\n\n\n\n<p>Y en esa l\u00ednea, si bien el peronismo puede presentar resistencia, tambi\u00e9n debe sortear internas, crisis de representaci\u00f3n y una fatiga social que atraviesa el electorado. El desgaste no es s\u00f3lo culpa del ajuste, sino que tambi\u00e9n atraviesa a un sistema pol\u00edtico que no da respuestas en serio.<\/p>\n\n\n\n<h3 class=\"wp-block-heading\">\u00bfQu\u00e9 viene?<\/h3>\n\n\n\n<p>M\u00e1ximo Kirchner no esquiva ninguno de estos interrogantes. Denuncia, advierte, emociona, y al mismo tiempo convoca. No ofrece una hoja de ruta, al menos no en p\u00fablico. Pero s\u00ed plantea la urgencia: resistencia masiva, denuncia judicial-pol\u00edtica y un restablecimiento de la dignidad de ser argentinos, en oposici\u00f3n a un modelo que en su mirada la pretende tricoteada.<\/p>\n\n\n\n<p>Por eso, el desenlace no depende solo del poder judicial o del gobierno de Milei. Depende tambi\u00e9n de la efectividad comunicacional del peronismo, de su capacidad para articular respuestas concretas en salud, empleo, soberan\u00eda. El ajuste libertario no concede tregua: desmantela y concentra. Y la reacci\u00f3n, sostiene M\u00e1ximo, debe ser a la misma escala: organizada, colectiva y firme.<\/p>\n\n\n\n<p>M\u00e1ximo Kirchner puso el tablero en su lugar: lo que est\u00e1 en juego no es solo una elecci\u00f3n, sino la continuidad de un proyecto nacional y popular. Con vehemencia emocional, critica el modelo de Javier\u202fMilei como una avanzada econ\u00f3mica y jur\u00eddica, denunciando la proscripci\u00f3n de Cristina como parte de una operaci\u00f3n mayor. Pero m\u00e1s all\u00e1 del enojo, hay una propuesta impl\u00edcita: resistencia activa, pol\u00edtica y social. La duda ahora es si esa respuesta ser\u00e1 a la altura del desaf\u00edo o si el ajuste minar\u00e1 los cimientos del consenso democr\u00e1tico.<\/p>\n\n\n\n<p>Fuentes:<\/p>\n\n\n\n<ul class=\"wp-block-list\">\n<li><a href=\"https:\/\/www.pagina12.com.ar\/836150-fueron-contra-cristina-por-mujer-y-peronista\n\n\nhttps:\/\/www.pagina12.com.ar\/836158-buscaremos-el-mejor-candidato\n\n\nhttps:\/\/www.pagina12.com.ar\/836146-el-desafio-de-ser-un-kirchner\">https:\/\/www.pagina12.com.ar\/836150-fueron-contra-cristina-por-mujer-y-peronista<\/a><\/li>\n\n\n\n<li><a href=\"https:\/\/www.pagina12.com.ar\/836150-fueron-contra-cristina-por-mujer-y-peronista\n\n\nhttps:\/\/www.pagina12.com.ar\/836158-buscaremos-el-mejor-candidato\n\n\nhttps:\/\/www.pagina12.com.ar\/836146-el-desafio-de-ser-un-kirchner\">https:\/\/www.pagina12.com.ar\/836158-buscaremos-el-mejor-candidato<\/a><\/li>\n\n\n\n<li><a href=\"https:\/\/www.pagina12.com.ar\/836150-fueron-contra-cristina-por-mujer-y-peronista\n\n\nhttps:\/\/www.pagina12.com.ar\/836158-buscaremos-el-mejor-candidato\n\n\nhttps:\/\/www.pagina12.com.ar\/836146-el-desafio-de-ser-un-kirchner\">https:\/\/www.pagina12.com.ar\/836146-el-desafio-de-ser-un-kirchner<\/a><\/li>\n<\/ul>\n","protected":false},"excerpt":{"rendered":"<p>M\u00e1ximo Kirchner en la mira: la resistencia peronista frente al ajuste y la proscripci\u00f3n. El presidente del PJ bonaerense denuncia un ataque deliberado al peronismo y advierte sobre las consecuencias del modelo de Javier\u202fMilei, al tiempo que asume la complejidad que atraviesa el espacio nacional y popular. Desde el epicentro de La C\u00e1mpora, M\u00e1ximo Kirchner&#8230;<\/p>\n","protected":false},"author":1,"featured_media":5463,"comment_status":"open","ping_status":"open","sticky":false,"template":"","format":"standard","meta":{"_monsterinsights_skip_tracking":false,"_monsterinsights_sitenote_active":false,"_monsterinsights_sitenote_note":"","_monsterinsights_sitenote_category":0,"footnotes":"","jetpack_publicize_message":"","jetpack_publicize_feature_enabled":true,"jetpack_social_post_already_shared":true,"jetpack_social_options":{"image_generator_settings":{"template":"highway","default_image_id":0,"font":"","enabled":false},"version":2}},"categories":[1],"tags":[],"class_list":["post-5462","post","type-post","status-publish","format-standard","has-post-thumbnail","hentry","category-uncategorized"],"jetpack_publicize_connections":[],"_links":{"self":[{"href":"https:\/\/www.enorsai.com\/noticias\/wp-json\/wp\/v2\/posts\/5462","targetHints":{"allow":["GET"]}}],"collection":[{"href":"https:\/\/www.enorsai.com\/noticias\/wp-json\/wp\/v2\/posts"}],"about":[{"href":"https:\/\/www.enorsai.com\/noticias\/wp-json\/wp\/v2\/types\/post"}],"author":[{"embeddable":true,"href":"https:\/\/www.enorsai.com\/noticias\/wp-json\/wp\/v2\/users\/1"}],"replies":[{"embeddable":true,"href":"https:\/\/www.enorsai.com\/noticias\/wp-json\/wp\/v2\/comments?post=5462"}],"version-history":[{"count":1,"href":"https:\/\/www.enorsai.com\/noticias\/wp-json\/wp\/v2\/posts\/5462\/revisions"}],"predecessor-version":[{"id":5464,"href":"https:\/\/www.enorsai.com\/noticias\/wp-json\/wp\/v2\/posts\/5462\/revisions\/5464"}],"wp:featuredmedia":[{"embeddable":true,"href":"https:\/\/www.enorsai.com\/noticias\/wp-json\/wp\/v2\/media\/5463"}],"wp:attachment":[{"href":"https:\/\/www.enorsai.com\/noticias\/wp-json\/wp\/v2\/media?parent=5462"}],"wp:term":[{"taxonomy":"category","embeddable":true,"href":"https:\/\/www.enorsai.com\/noticias\/wp-json\/wp\/v2\/categories?post=5462"},{"taxonomy":"post_tag","embeddable":true,"href":"https:\/\/www.enorsai.com\/noticias\/wp-json\/wp\/v2\/tags?post=5462"}],"curies":[{"name":"wp","href":"https:\/\/api.w.org\/{rel}","templated":true}]}}