{"id":546,"date":"2025-02-02T16:19:47","date_gmt":"2025-02-02T19:19:47","guid":{"rendered":"https:\/\/www.enorsai.com\/noticias\/?p=546"},"modified":"2025-02-03T08:51:47","modified_gmt":"2025-02-03T11:51:47","slug":"el-silencio-complice-como-los-grandes-medios-argentinos-blindaron-a-milei","status":"publish","type":"post","link":"https:\/\/www.enorsai.com\/noticias\/politica\/el-silencio-complice-como-los-grandes-medios-argentinos-blindaron-a-milei\/","title":{"rendered":"El silencio c\u00f3mplice: C\u00f3mo los grandes medios argentinos blindaron a Milei"},"content":{"rendered":"\n<p>ENCUBRIMIENTO A LA BRUTALIDAD PRESIDENCIAL<br><strong>(Por Hugo Muleiro) <\/strong>Clar\u00edn, La Naci\u00f3n e Infobae hicieron en enero un esfuerzo considerable por encubrir la brutalidad de Javier Milei, que tuvo punto culminante en su pronunciamiento en Davos contra la diversidad de g\u00e9neros y el pluralismo pol\u00edtico, dentro de un despliegue editorial que ya instal\u00f3 la campa\u00f1a electoral contra el gobernador Axel Kicillof por v\u00eda de destacar, d\u00eda por d\u00eda, la inseguridad en el conurbano bonaerense.<br>En los t\u00edtulos principales de cada d\u00eda (en versiones impresas y digitales), esos que son determinantes en la agenda period\u00edstica nacional, se mantiene muy firme la estrategia de multiplicar t\u00edtulos muy favorables al oficialismo en la econom\u00eda.<\/p>\n\n\n\n<p><a href=\"https:\/\/www.enorsai.com\/noticias\/economia\/al-borde-del-colapso-el-dolar-barato-la-deuda-no-para-de-crecer-y-las-reservas-en-rojo\/\"><strong>Al borde del colapso: El d\u00f3lar barato, la deuda no para de crecer y las reservas en rojo<\/strong><br><\/a>Un ejemplo extremo de este esfuerzo es el t\u00edtulo principal de la edici\u00f3n de La Naci\u00f3n el 15 de enero. Cuando se inform\u00f3 el \u00edndice gubernamental del costo de vida, que aument\u00f3 de 2,4 % en noviembre a 2,7 % en diciembre, lo present\u00f3 as\u00ed: \u201cLa inflaci\u00f3n sigue abajo del 3 % y reducen la devaluaci\u00f3n a la mitad\u201d. <\/p>\n\n\n\n<p>Otro esfuerzo conmovedor hicieron los tres medios para ocultar la descomunal patinada de Milei al festejar una baja r\u00e9cord del \u201criesgo pa\u00eds\u201d, un error de la carro\u00f1a calificadora que, por cierto, cualquier conocedor a medias pod\u00eda ver. El 8 de enero dedicaron notas a explicar el error en la calificaci\u00f3n. Clar\u00edn gast\u00f3 p\u00e1rrafos, pero no incluy\u00f3 una l\u00ednea sobre la burrada del \u201ceconomista\u201d puesto a presidente.<\/p>\n\n\n\n<p><a href=\"https:\/\/www.enorsai.com\/noticias\/sociedad\/el-presidente-beligerante-hasta-donde-puede-llegar-la-guerra-de-milei-contra-su-pueblo\/\"><strong>El presidente beligerante: hasta d\u00f3nde puede llegar la guerra de Milei contra su pueblo<\/strong><br><\/a>En el mes, entre casi 600 t\u00edtulos principales registrados, los que tienen tono favorable al oficialismo y desfavorable a la oposici\u00f3n alcanzaron 60,9 por ciento (contra 47,3 en diciembre). Algunos llegaron al descaro: el 3 de enero, Clar\u00edn present\u00f3 en tapa: \u201cCamioneros consigui\u00f3 un tercio del aumento que reclamaba\u201d. Falt\u00f3 un \u00a1Hurra! Y as\u00ed con las negociaciones con el FMI, el ajuste sin fin y desgravaciones muy selectivas, como la resuelta para autos de valor inalcanzable para gran parte de la poblaci\u00f3n.<\/p>\n\n\n\n<p><br>El 24 de enero, Clar\u00edn le dio dos p\u00e1ginas completas a la participaci\u00f3n de Milei en Davos. Su feroz intolerancia consigui\u00f3 solo un cuarto de una de sus p\u00e1ginas, al pie, bien abajo: \u201cLas cr\u00edticas que provoc\u00f3 el discurso del presidente en Davos\u201d. Pero ya a las 10 de la ma\u00f1ana de ese d\u00eda, la versi\u00f3n digital del diario no dej\u00f3 visible una sola expresi\u00f3n de condena, aunque s\u00ed tuvo espacio para el cumplea\u00f1os de McDonalds y avatares de la far\u00e1ndula.<\/p>\n\n\n\n<p><a href=\"https:\/\/www.enorsai.com\/noticias\/politica\/repugnante-milei-usando-politicamente-la-muerte-de-un-repartidor-cuando-es-el-responsable-del-vaciamiento-de-la-seguridad\/\"><strong>Repugnante: Milei usando pol\u00edticamente la muerte de un repartidor cuando es el responsable del vaciamiento de la seguridad<\/strong><\/a><br>A esa hora hab\u00eda 125 t\u00edtulos en el digital de La Naci\u00f3n: ni uno dedicado a las cr\u00edticas. Igual que Infobae, con 130 t\u00edtulos disponibles a esa misma hora. Al d\u00eda siguiente, Clar\u00edn titul\u00f3 a nombre del editor: \u201cLibertario o libertarado, la tensi\u00f3n en la que m\u00e1s le gusta navegar al presidente\u201d. La cr\u00edtica principal fue por haber elegido Davos para decir lo que dijo, como si el brote fascista pudiera enfocarse \u00fanicamente por un detalle de ubicaci\u00f3n. Otra nota de opini\u00f3n s\u00ed reivindic\u00f3 la validez jur\u00eddica de la figura del femicidio, pero apareci\u00f3 varias pantallas abajo, casi inhallable.<\/p>\n\n\n\n<p><br>Y al d\u00eda siguiente, Roa mencion\u00f3 en Clar\u00edn las \u201cideas que atrasan cien a\u00f1os\u201d, y el lector pens\u00f3: ahora s\u00ed, por fin, pero la dispensa est\u00e1 unas l\u00edneas abajo: \u201chay que darle la derecha en las cosas que hubo o hay ac\u00e1 de wokismo, en el sentido de poner las minor\u00edas por delante de las mayor\u00edas. Uno fue el incordio infernal de los piquetes\u2026\u201d<\/p>\n\n\n\n<p><br>En fin, mucha comprensi\u00f3n hacia el discurso de odio, tambi\u00e9n en Morales Sol\u00e1, en La Naci\u00f3n del 26 de enero. El mileismo comete \u201csu propio pecado de segregaci\u00f3n\u201d y en Davos su cabecilla \u201cse expuso innecesariamente\u201d pero no hay que olvidar, tipe\u00f3, que el \u201cfanatismo pol\u00edtico\u201d fue inaugurado en la Argentina por\u2026 \u00a1S\u00ed, por Ella!, ya se sab\u00eda. Y la \u201ccultura woke\u201d tuvo objetivos nobles, concede, pero \u201cse convirti\u00f3 en una especie de polic\u00eda de la palabra\u201d.<\/p>\n\n\n\n<p><br>La Naci\u00f3n se acord\u00f3 de que existen fuentes alternativas al discurso oficial y el 28, como s\u00e9ptimo t\u00edtulo del digital, una ubicaci\u00f3n bastante buena, present\u00f3: \u201cUn informe de UNICEF desmiente a Milei. La mayor\u00eda de los abusadores son varones heterosexuales\u201d. La novedad no dur\u00f3 mucho all\u00ed, fue totalmente excepcional.<br>Un poco de ayuda hubo tambi\u00e9n para el amigo del amigo. El saludo nazi de Elon Musk fue llamado \u201cexultante gesto\u201d y \u201cpol\u00e9mico gesto\u201d por Clar\u00edn. Que se sepa que el diario no lleg\u00f3 al extremo de llamarlo \u201cgesto inocente\u201d, como lo hizo Milei.<\/p>\n\n\n\n<p><br>Axel Kicillof es objetivo desde siempre de los tanques medi\u00e1ticos, pero en enero empezaron a dispararle a discreci\u00f3n. Ya el 2.1 y 3.1, por el acuerdo con la AFA y por c\u00f3mo est\u00e1 la rambla de Mar del Plata, \u201cdescuidada por Kicillof\u201d. Y luego por la causa contra el ex ministro D\u2019Onofrio y luego y reiteradamente por la interna, hasta presentar al gobernador frente a la posibilidad de cometer \u201cmatricidio\u201d pol\u00edtico.<\/p>\n\n\n\n<p><br>Y el 4, 5, 6, 13, 14, 15, 16, 17, 20, 21, 22, 23, 25, 27, 28, 29, 30 y 31 de enero por la inseguridad, la mayor\u00eda de esos d\u00edas con enunciados muy bien expuestos, en tapa o primeras pantallas y, a veces, hasta con cuatro t\u00edtulos por edici\u00f3n. Si quien lee se orienta por el relato de estos tres medios, quedar\u00e1 convencido de que gran parte del conurbano bonaerense se organiz\u00f3 expresamente para atacar a polic\u00edas porte\u00f1os. <\/p>\n\n\n\n<p>Esto en perfecta sincronizaci\u00f3n con el vicentelope\u00f1o Jorge Macri y sus discursos de campa\u00f1a.<br>Solo para que la manipulaci\u00f3n se note con m\u00e1s nitidez, tres asesinatos en 24 horas en Rosario fueron a parar a los \u00faltimos espacios de Clar\u00edn digital, el 26 de enero, a diferencia de Moreno, que ya el 1 de febrero sigui\u00f3 entre t\u00edtulos principales.<\/p>\n\n\n\n<p><br>Como es tradicional, enero fue el \u201cmes Nisman\u201d. T\u00edtulos de tapas y editoriales que remueven el cad\u00e1ver del fiscal. A falta de algo mejor, Clar\u00edn cre\u00f3 el \u201cdiccionario Nisman\u201d y adem\u00e1s ubic\u00f3 a 88 personas en el departamento el d\u00eda en que se suicid\u00f3. Mejor no pensar a cu\u00e1nto llevar\u00e1 n\u00famero cuando retome el tema en 2026.<\/p>\n\n\n\n<p><br><strong>PARA QUIENES GUSTAN DE LOS N\u00daMEROS. ENERO.<\/strong><br>T\u00cdTULOS A FAVOR DEL OFICIALISMO: 55,1 %<br>T\u00cdTULOS DESVAVORABLES AL OFICIALISMO: 18,6 %<br>T\u00cdTULOS EQUIDISTANTES\/NEUTRALES: 26,2 %<\/p>\n\n\n\n<p>T\u00cdTULOS FAVORABLES A LA OPOSICI\u00d3N; 6,3 %<br>T\u00cdTULOS DESFAVORABLES A LA OPOSICI\u00d3N: 87,2 %<br>T\u00cdTULOS EQUIDISTANTES\/NEUTRALES: 6,3 %<\/p>\n\n\n\n<p><strong>TOTAL DE T\u00cdTULOS DE ACTUALIDAD POL\u00cdTICA Y ECON\u00d3MICA: 597<\/strong><\/p>\n\n\n\n<p>FAVORABLES AL OFICIALISMO M\u00c1S<br>DESFAVORABLES A LA OPOSICI\u00d3N: 60,9 % (DIC, 47,3)<br>DESFAVORABLES AL OFICIALISMO<br>M\u00c1S FAVORABLES A LA OPOSICI\u00d3N: 16,4 % (DIC, 22,7)<br>EQUIDISTANTES PARA UNOS Y OTROS: 22,6 % (DIC, 29,8)<\/p>\n\n\n\n<p>(Rese\u00f1a de Hugo Muleiro) <\/p>\n\n\n","protected":false},"excerpt":{"rendered":"<p>ENCUBRIMIENTO A LA BRUTALIDAD PRESIDENCIAL(Por Hugo Muleiro) Clar\u00edn, La Naci\u00f3n e Infobae hicieron en enero un esfuerzo considerable por encubrir la brutalidad de Javier Milei, que tuvo punto culminante en su pronunciamiento en Davos contra la diversidad de g\u00e9neros y el pluralismo pol\u00edtico, dentro de un despliegue editorial que ya instal\u00f3 la campa\u00f1a electoral contra&#8230;<\/p>\n","protected":false},"author":10,"featured_media":547,"comment_status":"open","ping_status":"open","sticky":false,"template":"","format":"standard","meta":{"_monsterinsights_skip_tracking":false,"_monsterinsights_sitenote_active":false,"_monsterinsights_sitenote_note":"","_monsterinsights_sitenote_category":0,"footnotes":"","jetpack_publicize_message":"","jetpack_publicize_feature_enabled":true,"jetpack_social_post_already_shared":true,"jetpack_social_options":{"image_generator_settings":{"template":"highway","default_image_id":0,"font":"","enabled":false},"version":2}},"categories":[17,2,4],"tags":[157,89,155,104,178,154,45],"class_list":["post-546","post","type-post","status-publish","format-standard","has-post-thumbnail","hentry","category-opinion","category-politica","category-sociedad","tag-agenda-mediatica-oficialismo","tag-davos","tag-discurso-de-odio","tag-kicillof","tag-medios","tag-medios-argentinos-manipulacion","tag-milei"],"jetpack_publicize_connections":[],"_links":{"self":[{"href":"https:\/\/www.enorsai.com\/noticias\/wp-json\/wp\/v2\/posts\/546","targetHints":{"allow":["GET"]}}],"collection":[{"href":"https:\/\/www.enorsai.com\/noticias\/wp-json\/wp\/v2\/posts"}],"about":[{"href":"https:\/\/www.enorsai.com\/noticias\/wp-json\/wp\/v2\/types\/post"}],"author":[{"embeddable":true,"href":"https:\/\/www.enorsai.com\/noticias\/wp-json\/wp\/v2\/users\/10"}],"replies":[{"embeddable":true,"href":"https:\/\/www.enorsai.com\/noticias\/wp-json\/wp\/v2\/comments?post=546"}],"version-history":[{"count":2,"href":"https:\/\/www.enorsai.com\/noticias\/wp-json\/wp\/v2\/posts\/546\/revisions"}],"predecessor-version":[{"id":563,"href":"https:\/\/www.enorsai.com\/noticias\/wp-json\/wp\/v2\/posts\/546\/revisions\/563"}],"wp:featuredmedia":[{"embeddable":true,"href":"https:\/\/www.enorsai.com\/noticias\/wp-json\/wp\/v2\/media\/547"}],"wp:attachment":[{"href":"https:\/\/www.enorsai.com\/noticias\/wp-json\/wp\/v2\/media?parent=546"}],"wp:term":[{"taxonomy":"category","embeddable":true,"href":"https:\/\/www.enorsai.com\/noticias\/wp-json\/wp\/v2\/categories?post=546"},{"taxonomy":"post_tag","embeddable":true,"href":"https:\/\/www.enorsai.com\/noticias\/wp-json\/wp\/v2\/tags?post=546"}],"curies":[{"name":"wp","href":"https:\/\/api.w.org\/{rel}","templated":true}]}}