{"id":5452,"date":"2025-06-22T00:04:46","date_gmt":"2025-06-22T03:04:46","guid":{"rendered":"https:\/\/www.enorsai.com\/noticias\/?p=5452"},"modified":"2025-06-22T00:04:46","modified_gmt":"2025-06-22T03:04:46","slug":"el-regimen-de-milei-detiene-en-prision-comun-a-nelson-periotti-exdirector-de-vialidad-nacional-de-80-anos-y-con-severos-problemas-de-salud","status":"publish","type":"post","link":"https:\/\/www.enorsai.com\/noticias\/politica\/el-regimen-de-milei-detiene-en-prision-comun-a-nelson-periotti-exdirector-de-vialidad-nacional-de-80-anos-y-con-severos-problemas-de-salud\/","title":{"rendered":"El r\u00e9gimen de Milei detiene en prisi\u00f3n com\u00fan a Nelson Periotti -exdirector de Vialidad Nacional- de 80 a\u00f1os y con severos problemas de salud"},"content":{"rendered":"\n<p>Mientras el gobierno de Javier Milei huele a sangre pol\u00edtica, la detenci\u00f3n en prisi\u00f3n com\u00fan de Nelson Periotti \u2014exdirector de Vialidad Nacional de 80 a\u00f1os con severos problemas de salud\u2014 desata una protesta extensa de legisladores, organizaciones y La C\u00e1mpora, que tildan la medida de \u201cpersecuci\u00f3n pol\u00edtica\u201d y acusan al fiscal Diego Luciani de \u201censa\u00f1amiento\u201d y de jugar a la prensa.<\/p>\n\n\n\n<p>El episodio se convirti\u00f3 en un esc\u00e1ndalo pol\u00edtico: diputados, senadores, gremios y agrupaciones de derechos humanos se concentraron este s\u00e1bado frente al penal de Ezeiza para denunciar la violaci\u00f3n de garant\u00edas constitucionales en un caso que huele a revancha. Desde La C\u00e1mpora, M\u00e1ximo Kirchner dispar\u00f3 con dureza: \u201cEl cag\u00f3n de Luciani\u201d. En definitiva, una pulseada jur\u00eddica y pol\u00edtica en plena administraci\u00f3n libertaria.<\/p>\n\n\n\n<p><\/p>\n\n\n\n<h3 class=\"wp-block-heading\">Un octogenario tras rejas: el s\u00edmbolo de una pulseada<\/h3>\n\n\n\n<p>Nelson Guillermo Periotti, 80 a\u00f1os, con afecciones de salud que lo convierten en un preso vulnerable, sigue en una c\u00e1rcel com\u00fan, con barrotes y no con tobillera el\u00e9ctrica, a la espera de que el cuerpo m\u00e9dico forense decida si corresponde prisi\u00f3n domiciliaria. Mientras tanto, diputados y senadores como Juliana Di Tullio, Paula Penacca o Oscar Parrilli, junto a referentes gremiales, religiosos y defensores de derechos humanos, se apostaron en la puerta de Ezeiza para manifestar su repudio a lo que consideran un atropello a derechos elementales.<\/p>\n\n\n\n<p>\u00bfPor qu\u00e9 reclaman \u201cdetenci\u00f3n ilegal\u201d? La defensa denuncia que Periotti cumple todos los requisitos legales para ser excarcelado: edad, estado de salud y condena firme sin antecedentes previos de fuga. Aun as\u00ed, el fiscal Luciani demor\u00f3 su pronunciamiento, envi\u00e1ndolo directamente a prisi\u00f3n, en un episodio que la defensa considera motivado por c\u00e1lculo medi\u00e1tico, acus\u00e1ndolo de \u201cdesesperado por salir en los diarios\u201d.<\/p>\n\n\n\n<p><\/p>\n\n\n\n<h3 class=\"wp-block-heading\">La C\u00e1mpora al ataque: entre el reclamo judicial y la chicana pol\u00edtica<\/h3>\n\n\n\n<p>La agrupaci\u00f3n juvenil que responde a M\u00e1ximo Kirchner no se guard\u00f3 nada. Calificaron al fiscal Luciani como un \u201ccag\u00f3n\u201d y lo acusaron de \u201censa\u00f1amiento\u201d contra Periotti \u2014por su lealtad pol\u00edtica a Cristina Kirchner\u2014 cuando \u201cest\u00e1 encerrado en una c\u00e1rcel com\u00fan por una causa sin pruebas\u201d .. El reclamo no es aislado: \u201cLa ley le reconoce el derecho a cumplir su condena de forma domiciliaria. Pero el fiscal incumpli\u00f3 el plazo legal de tres d\u00edas h\u00e1biles\u201d, subrayaron.<\/p>\n\n\n\n<p>Para colmo, acusan al Poder Judicial de actuar con doble rasero: mientras genocidas consiguieron prisi\u00f3n domiciliaria antes de los estudios m\u00e9dicos, a Periotti \u2014por la misma morbilidad\u2014 lo mandaron directo tras las rejas . La exigencia de tobillera electr\u00f3nica y el traslado inmediato se convirtieron en la evidencia de un trato desigual.<\/p>\n\n\n\n<h3 class=\"wp-block-heading\">Un exfuncionario fiel, preso por no traicionar a Cristina<\/h3>\n\n\n\n<p>Durante m\u00e1s de 12 a\u00f1os, Periotti fue clave en Vialidad Nacional bajo N\u00e9stor y Cristina Kirchner; no solo por su funci\u00f3n t\u00e9cnica, sino por su lealtad pol\u00edtica. En los fundamentos que revelan su defensa, se sugiere que su condena no es por lo hecho, sino por lo que se neg\u00f3 a hacer: declarar contra la expresidenta.<\/p>\n\n\n\n<p>El 18 de junio, se present\u00f3 voluntariamente para notificarse de la condena, al mismo tiempo que miles marchaban en Plaza de Mayo en apoyo a Cristina. El gesto lo pinta como obediente, consecuente, y sin temor, pese a estar ante un tribunal que confirma su procesamiento.<\/p>\n\n\n\n<h3 class=\"wp-block-heading\">Milei en el centro del circo: \u00bfes esta la \u201cmano dura\u201d que ofreci\u00f3?<\/h3>\n\n\n\n<p>El episodio encarna lo que muchos cr\u00edticos del gobierno llaman la cara feroz del cambio: una justicia que castiga no solo actos, sino lealtades, ideolog\u00edas y s\u00edmbolos pol\u00edticos. En un volantazo curioso, el Ejecutivo de Milei respirar\u00eda aliviado si Periotti, ejemplo de militancia vieja-escuela, respaldara a los libertarios&#8230; pero lo contrario ocurre: la movilizaci\u00f3n popular y org\u00e1nica ante su detenci\u00f3n recuerda que hay jerarqu\u00edas de fidelidad que la Casa Rosada no puede quebrar.<\/p>\n\n\n\n<p>Que un octogenario enfermo quede en una c\u00e1rcel com\u00fan y su caso sea calificado por fiscales como \u201coportunista\u201d y \u201cmedi\u00e1tico\u201d, levanta inc\u00f3gnitas sobre el uso selectivo del Estado judicial. Y sobre todo, interpela a un gobierno que se jacta de mano firme: \u00bfnos van a meter presos por mantener la lealtad pol\u00edtica?<\/p>\n\n\n\n<h3 class=\"wp-block-heading\">Contradicciones graves: c\u00f3mo la causa devino instrumento de disciplinamiento<\/h3>\n\n\n\n<p>El contraste es fuerte: mientras genocidas obtienen ventajas procesales \u2014como prisi\u00f3n domiciliaria sin esperar estudios m\u00e9dicos\u2014, Periotti, con mayor vulnerabilidad, queda de rehenes del calendario judicial. \u00bfEquidad de g\u00e9nero? \u00bfFederalismo? \u00bfEstricto apego a la ley? Todo eso se diluye cuando la justicia se maneja con prism\u00e1ticos pol\u00edticos.<\/p>\n\n\n\n<p>El rasgo m\u00e1s inquietante: los plazos vencidos. Seg\u00fan La C\u00e1mpora, el fiscal ignora t\u00e9rminos legales y dilata el tr\u00e1mite, en un despliegue que tiene m\u00e1s de estrategia de tablero que de funci\u00f3n judicial. Se trata, aseguran, de una presi\u00f3n pol\u00edtica disfrazada de derecho legal, que golpea m\u00e1s fuerte que cualquier sentencia.<\/p>\n\n\n\n<p><\/p>\n\n\n\n<h3 class=\"wp-block-heading\">La ley y la emoci\u00f3n: \u00bfd\u00f3nde estamos?<\/h3>\n\n\n\n<p>En medio de esta pulseada, quienes denuncian la detenci\u00f3n ilegal saben que no est\u00e1n solos: los grandes signos period\u00edsticos advierten que la justicia pierde legitimidad cuando act\u00faa selectivamente. Cuando se usan expresiones como \u201cpersecuci\u00f3n pol\u00edtica\u201d y se califica a fiscales de \u201ccagones\u201d y \u201censa\u00f1ados\u201d, se activa algo m\u00e1s all\u00e1 del expediente: se mengua la fe p\u00fablica en la Justicia y se amplifica la grieta pol\u00edtica.<\/p>\n\n\n\n<p>Al mismo tiempo, hay espacio para lo humano: un hombre de 80 a\u00f1os, con problemas de salud y sin riesgo de fuga, encerrado en una c\u00e1rcel com\u00fan. Esa escena \u2014emotiva, conmovedora\u2014 expone la fragilidad del sistema judicial cuando la ley se adapta al poder, y no al rev\u00e9s.<\/p>\n\n\n\n<h3 class=\"wp-block-heading\">Conclusi\u00f3n: m\u00e1s que una c\u00e1rcel, la se\u00f1al de una grieta<\/h3>\n\n\n\n<p>La movilizaci\u00f3n de legisladores, gremialistas, religiosos, defensores de derechos y La C\u00e1mpora frente a Ezeiza no es casual. Resuena en el contexto de un gobierno que promete limpieza, orden y manos firmes; pero en su camino, atropella garant\u00edas elementales en casos signados por fidelidad a Kirchnerismo. Ese contraste debe interpelarnos.<\/p>\n\n\n\n<p>Por un lado, la justicia debe ser imparcial. Por el otro, el libre ejercicio de la protesta y el derecho a la domiciliaria deben ser respetados. Lo que pas\u00f3 con Periotti revela, as\u00ed, una grieta que no avanza por caminos institucionales sino por pasiones pol\u00edticas: y puede ser mucho m\u00e1s profunda que cualquier reforma libertaria. El miedo a la lealtad, no a la impunidad, es el mensaje que deja esta detenci\u00f3n.<\/p>\n\n\n\n<p>Fuentes:<\/p>\n\n\n\n<ul class=\"wp-block-list\">\n<li><a href=\"https:\/\/www.pagina12.com.ar\/836064-diputados-y-senadores-denuncian-la-detencion-ilegal-del-exdi\">https:\/\/www.pagina12.com.ar\/836064-diputados-y-senadores-denuncian-la-detencion-ilegal-del-exdi<\/a><\/li>\n\n\n\n<li><a href=\"https:\/\/www.perfil.com\/noticias\/politica\/la-campora-exige-prision-domiciliaria-para-nelson-periotti-y-ataca-al-fiscal-el-cagon-de-luciani.phtml\">https:\/\/www.perfil.com\/noticias\/politica\/la-campora-exige-prision-domiciliaria-para-nelson-periotti-y-ataca-al-fiscal-el-cagon-de-luciani.phtml<\/a><\/li>\n\n\n\n<li><a href=\"https:\/\/am530somosradio.com\/reclamo-frente-al-penal-de-ezeiza-por-la-detencion-ilegal-del-ex-director-de-vialidad-nacional-nelson-periotti\/\">https:\/\/am530somosradio.com\/reclamo-frente-al-penal-de-ezeiza-por-la-detencion-ilegal-del-ex-director-de-vialidad-nacional-nelson-periotti\/<\/a><\/li>\n<\/ul>\n","protected":false},"excerpt":{"rendered":"<p>El gobierno de Milei se enfrenta ahora a una fuerte se\u00f1al: no solo cobija al fiscal que castiga con dureza a un anciano enfermo, sino que abraza un relato de mano dura que puede terminar cobr\u00e1ndose fidelidades pol\u00edticas. En este caso, se puso en cuesti\u00f3n la credibilidad del sistema judicial, la proporcionalidad entre prisi\u00f3n y delito, y la capacidad de la sociedad para resistir un modelo que, bajo la bandera de la ley, parece te\u00f1irse de revancha.<\/p>\n","protected":false},"author":1,"featured_media":5453,"comment_status":"open","ping_status":"open","sticky":false,"template":"","format":"standard","meta":{"_monsterinsights_skip_tracking":false,"_monsterinsights_sitenote_active":false,"_monsterinsights_sitenote_note":"","_monsterinsights_sitenote_category":0,"footnotes":"","jetpack_publicize_message":"","jetpack_publicize_feature_enabled":true,"jetpack_social_post_already_shared":true,"jetpack_social_options":{"image_generator_settings":{"template":"highway","default_image_id":0,"font":"","enabled":false},"version":2}},"categories":[2],"tags":[],"class_list":["post-5452","post","type-post","status-publish","format-standard","has-post-thumbnail","hentry","category-politica"],"jetpack_publicize_connections":[],"_links":{"self":[{"href":"https:\/\/www.enorsai.com\/noticias\/wp-json\/wp\/v2\/posts\/5452","targetHints":{"allow":["GET"]}}],"collection":[{"href":"https:\/\/www.enorsai.com\/noticias\/wp-json\/wp\/v2\/posts"}],"about":[{"href":"https:\/\/www.enorsai.com\/noticias\/wp-json\/wp\/v2\/types\/post"}],"author":[{"embeddable":true,"href":"https:\/\/www.enorsai.com\/noticias\/wp-json\/wp\/v2\/users\/1"}],"replies":[{"embeddable":true,"href":"https:\/\/www.enorsai.com\/noticias\/wp-json\/wp\/v2\/comments?post=5452"}],"version-history":[{"count":1,"href":"https:\/\/www.enorsai.com\/noticias\/wp-json\/wp\/v2\/posts\/5452\/revisions"}],"predecessor-version":[{"id":5454,"href":"https:\/\/www.enorsai.com\/noticias\/wp-json\/wp\/v2\/posts\/5452\/revisions\/5454"}],"wp:featuredmedia":[{"embeddable":true,"href":"https:\/\/www.enorsai.com\/noticias\/wp-json\/wp\/v2\/media\/5453"}],"wp:attachment":[{"href":"https:\/\/www.enorsai.com\/noticias\/wp-json\/wp\/v2\/media?parent=5452"}],"wp:term":[{"taxonomy":"category","embeddable":true,"href":"https:\/\/www.enorsai.com\/noticias\/wp-json\/wp\/v2\/categories?post=5452"},{"taxonomy":"post_tag","embeddable":true,"href":"https:\/\/www.enorsai.com\/noticias\/wp-json\/wp\/v2\/tags?post=5452"}],"curies":[{"name":"wp","href":"https:\/\/api.w.org\/{rel}","templated":true}]}}