{"id":5439,"date":"2025-06-21T09:24:39","date_gmt":"2025-06-21T12:24:39","guid":{"rendered":"https:\/\/www.enorsai.com\/noticias\/?p=5439"},"modified":"2025-06-21T09:24:39","modified_gmt":"2025-06-21T12:24:39","slug":"patricia-bullrich-extraviada-en-caba-no-sabe-donde-manda-a-reprimir","status":"publish","type":"post","link":"https:\/\/www.enorsai.com\/noticias\/politica\/patricia-bullrich-extraviada-en-caba-no-sabe-donde-manda-a-reprimir\/","title":{"rendered":"Patricia Bullrich, extraviada en CABA: no sabe d\u00f3nde manda a reprimir"},"content":{"rendered":"\n<p><strong><em>La ministra de Seguridad justific\u00f3 un operativo policial en pleno centro porte\u00f1o alegando supuesta violencia kirchnerista, pero usuarios de redes sociales y dirigentes pol\u00edticos desmintieron sus dichos y cuestionaron el uso del aparato represivo.<\/em><\/strong><\/p>\n\n\n\n<p>Mientras Patricia Bullrich desplegaba a la Polic\u00eda Federal en un operativo sin orden judicial en un barrio equivocado, las redes sociales estallaron con cr\u00edticas que la acusan de persecuci\u00f3n ideol\u00f3gica, montaje represivo y manipulaci\u00f3n del discurso de la seguridad para criminalizar a la militancia peronista.<\/p>\n\n\n\n<p>\u201cDesplegamos a la PFA para mantener el orden en San Telmo, cuando militantes kirchneristas, violentos y ruidosos, estaban convirtiendo las calles del barrio en una unidad b\u00e1sica\u201d, public\u00f3 este viernes Patricia Bullrich en su cuenta oficial de X (exTwitter). El tono alarmista, la menci\u00f3n de un barrio que no era tal, y la criminalizaci\u00f3n directa del activismo pol\u00edtico encendieron las alarmas y la indignaci\u00f3n tanto en redes sociales como entre referentes pol\u00edticos del peronismo.<\/p>\n\n\n\n<figure class=\"wp-block-embed is-type-rich is-provider-twitter wp-block-embed-twitter\"><div class=\"wp-block-embed__wrapper\">\n<blockquote class=\"twitter-tweet\" data-width=\"550\" data-dnt=\"true\"><p lang=\"es\" dir=\"ltr\">Hoy desplegamos a la PFA para mantener el orden en San Telmo, cuando militantes kirchneristas, violentos y ruidosos, estaban convirtiendo las calles del barrio en una unidad b\u00e1sica.<br><br>Los vecinos se merecen vivir en paz, disfrutando sus d\u00edas con libertad y tranquilidad.<br><br>Las\u2026<\/p>&mdash; Patricia Bullrich (@PatoBullrich) <a href=\"https:\/\/twitter.com\/PatoBullrich\/status\/1936196819316330977?ref_src=twsrc%5Etfw\">June 20, 2025<\/a><\/blockquote><script async src=\"https:\/\/platform.twitter.com\/widgets.js\" charset=\"utf-8\"><\/script>\n<\/div><\/figure>\n\n\n\n<p>La Ministra de Seguridad del gobierno de Javier Milei lanz\u00f3 este mensaje acompa\u00f1ado de im\u00e1genes de un fuerte operativo policial en una zona que, seg\u00fan confirmaron usuarios y dirigentes, no corresponde a San Telmo, como asegur\u00f3 Bullrich, sino a otro sector de la Ciudad de Buenos Aires.<\/p>\n\n\n\n<p>\u201cLos vecinos se merecen vivir en paz, disfrutando sus d\u00edas con libertad y tranquilidad\u201d, sentenci\u00f3 la funcionaria, y remat\u00f3 con una advertencia que se ha vuelto un eslogan de su gesti\u00f3n: \u201cEl que las hace, las paga\u201d.<\/p>\n\n\n\n<p>La primera respuesta de peso lleg\u00f3 desde el Senado. Mar\u00eda Teresa Garc\u00eda, senadora bonaerense y secretaria general del Partido Justicialista, no dej\u00f3 pasar la mentira geogr\u00e1fica: \u201cEmpezamos mal el texto\u2026 no es San Telmo. Un mapa de calles de la ciudad antes de seguir\u2026\u201d, ironiz\u00f3 en un posteo citando a la ministra.<\/p>\n\n\n\n<figure class=\"wp-block-embed is-type-rich is-provider-twitter wp-block-embed-twitter\"><div class=\"wp-block-embed__wrapper\">\n<blockquote class=\"twitter-tweet\" data-width=\"550\" data-dnt=\"true\"><p lang=\"es\" dir=\"ltr\">Empezamos mal el texto&#8230;.no es San Telmo.  Un mapa de calles de la ciudad antes de seguir&#8230;. <a href=\"https:\/\/t.co\/hcpv5JaeEf\">https:\/\/t.co\/hcpv5JaeEf<\/a><\/p>&mdash; Maria Teresa Garcia (@TereGarciaOK) <a href=\"https:\/\/twitter.com\/TereGarciaOK\/status\/1936210520148734343?ref_src=twsrc%5Etfw\">June 20, 2025<\/a><\/blockquote><script async src=\"https:\/\/platform.twitter.com\/widgets.js\" charset=\"utf-8\"><\/script>\n<\/div><\/figure>\n\n\n\n<p>Pero las cr\u00edticas m\u00e1s duras vinieron desde los propios usuarios de la red, quienes cuestionaron no solo el operativo sino tambi\u00e9n la narrativa oficialista. \u201cSaliste tercera en las elecciones. Queres ser presidenta en complicidad de la @AmChamArgentina. No es as\u00ed. Tramposa. Se\u00f1ora violencia. Queres usar todo tu aparato represivo contra nadie\u201d, expres\u00f3 un usuario, mientras se\u00f1alaba otros esc\u00e1ndalos impunes que involucran a allegados del oficialismo.<\/p>\n\n\n\n<p>Otro mensaje fue directo al coraz\u00f3n de la contradicci\u00f3n discursiva de Bullrich: \u201c\u00bfPero no era que se iban a dedicar solo a delitos federales como el FBI? No entiendo nada. De eso deber\u00eda encargarse la polic\u00eda local\u201d.<\/p>\n\n\n\n<p>La pol\u00edtica represiva de Bullrich, que cada vez se apoya menos en fundamentos legales y m\u00e1s en puestas en escena medi\u00e1ticas, suma una nueva p\u00e1gina de pol\u00e9mica. En esta oportunidad, los vecinos del barrio \u2014posiblemente Constituci\u00f3n, seg\u00fan identificaron otros usuarios\u2014 observaron un despliegue de fuerzas federales con armas largas, escudos y camionetas, sin ning\u00fan tipo de alteraci\u00f3n del orden p\u00fablico que lo justificara.<\/p>\n\n\n\n<p>\u201cLa venta de droga en la v\u00eda p\u00fablica jam\u00e1s la combatieron, es solo odio al peronismo. La seguridad de la gente de Constituci\u00f3n a ustedes nunca les import\u00f3\u201d, escribi\u00f3 otra vecina que cuestion\u00f3 el uso selectivo y propagand\u00edstico de la fuerza p\u00fablica.<\/p>\n\n\n\n<p>La frase \u201cviolencia kirchnerista\u201d tambi\u00e9n fue fuertemente rechazada: \u201cPrimero: ese barrio no es San Telmo. Segundo: la palabra violencia te sale f\u00e1cil porque es tu c\u00f3digo pol\u00edtico y de vida. Ning\u00fan hecho de violencia de este lado, vos nunca podr\u00e1s decir lo mismo\u201d, sentenci\u00f3 otro usuario.<\/p>\n\n\n\n<p>La estrategia de Bullrich parece ser la de criminalizar la militancia opositora a trav\u00e9s del uso de la fuerza estatal, recurriendo a relatos prefabricados y operativos exagerados para construir una falsa narrativa de caos que justifique el avance de la represi\u00f3n. En un gobierno que se presenta como \u201clibertario\u201d, la libertad de reuni\u00f3n, de protesta y de expresi\u00f3n se vuelven objetos de persecuci\u00f3n.<\/p>\n\n\n\n<p>Esta vez, ni siquiera pudo ubicar bien el barrio.<\/p>\n\n\n\n<p><strong>Fuentes :<\/strong><\/p>\n\n\n\n<ul class=\"wp-block-list\">\n<li><a href=\"https:\/\/twitter.com\/PatoBullrich\">Patricia Bullrich en X (exTwitter)<\/a><\/li>\n\n\n\n<li><a href=\"https:\/\/twitter.com\/TereGarciaOK\">Mar\u00eda Teresa Garc\u00eda en X (exTwitter)<\/a><\/li>\n\n\n\n<li>Comentarios de usuarios en el posteo original de Bullrich en X.<\/li>\n<\/ul>\n\n\n\n<p><\/p>\n","protected":false},"excerpt":{"rendered":"<p>Patricia Bullrich despleg\u00f3 un fuerte operativo policial en CABA acusando a militantes kirchneristas de \u00abviolentos\u00bb, pero confundi\u00f3 el barrio y fue desmentida por redes y referentes pol\u00edticos. La ministra vuelve a usar la seguridad como propaganda para criminalizar la militancia opositora, sin pruebas ni orden judicial.<\/p>\n","protected":false},"author":1,"featured_media":5440,"comment_status":"open","ping_status":"open","sticky":false,"template":"","format":"standard","meta":{"_monsterinsights_skip_tracking":false,"_monsterinsights_sitenote_active":false,"_monsterinsights_sitenote_note":"","_monsterinsights_sitenote_category":0,"footnotes":"","jetpack_publicize_message":"\ud83d\udea8 Patricia Bullrich despleg\u00f3 un operativo policial en un barrio que ni siquiera supo ubicar, acusando sin pruebas a militantes kirchneristas. Las redes la desmintieron y expusieron su uso represivo del Estado. #ElQueMientePaga","jetpack_publicize_feature_enabled":true,"jetpack_social_post_already_shared":false,"jetpack_social_options":{"image_generator_settings":{"template":"highway","default_image_id":0,"enabled":false},"version":2}},"categories":[2],"tags":[262,585,669,1228,1685,363,925,365,86,1701],"class_list":["post-5439","post","type-post","status-publish","format-standard","has-post-thumbnail","hentry","category-politica","tag-bullrich","tag-caba","tag-constitucion","tag-kirchnerismo","tag-operativo","tag-peronismo","tag-redes","tag-represion","tag-seguridad","tag-unidadbasica"],"jetpack_publicize_connections":[],"_links":{"self":[{"href":"https:\/\/www.enorsai.com\/noticias\/wp-json\/wp\/v2\/posts\/5439","targetHints":{"allow":["GET"]}}],"collection":[{"href":"https:\/\/www.enorsai.com\/noticias\/wp-json\/wp\/v2\/posts"}],"about":[{"href":"https:\/\/www.enorsai.com\/noticias\/wp-json\/wp\/v2\/types\/post"}],"author":[{"embeddable":true,"href":"https:\/\/www.enorsai.com\/noticias\/wp-json\/wp\/v2\/users\/1"}],"replies":[{"embeddable":true,"href":"https:\/\/www.enorsai.com\/noticias\/wp-json\/wp\/v2\/comments?post=5439"}],"version-history":[{"count":1,"href":"https:\/\/www.enorsai.com\/noticias\/wp-json\/wp\/v2\/posts\/5439\/revisions"}],"predecessor-version":[{"id":5441,"href":"https:\/\/www.enorsai.com\/noticias\/wp-json\/wp\/v2\/posts\/5439\/revisions\/5441"}],"wp:featuredmedia":[{"embeddable":true,"href":"https:\/\/www.enorsai.com\/noticias\/wp-json\/wp\/v2\/media\/5440"}],"wp:attachment":[{"href":"https:\/\/www.enorsai.com\/noticias\/wp-json\/wp\/v2\/media?parent=5439"}],"wp:term":[{"taxonomy":"category","embeddable":true,"href":"https:\/\/www.enorsai.com\/noticias\/wp-json\/wp\/v2\/categories?post=5439"},{"taxonomy":"post_tag","embeddable":true,"href":"https:\/\/www.enorsai.com\/noticias\/wp-json\/wp\/v2\/tags?post=5439"}],"curies":[{"name":"wp","href":"https:\/\/api.w.org\/{rel}","templated":true}]}}