{"id":5425,"date":"2025-06-21T01:04:37","date_gmt":"2025-06-21T04:04:37","guid":{"rendered":"http:\/\/www.enorsai.com\/noticias\/?p=5425"},"modified":"2025-06-21T01:04:37","modified_gmt":"2025-06-21T04:04:37","slug":"lo-aplasto-preocupacion-en-el-gobierno-de-milei-porque-cristina-supero-a-milei-en-las-redes","status":"publish","type":"post","link":"https:\/\/www.enorsai.com\/noticias\/politica\/lo-aplasto-preocupacion-en-el-gobierno-de-milei-porque-cristina-supero-a-milei-en-las-redes\/","title":{"rendered":"\u00a1Lo aplast\u00f3! Preocupaci\u00f3n en el Gobierno de Milei porque Cristina super\u00f3 a Milei en las redes"},"content":{"rendered":"\n<h3 class=\"wp-block-heading\">Un informe de Ad Hoc revel\u00f3 que, tras el fallo de la Corte, CFK super\u00f3 a Milei en menciones. La ex presidenta tuvo 5 millones y el actual, 2 millones.<\/h3>\n\n\n\n<p><strong>Desde el 10 de junio,\u00a0Cristina Kirchner\u00a0se convirti\u00f3 en la dirigente pol\u00edtica m\u00e1s mencionada en redes sociales<\/strong>, superando por primera vez al presidente Javier Milei desde que este asumi\u00f3 el Sill\u00f3n de Rivadavia.<\/p>\n\n\n\n<p>Un informe de la consultora Ad Hoc detall\u00f3 que&nbsp;<strong>entre el 10 y el 19 de junio, las menciones a Cristina Kirchner fueron un 150% mayores que las de Javier Milei<\/strong>.&nbsp;<\/p>\n\n\n\n<p>Este aumento en la conversaci\u00f3n digital coincide con la confirmaci\u00f3n por parte de la Corte Suprema de Justicia de la condena de seis a\u00f1os contra la ex mandataria por la causa Vialidad, as\u00ed como con el cumplimiento de su prisi\u00f3n domiciliaria.<\/p>\n\n\n\n<figure class=\"wp-block-image size-large\"><img loading=\"lazy\" decoding=\"async\" width=\"1024\" height=\"576\" src=\"https:\/\/www.enorsai.com\/noticias\/wp-content\/uploads\/2025\/06\/image-7-1024x576.png\" alt=\"\" class=\"wp-image-5426\" srcset=\"https:\/\/www.enorsai.com\/noticias\/wp-content\/uploads\/2025\/06\/image-7-1024x576.png 1024w, https:\/\/www.enorsai.com\/noticias\/wp-content\/uploads\/2025\/06\/image-7-300x169.png 300w, https:\/\/www.enorsai.com\/noticias\/wp-content\/uploads\/2025\/06\/image-7-768x432.png 768w, https:\/\/www.enorsai.com\/noticias\/wp-content\/uploads\/2025\/06\/image-7.png 1280w\" sizes=\"auto, (max-width: 1024px) 100vw, 1024px\" \/><\/figure>\n\n\n\n<p>Seg\u00fan los datos recopilados, desde el 10 de junio, Cristina Kirchner acumul\u00f3 alrededor de&nbsp;<strong>cinco millones de menciones en redes sociales<\/strong>, mientras que Javier Milei registr\u00f3 aproximadamente&nbsp;<strong>dos millones de menciones<\/strong>&nbsp;en el mismo per\u00edodo, seg\u00fan el relevamiento de Ad Hoc.<\/p>\n\n\n\n<p>Fuente:<\/p>\n\n\n\n<ul class=\"wp-block-list\">\n<li><a href=\"https:\/\/noticiasargentinas.com\/politica\/el-dato-que-sorprendio-al-gobierno--cristina-supero-a-milei-en-redes-por-primera-vez_a6855c9629505d19d105df35f\">https:\/\/noticiasargentinas.com\/politica\/el-dato-que-sorprendio-al-gobierno&#8211;cristina-supero-a-milei-en-redes-por-primera-vez_a6855c9629505d19d105df35f<\/a><\/li>\n<\/ul>\n","protected":false},"excerpt":{"rendered":"<p>Un informe de Ad Hoc revel\u00f3 que, tras el fallo de la Corte, CFK super\u00f3 a Milei en menciones. La ex presidenta tuvo 5 millones y el actual, 2 millones. Desde el 10 de junio,\u00a0Cristina Kirchner\u00a0se convirti\u00f3 en la dirigente pol\u00edtica m\u00e1s mencionada en redes sociales, superando por primera vez al presidente Javier Milei desde&#8230;<\/p>\n","protected":false},"author":1,"featured_media":5427,"comment_status":"open","ping_status":"open","sticky":false,"template":"","format":"standard","meta":{"_monsterinsights_skip_tracking":false,"_monsterinsights_sitenote_active":false,"_monsterinsights_sitenote_note":"","_monsterinsights_sitenote_category":0,"footnotes":"","jetpack_publicize_message":"","jetpack_publicize_feature_enabled":true,"jetpack_social_post_already_shared":true,"jetpack_social_options":{"image_generator_settings":{"template":"highway","default_image_id":0,"font":"","enabled":false},"version":2}},"categories":[2],"tags":[88,523,45],"class_list":["post-5425","post","type-post","status-publish","format-standard","has-post-thumbnail","hentry","category-politica","tag-cfk","tag-cristina-fernandez-de-kirchner","tag-milei"],"jetpack_publicize_connections":[],"_links":{"self":[{"href":"https:\/\/www.enorsai.com\/noticias\/wp-json\/wp\/v2\/posts\/5425","targetHints":{"allow":["GET"]}}],"collection":[{"href":"https:\/\/www.enorsai.com\/noticias\/wp-json\/wp\/v2\/posts"}],"about":[{"href":"https:\/\/www.enorsai.com\/noticias\/wp-json\/wp\/v2\/types\/post"}],"author":[{"embeddable":true,"href":"https:\/\/www.enorsai.com\/noticias\/wp-json\/wp\/v2\/users\/1"}],"replies":[{"embeddable":true,"href":"https:\/\/www.enorsai.com\/noticias\/wp-json\/wp\/v2\/comments?post=5425"}],"version-history":[{"count":1,"href":"https:\/\/www.enorsai.com\/noticias\/wp-json\/wp\/v2\/posts\/5425\/revisions"}],"predecessor-version":[{"id":5428,"href":"https:\/\/www.enorsai.com\/noticias\/wp-json\/wp\/v2\/posts\/5425\/revisions\/5428"}],"wp:featuredmedia":[{"embeddable":true,"href":"https:\/\/www.enorsai.com\/noticias\/wp-json\/wp\/v2\/media\/5427"}],"wp:attachment":[{"href":"https:\/\/www.enorsai.com\/noticias\/wp-json\/wp\/v2\/media?parent=5425"}],"wp:term":[{"taxonomy":"category","embeddable":true,"href":"https:\/\/www.enorsai.com\/noticias\/wp-json\/wp\/v2\/categories?post=5425"},{"taxonomy":"post_tag","embeddable":true,"href":"https:\/\/www.enorsai.com\/noticias\/wp-json\/wp\/v2\/tags?post=5425"}],"curies":[{"name":"wp","href":"https:\/\/api.w.org\/{rel}","templated":true}]}}