{"id":5422,"date":"2025-06-21T00:51:31","date_gmt":"2025-06-21T03:51:31","guid":{"rendered":"http:\/\/www.enorsai.com\/noticias\/?p=5422"},"modified":"2025-06-21T00:51:31","modified_gmt":"2025-06-21T03:51:31","slug":"hugo-yasky-desnuda-las-contradicciones-internas-de-una-cgt-que-eligio-el-repliegue-cuando-el-pueblo-salio-a-la-calle-a-defender-cfk","status":"publish","type":"post","link":"https:\/\/www.enorsai.com\/noticias\/politica\/hugo-yasky-desnuda-las-contradicciones-internas-de-una-cgt-que-eligio-el-repliegue-cuando-el-pueblo-salio-a-la-calle-a-defender-cfk\/","title":{"rendered":"Hugo Yasky desnuda las contradicciones internas de una CGT que eligi\u00f3 el repliegue cuando el pueblo sali\u00f3 a la calle a defender CFK"},"content":{"rendered":"\n<p>La reciente movilizaci\u00f3n en defensa de la expresidenta Cristina Fern\u00e1ndez de Kirchner no solo evidenci\u00f3 la potencia intacta del movimiento popular, sino que tambi\u00e9n dej\u00f3 al descubierto la fractura pol\u00edtica y moral de la c\u00fapula de la CGT. Hugo Yasky, diputado y secretario general de la CTA, fue contundente: la ausencia institucional de la central obrera frente al ataque judicial contra la principal referente del campo nacional y popular \u201cno fue coherente\u201d. En un escenario de salarios de miseria, represi\u00f3n simb\u00f3lica y proscripci\u00f3n pol\u00edtica, el silencio de algunos sectores sindicales se vuelve tan estruendoso como sospechoso.<\/p>\n\n\n\n<p>Cuando la historia llama, el silencio tambi\u00e9n habla. Y en la Argentina de Javier Milei, donde la motosierra econ\u00f3mica arrasa derechos, donde la pol\u00edtica se convierte en espect\u00e1culo y donde la persecuci\u00f3n judicial se disfraza de transparencia, ese silencio puede ser traici\u00f3n. As\u00ed lo dej\u00f3 entrever Hugo Yasky, diputado nacional por Uni\u00f3n por la Patria y secretario general de la CTA, al criticar con dureza a la CGT por su falta de compromiso pol\u00edtico ante la reciente movilizaci\u00f3n en defensa de Cristina Fern\u00e1ndez de Kirchner.<\/p>\n\n\n\n<p>\u201cLa CGT no fue coherente\u201d, lanz\u00f3 sin eufemismos, como quien ya se hart\u00f3 de las medias tintas. Y tiene raz\u00f3n: no se puede emitir un documento denunciando la persecuci\u00f3n judicial contra la presidenta del Partido Justicialista y, al mismo tiempo, negarse a poner el cuerpo en la calle. No se puede hablar de democracia y al mismo tiempo dejar sola a la figura m\u00e1s emblem\u00e1tica del peronismo contempor\u00e1neo cuando la embestida judicial busca clausurar su participaci\u00f3n pol\u00edtica de por vida. No se puede jugar a dos puntas cuando el adversario \u2014el gobierno libertario de Milei\u2014 no es un actor racional sino un agresor sistem\u00e1tico contra los sectores populares.<\/p>\n\n\n\n<p>El caso Vialidad y la condena a seis a\u00f1os de prisi\u00f3n con inhabilitaci\u00f3n perpetua para ejercer cargos p\u00fablicos no fue un hecho aislado, ni jur\u00eddico ni administrativo. Fue un mensaje de disciplinamiento, una operaci\u00f3n de proscripci\u00f3n pol\u00edtica orquestada desde los sectores del poder real. En ese marco, la Plaza de Mayo volvi\u00f3 a convertirse en el s\u00edmbolo de la resistencia. Pero la CGT, o al menos su conducci\u00f3n formal, prefiri\u00f3 mirar para otro lado.<\/p>\n\n\n\n<p>Yasky no esquiv\u00f3 el tema: habl\u00f3 de tensiones internas, de contradicciones estructurales dentro de la CGT, de fricciones propias de una dirigencia que \u2014al parecer\u2014 no termina de decidir de qu\u00e9 lado de la historia quiere estar. Asegur\u00f3 que la falta de una convocatoria conjunta fue un grave error pol\u00edtico y una muestra palpable de esa desconexi\u00f3n entre c\u00fapula y bases. Porque, como \u00e9l mismo remarc\u00f3, muchos gremios y regionales de la CGT s\u00ed estuvieron presentes, acompa\u00f1ando con sus banderas, sus bombos y su gente. La plaza habl\u00f3. La CGT call\u00f3. Pero no toda. Y ah\u00ed est\u00e1 la grieta real.<\/p>\n\n\n\n<p>\u201cEl hecho de que dieran libertad de acci\u00f3n habla de que la posici\u00f3n de la conducci\u00f3n no fue expresi\u00f3n del conjunto\u201d, subray\u00f3 el sindicalista. Y no hay mejor s\u00edntesis para una central que, en tiempos de crisis, deber\u00eda ser columna vertebral del movimiento obrero, pero que parece m\u00e1s preocupada por no incomodar al poder que por defender a sus representados.<\/p>\n\n\n\n<p>La marcha, que sorprendi\u00f3 por su masividad y contundencia, dej\u00f3 en evidencia que el movimiento peronista, lejos de estar vencido, conserva su m\u00fasculo social. Fue un mazazo inesperado para quienes apostaban a su desmovilizaci\u00f3n. \u201cSorprendi\u00f3 a todos aquellos que pensaban que est\u00e1bamos liquidados\u201d, afirm\u00f3 Yasky con orgullo, como quien sabe que la calle sigue siendo el territorio donde se disputa el poder real.<\/p>\n\n\n\n<p>En ese sentido, sus palabras son tambi\u00e9n una advertencia: el peronismo no ha muerto. Tampoco sus banderas ni su vocaci\u00f3n de lucha. Y mucho menos sus bases, que siguen movilizadas, golpeadas s\u00ed, pero no derrotadas. Porque como bien dice la met\u00e1fora que utiliz\u00f3 el propio Yasky, \u201clo que hoy dice el Gobierno es la mueca de los que saben que han sido golpeados\u201d. Una mueca forzada, impostada, como la sonrisa de un boxeador grogui que intenta disimular que el derechazo le rompi\u00f3 los esquemas.<\/p>\n\n\n\n<p>Y no es casual que la bronca de Yasky se dirija tanto hacia afuera como hacia adentro. Porque mientras el gobierno de Milei profundiza un modelo de ajuste brutal que condena a millones a la miseria, que revienta salarios, dinamita el sistema previsional y ataca a la educaci\u00f3n p\u00fablica, desde algunos sectores del sindicalismo se observa una alarmante pasividad, cuando no una complicidad sorda.<\/p>\n\n\n\n<p>En un pa\u00eds donde el 60% de los trabajadores no llega a fin de mes, donde la pobreza se ha disparado y la inflaci\u00f3n lic\u00faa los ingresos m\u00e1s r\u00e1pido de lo que se pueden negociar paritarias, el silencio no es prudencia: es abandono. Y cuando ese silencio viene de la CGT, el da\u00f1o es doble. Porque se espera mucho m\u00e1s de quienes hist\u00f3ricamente han sido los guardianes de los derechos laborales.<\/p>\n\n\n\n<p>\u201cLa proscripci\u00f3n de Cristina est\u00e1 en el coraz\u00f3n de los problemas que hacen que el trabajador no llegue a fin de mes\u201d, remarc\u00f3 Yasky, hilando con claridad lo que algunos se niegan a ver: que detr\u00e1s de la embestida judicial hay un intento de desarticular cualquier forma de resistencia organizada. Que el ataque contra Cristina no es solo personal o partidario: es un ataque contra la clase trabajadora, contra sus conquistas, contra su historia.<\/p>\n\n\n\n<p>La foto de esa movilizaci\u00f3n, que recorri\u00f3 el mundo, fue m\u00e1s que un acto de desagravio. Fue un mensaje. Un grito. Una declaraci\u00f3n de principios. Los que apostaban por la desaparici\u00f3n del movimiento popular, los que cre\u00edan que el peronismo era solo una c\u00e1scara vac\u00eda, ahora saben que estaban equivocados. Que hay cuerpo. Que hay calle. Que hay futuro.<\/p>\n\n\n\n<p>Y ah\u00ed radica el verdadero dilema para la CGT. Porque no se trata solo de un error t\u00e1ctico o de una omisi\u00f3n circunstancial. Se trata de decidir si se va a estar con el pueblo o con los que lo oprimen. Con los trabajadores o con los que los explotan. Con la historia o con la intrascendencia.<\/p>\n\n\n\n<p>Hugo Yasky puso el dedo en la llaga y habl\u00f3 sin rodeos. Como se espera de un dirigente que entiende que no hay neutralidad posible cuando los derechos est\u00e1n en juego. La CGT tendr\u00e1 que responder. No con comunicados tibios ni con tecnicismos internos. Sino con hechos. Con presencia. Con coraje.<\/p>\n\n\n\n<p>Porque en esta Argentina convulsionada, donde el gobierno de Javier Milei ha demostrado que no tiene otro plan que destruir todo lo conquistado, el movimiento obrero no puede permitirse el lujo de la ambig\u00fcedad. El tiempo de las definiciones ha llegado. Y el pueblo ya sali\u00f3 a la calle.<\/p>\n\n\n\n<p><strong>Fuentes:<\/strong><\/p>\n\n\n\n<ul class=\"wp-block-list\">\n<li><a href=\"https:\/\/www.infogremiales.com.ar\/para-hugo-yasky-la-cgt-no-fue-coherente-con-la-decision-de-no-concurrir-a-la-marcha-por-cristina\/\">https:\/\/www.infogremiales.com.ar\/para-hugo-yasky-la-cgt-no-fue-coherente-con-la-decision-de-no-concurrir-a-la-marcha-por-cristina\/<\/a><\/li>\n\n\n\n<li><a href=\"https:\/\/www.cadena3.com\/noticia\/politica-y-economia\/hugo-yasky-critica-a-la-cgt-por-no-respaldar-la-marcha-en-defensa-de-cristina_435099\">https:\/\/www.cadena3.com\/noticia\/politica-y-economia\/hugo-yasky-critica-a-la-cgt-por-no-respaldar-la-marcha-en-defensa-de-cristina_435099<\/a><\/li>\n<\/ul>\n\n\n\n<p><\/p>\n","protected":false},"excerpt":{"rendered":"<p>Hugo Yasky cuestion\u00f3 la incoherencia de la CGT por no acompa\u00f1ar la masiva movilizaci\u00f3n en defensa de Cristina Kirchner. Mientras Milei minimiza la protesta, el movimiento popular demostr\u00f3 que sigue de pie. La ausencia sindical expuso fracturas internas y una CGT temerosa ante un gobierno que golpea sin pausa.<\/p>\n","protected":false},"author":12,"featured_media":5423,"comment_status":"open","ping_status":"open","sticky":false,"template":"","format":"standard","meta":{"_monsterinsights_skip_tracking":false,"_monsterinsights_sitenote_active":false,"_monsterinsights_sitenote_note":"","_monsterinsights_sitenote_category":0,"footnotes":"","jetpack_publicize_message":"\n\ud83d\udce2 La Plaza habl\u00f3 y la CGT call\u00f3.\nMientras Milei aprieta y ajusta, el pueblo se moviliza. Yasky lo dijo claro: la conducci\u00f3n sindical no estuvo a la altura. La calle est\u00e1 viva, el peronismo tambi\u00e9n. \u00bfY vos, de qu\u00e9 lado est\u00e1s? \u270a\n#Cristina #CGT #Peronismo #NoALaProscripci\u00f3n","jetpack_publicize_feature_enabled":true,"jetpack_social_post_already_shared":false,"jetpack_social_options":{"image_generator_settings":{"template":"highway","default_image_id":0,"enabled":false},"version":2}},"categories":[2],"tags":[973,87,209,45,974,363,1392,904,292,497],"class_list":["post-5422","post","type-post","status-publish","format-standard","has-post-thumbnail","hentry","category-politica","tag-cgt","tag-cristina","tag-democracia","tag-milei","tag-movilizacion","tag-peronismo","tag-proscripcion","tag-sindicatos","tag-trabajadores","tag-yasky"],"jetpack_publicize_connections":[],"_links":{"self":[{"href":"https:\/\/www.enorsai.com\/noticias\/wp-json\/wp\/v2\/posts\/5422","targetHints":{"allow":["GET"]}}],"collection":[{"href":"https:\/\/www.enorsai.com\/noticias\/wp-json\/wp\/v2\/posts"}],"about":[{"href":"https:\/\/www.enorsai.com\/noticias\/wp-json\/wp\/v2\/types\/post"}],"author":[{"embeddable":true,"href":"https:\/\/www.enorsai.com\/noticias\/wp-json\/wp\/v2\/users\/12"}],"replies":[{"embeddable":true,"href":"https:\/\/www.enorsai.com\/noticias\/wp-json\/wp\/v2\/comments?post=5422"}],"version-history":[{"count":1,"href":"https:\/\/www.enorsai.com\/noticias\/wp-json\/wp\/v2\/posts\/5422\/revisions"}],"predecessor-version":[{"id":5424,"href":"https:\/\/www.enorsai.com\/noticias\/wp-json\/wp\/v2\/posts\/5422\/revisions\/5424"}],"wp:featuredmedia":[{"embeddable":true,"href":"https:\/\/www.enorsai.com\/noticias\/wp-json\/wp\/v2\/media\/5423"}],"wp:attachment":[{"href":"https:\/\/www.enorsai.com\/noticias\/wp-json\/wp\/v2\/media?parent=5422"}],"wp:term":[{"taxonomy":"category","embeddable":true,"href":"https:\/\/www.enorsai.com\/noticias\/wp-json\/wp\/v2\/categories?post=5422"},{"taxonomy":"post_tag","embeddable":true,"href":"https:\/\/www.enorsai.com\/noticias\/wp-json\/wp\/v2\/tags?post=5422"}],"curies":[{"name":"wp","href":"https:\/\/api.w.org\/{rel}","templated":true}]}}