{"id":5418,"date":"2025-06-20T19:26:18","date_gmt":"2025-06-20T22:26:18","guid":{"rendered":"https:\/\/www.enorsai.com\/noticias\/politica\/cfk-volvio-al-centro-de-la-escena-con-un-multitudinario-banderazo-en-parque-lezama\/"},"modified":"2025-06-20T19:26:18","modified_gmt":"2025-06-20T22:26:18","slug":"cfk-volvio-al-centro-de-la-escena-con-un-multitudinario-banderazo-en-parque-lezama","status":"publish","type":"post","link":"https:\/\/www.enorsai.com\/noticias\/politica\/cfk-volvio-al-centro-de-la-escena-con-un-multitudinario-banderazo-en-parque-lezama\/","title":{"rendered":"CFK volvi\u00f3 al centro de la escena con un multitudinario banderazo en Parque Lezama"},"content":{"rendered":"\n<p>La expresidenta convoc\u00f3 a evitar provocaciones frente a su domicilio y pidi\u00f3 trasladar el apoyo popular a un espacio p\u00fablico. En su mensaje, arremeti\u00f3 contra Patricia Bullrich, Milei y Macri, llam\u00f3 a la unidad y prometi\u00f3 el regreso del peronismo: \u201cLos pueblos siempre vuelven\u201d.<br><br>Mientras el gobierno de Javier Milei intenta imponer su agenda a fuerza de represi\u00f3n, ajuste y blindaje judicial, el pueblo peronista volvi\u00f3 a ocupar las calles. Esta vez, el escenario fue el Parque Lezama, en el barrio porte\u00f1o de San Telmo, donde miles de personas se congregaron en un masivo banderazo en apoyo a Cristina Fern\u00e1ndez de Kirchner, luego del ins\u00f3lito operativo policial montado en la madrugada frente a su domicilio, sin orden judicial y con fines evidentemente provocadores.<br><br>La expresidenta, lejos de dejarse intimidar, sali\u00f3 a marcar la cancha. Desde sus redes sociales denunci\u00f3 la maniobra encabezada por Patricia Bullrich como \u201ccompletamente ilegal\u201d y convoc\u00f3 a evitar confrontaciones innecesarias, trasladando la manifestaci\u00f3n a un espacio p\u00fablico. \u201cTodas las manifestaciones de estos d\u00edas fueron pac\u00edficas. Lo que est\u00e1 haciendo el gobierno es provocar para luego victimizarse. No lo vamos a permitir\u201d, escribi\u00f3 Cristina.<br><br>\u201cMilitar, organizarse y estar junto a la gente\u201d<br><br>En el acto de Parque Lezama, donde flamearon banderas argentinas, carteles de \u201cCFK conducci\u00f3n\u201d y hasta una reproducci\u00f3n simb\u00f3lica del balc\u00f3n del Instituto Patria, se escuch\u00f3 un potente mensaje grabado por la propia vicepresidenta. All\u00ed, Cristina apel\u00f3 al coraz\u00f3n militante del peronismo: llam\u00f3 a reorganizarse, a no bajar los brazos y a resistir el modelo de exclusi\u00f3n que hoy impone la administraci\u00f3n libertaria.<br><br>\u201cTenemos que militar, organizarnos y estar junto a la gente\u201d, dijo con voz firme. Tambi\u00e9n cuestion\u00f3 con dureza el modelo econ\u00f3mico vigente, al que calific\u00f3 de \u201cinjusto, insostenible y profundamente deshumanizante\u201d, y record\u00f3 el intento de magnicidio del que fue v\u00edctima en septiembre de 2022: \u201cEse acto de odio sigue impune, y lo que hacen hoy es seguir sembrando miedo. Pero no les tenemos miedo\u201d.<br><br>Con una l\u00ednea clara de confrontaci\u00f3n pol\u00edtica, Cristina no se guard\u00f3 nada: \u201cBullrich es una mujer nefasta. Macri trajo el endeudamiento y la desindustrializaci\u00f3n. Y Milei vino a hablarnos de futuro mientras nos entrega el presente a los poderosos de siempre. Esto no es nuevo: es la restauraci\u00f3n del proyecto neoliberal que ya fracas\u00f3\u201d.<br><br>\u201cLos pueblos siempre vuelven\u201d<br><br>La frase reson\u00f3 como un eco de esperanza entre quienes asistieron al banderazo. Cristina asegur\u00f3 que el peronismo volver\u00e1 porque \u201ctenemos historia, tenemos patria, tenemos pueblo\u201d. Esa afirmaci\u00f3n, lejos de ser solo un deseo, se ley\u00f3 como una advertencia pol\u00edtica: el campo popular est\u00e1 herido, pero no vencido.<br><br>A diferencia de otros momentos, el tono de la exmandataria oscil\u00f3 entre la denuncia y la esperanza. Mostr\u00f3 sensibilidad frente al sufrimiento social \u2014producto del brutal ajuste libertario\u2014 pero tambi\u00e9n fortaleza estrat\u00e9gica. \u201cA m\u00ed me gu\u00edan las ideas y el amor por el pueblo. No hay odio que pueda con eso\u201d, sostuvo.<br><br>Unidad frente al odio<br><br>Lo que qued\u00f3 claro en Parque Lezama es que el kirchnerismo conserva su capacidad de movilizaci\u00f3n. A pesar del cerco medi\u00e1tico y judicial, el respaldo popular a Cristina se mantiene firme. La convocatoria fue espont\u00e1nea, y el operativo libertario \u2014que intent\u00f3 cercarla en Recoleta\u2014 termin\u00f3 generando el efecto contrario: la uni\u00f3 m\u00e1s al pueblo.<br><br>Lejos de la soledad que algunos quisieron imponerle, la figura de Cristina reaparece como faro en tiempos de oscuridad. Frente a un gobierno que criminaliza la protesta, precariza la vida y reprime con sa\u00f1a, su voz vuelve a sonar como una alternativa posible, deseada y urgente.<\/p>\n","protected":false},"excerpt":{"rendered":"<p>La expresidenta convoc\u00f3 a evitar provocaciones frente a su domicilio y pidi\u00f3 trasladar el apoyo popular a un espacio p\u00fablico. En su mensaje, arremeti\u00f3 contra Patricia Bullrich, Milei y Macri, llam\u00f3 a la unidad y prometi\u00f3 el regreso del peronismo: \u201cLos pueblos siempre vuelven\u201d. Mientras el gobierno de Javier Milei intenta imponer su agenda a&#8230;<\/p>\n","protected":false},"author":1,"featured_media":5417,"comment_status":"open","ping_status":"open","sticky":false,"template":"","format":"standard","meta":{"_monsterinsights_skip_tracking":false,"_monsterinsights_sitenote_active":false,"_monsterinsights_sitenote_note":"","_monsterinsights_sitenote_category":0,"footnotes":"","jetpack_publicize_message":"","jetpack_publicize_feature_enabled":true,"jetpack_social_post_already_shared":true,"jetpack_social_options":{"image_generator_settings":{"template":"highway","default_image_id":0,"font":"","enabled":false},"version":2}},"categories":[2],"tags":[],"class_list":["post-5418","post","type-post","status-publish","format-standard","has-post-thumbnail","hentry","category-politica"],"jetpack_publicize_connections":[],"_links":{"self":[{"href":"https:\/\/www.enorsai.com\/noticias\/wp-json\/wp\/v2\/posts\/5418","targetHints":{"allow":["GET"]}}],"collection":[{"href":"https:\/\/www.enorsai.com\/noticias\/wp-json\/wp\/v2\/posts"}],"about":[{"href":"https:\/\/www.enorsai.com\/noticias\/wp-json\/wp\/v2\/types\/post"}],"author":[{"embeddable":true,"href":"https:\/\/www.enorsai.com\/noticias\/wp-json\/wp\/v2\/users\/1"}],"replies":[{"embeddable":true,"href":"https:\/\/www.enorsai.com\/noticias\/wp-json\/wp\/v2\/comments?post=5418"}],"version-history":[{"count":0,"href":"https:\/\/www.enorsai.com\/noticias\/wp-json\/wp\/v2\/posts\/5418\/revisions"}],"wp:featuredmedia":[{"embeddable":true,"href":"https:\/\/www.enorsai.com\/noticias\/wp-json\/wp\/v2\/media\/5417"}],"wp:attachment":[{"href":"https:\/\/www.enorsai.com\/noticias\/wp-json\/wp\/v2\/media?parent=5418"}],"wp:term":[{"taxonomy":"category","embeddable":true,"href":"https:\/\/www.enorsai.com\/noticias\/wp-json\/wp\/v2\/categories?post=5418"},{"taxonomy":"post_tag","embeddable":true,"href":"https:\/\/www.enorsai.com\/noticias\/wp-json\/wp\/v2\/tags?post=5418"}],"curies":[{"name":"wp","href":"https:\/\/api.w.org\/{rel}","templated":true}]}}