{"id":5414,"date":"2025-06-20T13:42:34","date_gmt":"2025-06-20T16:42:34","guid":{"rendered":"http:\/\/www.enorsai.com\/noticias\/?p=5414"},"modified":"2025-06-20T13:42:34","modified_gmt":"2025-06-20T16:42:34","slug":"cfk-denuncio-un-operativo-ilegal-en-su-casa-responsabilizo-a-bullrich-y-llamo-a-la-militancia-a-redireccionar-su-banderazo-al-parque-lezama","status":"publish","type":"post","link":"https:\/\/www.enorsai.com\/noticias\/politica\/cfk-denuncio-un-operativo-ilegal-en-su-casa-responsabilizo-a-bullrich-y-llamo-a-la-militancia-a-redireccionar-su-banderazo-al-parque-lezama\/","title":{"rendered":"CFK denunci\u00f3 un operativo ilegal en su casa, responsabiliz\u00f3 a Bullrich y llam\u00f3 a la militancia a redireccionar su banderazo al Parque Lezama"},"content":{"rendered":"\n<p><strong><em>La ex presidenta acus\u00f3 a la ministra de Seguridad de montar un operativo policial sin orden judicial frente a su domicilio con fines provocadores. Adem\u00e1s, llam\u00f3 a la militancia a actuar con templanza y redireccionar su banderazo al Parque Lezama.<\/em><\/strong><\/p>\n\n\n\n<p>A trav\u00e9s de sus redes sociales, Cristina Fern\u00e1ndez de Kirchner denunci\u00f3 que durante la madrugada del 20 de junio, fuerzas de seguridad lideradas por Patricia Bullrich desplegaron un operativo en la puerta de su casa \u201csin orden judicial y en forma completamente ilegal\u201d. En un mensaje con fuerte contenido pol\u00edtico, advirti\u00f3 que se intenta desviar la atenci\u00f3n del deterioro econ\u00f3mico y social del pa\u00eds, al tiempo que convoc\u00f3 a la militancia a no caer en provocaciones.<\/p>\n\n\n\n<p>En el D\u00eda de la Bandera, Cristina Fern\u00e1ndez de Kirchner volvi\u00f3 a tomar la palabra p\u00fablicamente con un mensaje contundente que mezcla denuncia, an\u00e1lisis pol\u00edtico y una convocatoria emocional a su militancia. A trav\u00e9s de su cuenta de X (ex Twitter), la ex presidenta revel\u00f3 que durante la madrugada del 20 de junio, la ministra de Seguridad, Patricia Bullrich, encabez\u00f3 un operativo frente a su domicilio sin autorizaci\u00f3n judicial y con claros fines de provocaci\u00f3n.<\/p>\n\n\n\n<p>\u201cHoy, durante la madrugada, sin orden judicial y en forma completamente ilegal, Patricia Bullrich mont\u00f3 un operativo policial en la puerta de mi casa con el \u00fanico objetivo de provocar conflictos que, hasta ahora, nunca sucedieron\u201d, denunci\u00f3 la ex mandataria en su publicaci\u00f3n.<\/p>\n\n\n\n<p>El mensaje se inscribe en un contexto de alta sensibilidad social, donde las movilizaciones populares han sido una constante en los \u00faltimos meses. Cristina subray\u00f3 que todas las manifestaciones, incluso la masiva concentraci\u00f3n en Plaza de Mayo, \u201cse realizaron en paz y con perfecto orden y respeto por la propiedad p\u00fablica y privada\u201d. Esta afirmaci\u00f3n contrasta de forma directa con el discurso oficialista que intenta demonizar la protesta social.<\/p>\n\n\n\n<p>La ex presidenta no escatim\u00f3 cr\u00edticas hacia la ministra Bullrich, a quien calific\u00f3 de \u201cnefast[a] y capaz de cualquier cosa\u201d. En sus palabras, acus\u00f3 a la titular de Seguridad de actuar para \u201cgenerar caos\u201d, pero con un doble objetivo: posicionarse pol\u00edticamente y, al mismo tiempo, encubrir el desastre econ\u00f3mico y social que atraviesa el pa\u00eds.<\/p>\n\n\n\n<p>Cristina vincul\u00f3 esta estrategia de distracci\u00f3n con los recientes datos oficiales de desocupaci\u00f3n, que muestran cifras alarmantes: 9,7% en el Conurbano bonaerense y 9,2% en el Gran C\u00f3rdoba. \u201cEstamos a punto de retornar a los dos d\u00edgitos de desocupaci\u00f3n. Como en las peores \u00e9pocas\u201d, advirti\u00f3 con gravedad.<\/p>\n\n\n\n<p>En una muestra de cuidado pol\u00edtico y estrat\u00e9gico, se dirigi\u00f3 especialmente a sus seguidores y seguidores que ten\u00edan previsto movilizarse frente a su casa este 20 de junio con motivo de la fecha patria. Pidi\u00f3 expresamente que redireccionen el banderazo hacia el Parque Lezama: \u201cLo mejor y m\u00e1s inteligente, para esta que va a ser una larga marcha en el tiempo, es que \u2013por favor les pido\u2013 redireccionen el banderazo que hab\u00edan organizado y vayan al auditorio de Parque Lezama\u201d.<\/p>\n\n\n\n<p>Finalmente, Cristina cerr\u00f3 su mensaje con una se\u00f1al de cercan\u00eda emocional y reconocimiento a su base militante. \u201cTen\u00eda much\u00edsima ganas de verlos y saludarlos por la fuerza que me dan. Sepan siempre que cuando ustedes est\u00e1n\u2026 hasta lo malo se transforma en bueno\u201d, expres\u00f3, dejando entrever que podr\u00eda haber una nueva comunicaci\u00f3n desde el auditorio.<\/p>\n\n\n\n<p><strong>Fuente :<\/strong><br><a href=\"https:\/\/x.com\/CFKArgentina\/status\/1803793555909730735\">https:\/\/x.com\/CFKArgentina\/status\/1803793555909730735<\/a><\/p>\n","protected":false},"excerpt":{"rendered":"<p>Cristina Kirchner denunci\u00f3 un operativo ilegal frente a su casa ejecutado por Patricia Bullrich y advirti\u00f3 que se busca generar caos para ocultar la crisis econ\u00f3mica. Convoc\u00f3 a la militancia a no caer en provocaciones y a trasladar su banderazo al Parque Lezama para \u201cuna larga marcha en el tiempo\u201d.<\/p>\n","protected":false},"author":11,"featured_media":5415,"comment_status":"open","ping_status":"open","sticky":false,"template":"","format":"standard","meta":{"_monsterinsights_skip_tracking":false,"_monsterinsights_sitenote_active":false,"_monsterinsights_sitenote_note":"","_monsterinsights_sitenote_category":0,"footnotes":"","jetpack_publicize_message":"\ud83d\udea8 Cristina Kirchner denunci\u00f3 un operativo policial ilegal frente a su casa montado por Bullrich para provocar caos y desviar la atenci\u00f3n del desastre econ\u00f3mico. Pidi\u00f3 templanza a la militancia y redireccionar el banderazo al Parque Lezama. \u201cCuando ustedes est\u00e1n\u2026 hasta lo malo se transforma en bueno","jetpack_publicize_feature_enabled":true,"jetpack_social_post_already_shared":false,"jetpack_social_options":{"image_generator_settings":{"template":"highway","default_image_id":0,"enabled":false},"version":2}},"categories":[2],"tags":[262,43,87,1687,1688,1601,1685,1689,363,1686],"class_list":["post-5414","post","type-post","status-publish","format-standard","has-post-thumbnail","hentry","category-politica","tag-bullrich","tag-crisis","tag-cristina","tag-desocupacion","tag-ilegalidad","tag-militancia","tag-operativo","tag-parquelezama","tag-peronismo","tag-provocacion"],"jetpack_publicize_connections":[],"_links":{"self":[{"href":"https:\/\/www.enorsai.com\/noticias\/wp-json\/wp\/v2\/posts\/5414","targetHints":{"allow":["GET"]}}],"collection":[{"href":"https:\/\/www.enorsai.com\/noticias\/wp-json\/wp\/v2\/posts"}],"about":[{"href":"https:\/\/www.enorsai.com\/noticias\/wp-json\/wp\/v2\/types\/post"}],"author":[{"embeddable":true,"href":"https:\/\/www.enorsai.com\/noticias\/wp-json\/wp\/v2\/users\/11"}],"replies":[{"embeddable":true,"href":"https:\/\/www.enorsai.com\/noticias\/wp-json\/wp\/v2\/comments?post=5414"}],"version-history":[{"count":1,"href":"https:\/\/www.enorsai.com\/noticias\/wp-json\/wp\/v2\/posts\/5414\/revisions"}],"predecessor-version":[{"id":5416,"href":"https:\/\/www.enorsai.com\/noticias\/wp-json\/wp\/v2\/posts\/5414\/revisions\/5416"}],"wp:featuredmedia":[{"embeddable":true,"href":"https:\/\/www.enorsai.com\/noticias\/wp-json\/wp\/v2\/media\/5415"}],"wp:attachment":[{"href":"https:\/\/www.enorsai.com\/noticias\/wp-json\/wp\/v2\/media?parent=5414"}],"wp:term":[{"taxonomy":"category","embeddable":true,"href":"https:\/\/www.enorsai.com\/noticias\/wp-json\/wp\/v2\/categories?post=5414"},{"taxonomy":"post_tag","embeddable":true,"href":"https:\/\/www.enorsai.com\/noticias\/wp-json\/wp\/v2\/tags?post=5414"}],"curies":[{"name":"wp","href":"https:\/\/api.w.org\/{rel}","templated":true}]}}