{"id":5410,"date":"2025-06-20T10:59:24","date_gmt":"2025-06-20T13:59:24","guid":{"rendered":"https:\/\/www.enorsai.com\/noticias\/sociedad\/la-rioja-lidera-la-propiedad-de-viviendas-en-el-pais-gracias-a-un-modelo-solidario-y-transformador\/"},"modified":"2025-06-20T11:05:04","modified_gmt":"2025-06-20T14:05:04","slug":"la-rioja-lidera-la-propiedad-de-viviendas-en-el-pais-gracias-a-un-modelo-solidario-y-transformador","status":"publish","type":"post","link":"https:\/\/www.enorsai.com\/noticias\/sociedad\/la-rioja-lidera-la-propiedad-de-viviendas-en-el-pais-gracias-a-un-modelo-solidario-y-transformador\/","title":{"rendered":"La Rioja lidera la propiedad de viviendas en el pa\u00eds gracias a un modelo solidario y transformador"},"content":{"rendered":"\n<p><strong><em>La pol\u00edtica habitacional del Plan Angelelli convierte a La Rioja en la provincia con mayor porcentaje de propietarios de vivienda propia, en contraposici\u00f3n al ajuste impulsado por el gobierno nacional.<\/em><\/strong><br><br>Con la entrega de nuevas casas en el barrio Susana Quintela, el gobernador Ricardo Quintela, junto a Gabriela Pedrali, Armando Molina y Victoria Tolosa Paz, reafirm\u00f3 el compromiso provincial de garantizar el derecho a la vivienda digna. El modelo riojano, basado en la gratuidad, la inclusi\u00f3n y la justicia social, se consolida como ejemplo frente a la desidia del Estado nacional.<br><br><br><br>La Rioja dignifica con ladrillos: el Plan Angelelli transforma la vida de miles de familias<br><br>En una Argentina marcada por los recortes, la fragmentaci\u00f3n social y el abandono del Estado, La Rioja se erige como un faro de dignidad colectiva. El reciente acto de entrega de viviendas del Plan Angelelli en el barrio Susana Quintela no fue simplemente un evento protocolar: fue la reafirmaci\u00f3n de un modelo de provincia que entiende la vivienda no como un bien de mercado, sino como un derecho humano inalienable.<br><br>El gobernador Ricardo Quintela rememor\u00f3 el origen del plan como una respuesta directa a la necesidad urgente de muchas familias asentadas en zonas precarias. \u201cCuando fuimos por primera vez con Teresita a la Barranca del Golf, muchas familias viv\u00edan en condiciones indignas. En vez de mandar a la polic\u00eda, decidimos acompa\u00f1arlos. Y hoy, ese compromiso se convirti\u00f3 en pol\u00edtica de Estado\u201d, expres\u00f3 con contundencia.<br><br>El Plan Angelelli, impulsado por la diputada nacional Gabriela Pedrali, fue concebido como un homenaje viviente al obispo Enrique Angelelli, s\u00edmbolo de la opci\u00f3n por los pobres. La propuesta no s\u00f3lo implica la construcci\u00f3n gratuita de viviendas, sino tambi\u00e9n su equipamiento b\u00e1sico \u2014cocina, heladera, mobiliario\u2014 para asegurar condiciones m\u00ednimas de dignidad. Pero lo que lo hace verdaderamente revolucionario es su car\u00e1cter inclusivo y transformador: se entrega sin cuota ni hipoteca, apostando a la mejora futura de las condiciones laborales de los beneficiarios.<br><br>\u201cNo es demagogia, es justicia social\u201d, enfatiz\u00f3 Quintela, subrayando que este programa es \u00fanico en el pa\u00eds y posiblemente en el mundo. \u201cEstamos convencidos de que el Estado tiene la responsabilidad de tender la mano a quienes m\u00e1s lo necesitan. Este plan es una muestra de amor por nuestra gente\u201d, afirm\u00f3, destacando que gracias a esta pol\u00edtica La Rioja es hoy la provincia con mayor proporci\u00f3n de propietarios.<\/p>\n\n\n\n<p><br \/><br \/>Pol\u00edtica social vs. ajuste nacional<br \/><br \/>La diputada Gabriela Pedrali fue a\u00fan m\u00e1s categ\u00f3rica al contrastar este modelo con el paradigma dominante a nivel nacional. \u201cFrente a un gobierno que quiere convencernos de que los derechos son un gasto, nosotros decimos que tener una casa no es un premio, es un derecho\u201d, sostuvo. Inform\u00f3 que el Plan Angelelli tiene m\u00e1s de 100 viviendas en ejecuci\u00f3n en toda la provincia, adem\u00e1s de otras 80 en localidades vulneradas por eventos clim\u00e1ticos como Chamical y Patqu\u00eda.<br \/><br \/>La diputada destac\u00f3 que el programa fue consolidado por ley en 2020 y que detr\u00e1s de cada casa hay un equipo comprometido, que trabaja a diario para sostener el proyecto. \u201cSomos un grupo chico, pero con grandes resultados. Este plan es una m\u00e1quina de concretar sue\u00f1os\u201d, dijo Pedrali.<\/p>\n\n\n\n<p><br \/><br \/>Desde el caos al hogar: reconstrucci\u00f3n con amor<br \/><br \/>Por su parte, el intendente capitalino Armando Molina puso el foco en la transformaci\u00f3n del territorio. \u201cEste barrio estaba postergado durante a\u00f1os. Hoy forma parte de una ciudad que crece, sue\u00f1a y se reconstruye con amor\u201d, expres\u00f3, acusando a las gestiones anteriores de haber dejado una ciudad \u201cca\u00f3tica\u201d.<br \/><br \/>\u201cLes pedimos a quienes gobernaron antes que se hagan cargo del desastre que dejaron. Nosotros reconstruimos con coraje y con la gente\u201d, remat\u00f3, apelando a una memoria activa de la ciudadan\u00eda en este a\u00f1o electoral.<\/p>\n\n\n\n<p><br \/><br \/>El ejemplo riojano desde los ojos de la Naci\u00f3n<br \/><br \/>La presencia de Victoria Tolosa Paz, diputada nacional y ex ministra de Desarrollo Social, le dio al acto un fuerte componente federal. \u201cSiempre que vengo a La Rioja hay entrega de viviendas. Eso habla de una pol\u00edtica que no se detiene, ni siquiera con la cara del mal gobernando el pa\u00eds\u201d, dispar\u00f3 en referencia a Javier Milei, generando aplausos cerrados.<br \/><br \/>Tolosa Paz reconoci\u00f3 el liderazgo de Quintela como una referencia del peronismo que no transa ni claudica: \u201cTenemos mucho que aprender de esta gesti\u00f3n. Aqu\u00ed hay un gobernador que no baja los brazos, que defiende a su pueblo y que devuelve felicidad\u201d, concluy\u00f3 emocionada, tras relatar el cumplimiento de una promesa hecha a una madre del barrio.<br \/><br \/>Un modelo a replicar<br \/><br \/>La Rioja no s\u00f3lo construye casas: edifica ciudadan\u00eda, igualdad y esperanza. En un contexto nacional donde se privatiza el acceso a los derechos, el Plan Angelelli se consolida como una pol\u00edtica transformadora que se ubica en las ant\u00edpodas del ajuste, la exclusi\u00f3n y el abandono.<br \/><br \/>Mientras en Buenos Aires se habla de motosierra y meritocracia, en el noroeste argentino se cultiva la solidaridad. Y eso \u2014como lo demuestran estas familias\u2014 tambi\u00e9n puede convertirse en un plan de gobierno.<\/p>\n\n\n\n<p>Fuente:<\/p>\n\n\n\n<ul class=\"wp-block-list\">\n<li>https:\/\/radioytelevisionriojana.com.ar\/articulo\/la-rioja-continua-siendo-la-provincia-con-mayor-cantidad-de-propietarios-del-pais.php<\/li>\n<\/ul>\n","protected":false},"excerpt":{"rendered":"<p>El Plan Angelelli, impulsado por el gobierno de La Rioja, consolida a la provincia como l\u00edder nacional en propiedad de viviendas. Frente al ajuste de Milei, esta pol\u00edtica gratuita, inclusiva y con fuerte contenido social representa un modelo que dignifica, transforma y prioriza a quienes m\u00e1s lo necesitan. Una verdadera revoluci\u00f3n federal.<\/p>\n","protected":false},"author":13,"featured_media":5409,"comment_status":"open","ping_status":"open","sticky":false,"template":"","format":"standard","meta":{"_monsterinsights_skip_tracking":false,"_monsterinsights_sitenote_active":false,"_monsterinsights_sitenote_note":"","_monsterinsights_sitenote_category":0,"footnotes":"","jetpack_publicize_message":"","jetpack_publicize_feature_enabled":true,"jetpack_social_post_already_shared":true,"jetpack_social_options":{"image_generator_settings":{"template":"highway","default_image_id":0,"font":"","enabled":false},"version":2}},"categories":[4],"tags":[1684,69,1682,290,363,1681,72,960,1683,810],"class_list":["post-5410","post","type-post","status-publish","format-standard","has-post-thumbnail","hentry","category-sociedad","tag-armando-molina","tag-derechos","tag-gabriela-pedrali","tag-la-rioja","tag-peronismo","tag-plan-angelelli","tag-politica","tag-ricardo-quintela","tag-victoria-tolosa-paz","tag-vivienda"],"jetpack_publicize_connections":[],"_links":{"self":[{"href":"https:\/\/www.enorsai.com\/noticias\/wp-json\/wp\/v2\/posts\/5410","targetHints":{"allow":["GET"]}}],"collection":[{"href":"https:\/\/www.enorsai.com\/noticias\/wp-json\/wp\/v2\/posts"}],"about":[{"href":"https:\/\/www.enorsai.com\/noticias\/wp-json\/wp\/v2\/types\/post"}],"author":[{"embeddable":true,"href":"https:\/\/www.enorsai.com\/noticias\/wp-json\/wp\/v2\/users\/13"}],"replies":[{"embeddable":true,"href":"https:\/\/www.enorsai.com\/noticias\/wp-json\/wp\/v2\/comments?post=5410"}],"version-history":[{"count":1,"href":"https:\/\/www.enorsai.com\/noticias\/wp-json\/wp\/v2\/posts\/5410\/revisions"}],"predecessor-version":[{"id":5411,"href":"https:\/\/www.enorsai.com\/noticias\/wp-json\/wp\/v2\/posts\/5410\/revisions\/5411"}],"wp:featuredmedia":[{"embeddable":true,"href":"https:\/\/www.enorsai.com\/noticias\/wp-json\/wp\/v2\/media\/5409"}],"wp:attachment":[{"href":"https:\/\/www.enorsai.com\/noticias\/wp-json\/wp\/v2\/media?parent=5410"}],"wp:term":[{"taxonomy":"category","embeddable":true,"href":"https:\/\/www.enorsai.com\/noticias\/wp-json\/wp\/v2\/categories?post=5410"},{"taxonomy":"post_tag","embeddable":true,"href":"https:\/\/www.enorsai.com\/noticias\/wp-json\/wp\/v2\/tags?post=5410"}],"curies":[{"name":"wp","href":"https:\/\/api.w.org\/{rel}","templated":true}]}}