{"id":5403,"date":"2025-06-20T09:29:25","date_gmt":"2025-06-20T12:29:25","guid":{"rendered":"https:\/\/www.enorsai.com\/noticias\/?p=5403"},"modified":"2025-06-20T13:49:21","modified_gmt":"2025-06-20T16:49:21","slug":"la-empresa-suiza-clariant-se-va-de-argentina-despues-de-60-anos-de-historia-dejando-a-todos-sus-empleados-en-la-calle-como-consecuencia-del-desastre-economico-de-milei","status":"publish","type":"post","link":"https:\/\/www.enorsai.com\/noticias\/economia\/la-empresa-suiza-clariant-se-va-de-argentina-despues-de-60-anos-de-historia-dejando-a-todos-sus-empleados-en-la-calle-como-consecuencia-del-desastre-economico-de-milei\/","title":{"rendered":"La empresa suiza Clariant se va de Argentina despu\u00e9s de 60 a\u00f1os dejando a todos sus empleados en la calle"},"content":{"rendered":"\n<p><strong>Clariant, la empresa suiza l\u00edder en productos qu\u00edmicos especializados, anunci\u00f3 el cierre definitivo de su planta en Z\u00e1rate y el retiro total de operaciones en Argentina. La medida golpea de lleno a los trabajadores, a la industria nacional y deja al desnudo las consecuencias devastadoras del modelo econ\u00f3mico de Javier Milei. La huida de inversiones es solo una de las tantas alarmas que suenan en un pa\u00eds cada vez m\u00e1s paralizado.<\/strong><\/p>\n\n\n\n<p>La multinacional suiza <strong>Clariant<\/strong>, una de las compa\u00f1\u00edas qu\u00edmicas m\u00e1s reconocidas del mundo, acaba de tomar una decisi\u00f3n que marca un punto de quiebre para la industria nacional argentina: <strong>cerrar su planta de producci\u00f3n en la ciudad bonaerense de Z\u00e1rate y abandonar por completo sus operaciones en el pa\u00eds<\/strong>. El anuncio no es solo una mala noticia para los m\u00e1s de <strong>50 trabajadores que quedan en la calle<\/strong>, sino tambi\u00e9n un nuevo golpe para la ya tambaleante estructura productiva del pa\u00eds, que bajo el gobierno de <strong>Javier Milei<\/strong> se desmorona a pasos acelerados.<\/p>\n\n\n\n<p>Fundada en 1958, la planta de Clariant fue durante d\u00e9cadas un emblema del desarrollo qu\u00edmico argentino. Producci\u00f3n de colorantes, aditivos y especialidades para diversas industrias eran parte del coraz\u00f3n productivo que la empresa manten\u00eda activo en Z\u00e1rate. <strong>Pero 66 a\u00f1os despu\u00e9s, la empresa suiza baja las persianas y se despide sin mirar atr\u00e1s.<\/strong><\/p>\n\n\n\n<p>Los motivos oficiales del cierre, seg\u00fan el comunicado difundido por la compa\u00f1\u00eda, responden a una \u201cdecisi\u00f3n estrat\u00e9gica de reevaluaci\u00f3n global de negocios\u201d y a un contexto donde \u201cla producci\u00f3n local ya no es sostenible\u201d. Sin embargo, <strong>es imposible desligar esta medida del brutal ajuste econ\u00f3mico implementado por el gobierno libertario<\/strong>, que ha generado un escenario de recesi\u00f3n, ca\u00edda del consumo, inflaci\u00f3n en alza y pol\u00edticas hostiles para la industria nacional.<\/p>\n\n\n\n<p>En Z\u00e1rate, el impacto es demoledor. Los trabajadores de Clariant, quienes hasta hace pocos d\u00edas ingresaban normalmente a sus turnos de producci\u00f3n, fueron notificados sin anestesia: <strong>la empresa cerraba de forma definitiva<\/strong>. El desconcierto y la angustia se mezclan con la bronca. Muchos de ellos llevaban m\u00e1s de 20 a\u00f1os en la planta. La empresa les ofreci\u00f3 retiros voluntarios y un acuerdo indemnizatorio que no fue discutido ni negociado en el marco del sindicato, lo que <strong>abri\u00f3 un fuerte conflicto con la representaci\u00f3n gremial<\/strong>.<\/p>\n\n\n\n<p>La Federaci\u00f3n de Sindicatos de Trabajadores de la Industria Qu\u00edmica y Petroqu\u00edmica (Festiqypra) no tard\u00f3 en reaccionar: denunciaron p\u00fablicamente la falta de di\u00e1logo, el desprecio por la negociaci\u00f3n colectiva y la violaci\u00f3n de derechos laborales. El secretario general, <strong>Emilio Di Serio<\/strong>, fue claro al se\u00f1alar que \u201c<strong>Clariant act\u00faa de manera unilateral e ilegal, sin respetar los procedimientos que corresponde seguir ante una situaci\u00f3n como esta<\/strong>\u201d.<\/p>\n\n\n\n<p>Pero esta historia no es un caso aislado. La salida de Clariant se suma a una lista cada vez m\u00e1s extensa de <strong>empresas extranjeras y nacionales que han frenado sus inversiones, suspendido operaciones o cerrado plantas<\/strong> desde que Milei asumi\u00f3 la presidencia. La excusa de \u201cla libertad econ\u00f3mica\u201d y la desregulaci\u00f3n absoluta del mercado se est\u00e1 traduciendo, en la pr\u00e1ctica, en <strong>una econom\u00eda en picada, sin protecci\u00f3n al trabajo ni fomento a la producci\u00f3n<\/strong>.<\/p>\n\n\n\n<p>El vaciamiento del aparato industrial es tangible. A la ca\u00edda de Clariant se suman las suspensiones en Scania, los ajustes en Acindar, la par\u00e1lisis de f\u00e1bricas textiles, autopartistas y del sector alimenticio. No hay un rubro que no haya sentido la demolici\u00f3n provocada por <strong>el dogmatismo ultraliberal<\/strong> de la Casa Rosada. Y lo que antes eran alertas, hoy son consecuencias directas: <strong>m\u00e1s desocupaci\u00f3n, m\u00e1s pobreza y menos pa\u00eds<\/strong>.<\/p>\n\n\n\n<p>En medio de este escenario desolador, lo que m\u00e1s indigna es la falta total de respuesta oficial. Desde el Ministerio de Econom\u00eda, encabezado por <strong>Luis Caputo<\/strong>, reina el silencio. Desde la Secretar\u00eda de Trabajo, nada. Ni una declaraci\u00f3n, ni una intervenci\u00f3n. <strong>El Estado ausente como pol\u00edtica de Estado.<\/strong> Todo parece formar parte del \u201cplan motosierra\u201d, donde los trabajadores son el material de descarte.<\/p>\n\n\n\n<p>Los vecinos de Z\u00e1rate, una ciudad hist\u00f3ricamente vinculada a la actividad industrial y portuaria, sienten el golpe en carne propia. El cierre de Clariant no es solo una p\u00e9rdida de empleos, sino tambi\u00e9n un golpe al tejido social. Comercios, proveedores, servicios, todo sufre cuando una gran empresa se retira. Es el efecto domin\u00f3 de un modelo que destruye sin construir.<\/p>\n\n\n\n<p>Desde los gremios se est\u00e1 evaluando avanzar con acciones legales y movilizaciones. \u201cVamos a pelear cada puesto de trabajo\u201d, aseguran desde Festiqypra. Pero el tiempo corre y la empresa ya inici\u00f3 su proceso de cierre definitivo. El vaciamiento avanza y los trabajadores, nuevamente, quedan a merced del mercado.<\/p>\n\n\n\n<p>El caso Clariant deja lecciones importantes. Primero, que <strong>las decisiones de inversi\u00f3n no se toman en el vac\u00edo<\/strong>, sino en funci\u00f3n de pol\u00edticas econ\u00f3micas concretas. Y hoy, con Milei en el poder, <strong>no hay previsibilidad, no hay consumo, no hay reglas claras que protejan a la industria nacional<\/strong>. Segundo, que la idea de \u201cretirar al Estado\u201d solo sirve para desguazar los derechos laborales y sociales, mientras las grandes corporaciones act\u00faan sin controles. Y tercero, que detr\u00e1s de cada n\u00famero, de cada balance, <strong>hay vidas concretas, historias de trabajadores que lo pierden todo.<\/strong><\/p>\n\n\n\n<p>Mientras el gobierno celebra equilibrios fiscales que nadie siente, <strong>el pa\u00eds real se desangra<\/strong>. La salida de Clariant no es una an\u00e9cdota: es el s\u00edntoma de una Argentina que expulsa empresas y personas por igual. Una econom\u00eda que se achica, un Estado que se borra, una sociedad que se precariza.<\/p>\n\n\n\n<p>\u00bfQu\u00e9 queda despu\u00e9s del portazo de Clariant? Una planta vac\u00eda, familias quebradas, una comunidad golpeada. Y una advertencia para todos: <strong>cuando las empresas se van, los que quedamos somos nosotros. Y no hay Plan B que nos salve de un modelo que ya fracas\u00f3.<\/strong><\/p>\n\n\n\n<p><strong>Fuentes:<\/strong><\/p>\n\n\n\n<ol class=\"wp-block-list\">\n<li><a class=\"\" href=\"https:\/\/www.diariolavozdezarate.com\/2025\/06\/19\/la-quimica-clariant-cierra-su-planta-en-zarate\/\">https:\/\/www.diariolavozdezarate.com\/2025\/06\/19\/la-quimica-clariant-cierra-su-planta-en-zarate\/<\/a><\/li>\n\n\n\n<li><a class=\"\" href=\"https:\/\/www.infogremiales.com.ar\/la-quimica-clariant-cierra-su-planta-en-zarate-se-va-de-argentina-y-deja-a-unos-50-empleados-de-produccion-en-la-calle\/\">https:\/\/www.infogremiales.com.ar\/la-quimica-clariant-cierra-su-planta-en-zarate-se-va-de-argentina-y-deja-a-unos-50-empleados-de-produccion-en-la-calle\/<\/a><\/li>\n\n\n\n<li><a class=\"\" href=\"https:\/\/www.todoprovincial.com\/clariant-cierra-su-planta-en-zarate-y-deja-de-producir-en-argentina\/\">https:\/\/www.todoprovincial.com\/clariant-cierra-su-planta-en-zarate-y-deja-de-producir-en-argentina\/<\/a><\/li>\n<\/ol>\n","protected":false},"excerpt":{"rendered":"<p>Clariant, la multinacional qu\u00edmica suiza, cerr\u00f3 su hist\u00f3rica planta en Z\u00e1rate y se va del pa\u00eds tras m\u00e1s de 60 a\u00f1os. M\u00e1s de 50 trabajadores quedan en la calle. Es otro s\u00edmbolo del colapso industrial argentino bajo las pol\u00edticas de ajuste brutal del gobierno de Javier Milei. No hay futuro sin industria.<\/p>\n","protected":false},"author":11,"featured_media":5404,"comment_status":"open","ping_status":"open","sticky":false,"template":"","format":"standard","meta":{"_monsterinsights_skip_tracking":false,"_monsterinsights_sitenote_active":false,"_monsterinsights_sitenote_note":"","_monsterinsights_sitenote_category":0,"footnotes":"","jetpack_publicize_message":"\ud83d\udd34 Clariant se va de Argentina y deja un tendal: 50 trabajadores en la calle, una planta cerrada y un pa\u00eds que se desintegra productivamente. El modelo Milei expulsa empresas y personas. \u00bfHasta cu\u00e1ndo soportamos este ajuste brutal? Le\u00e9 la nota completa \ud83d\udc47","jetpack_publicize_feature_enabled":true,"jetpack_social_post_already_shared":false,"jetpack_social_options":{"image_generator_settings":{"template":"highway","default_image_id":0,"enabled":false},"version":2}},"categories":[3],"tags":[58,765,1690,57,29,45,101,771,292,1691],"class_list":["post-5403","post","type-post","status-publish","format-standard","has-post-thumbnail","hentry","category-economia","tag-ajuste","tag-cierre","tag-clariant","tag-desempleo","tag-industria","tag-milei","tag-recesion","tag-sindicalismo","tag-trabajadores","tag-zarate"],"jetpack_publicize_connections":[],"_links":{"self":[{"href":"https:\/\/www.enorsai.com\/noticias\/wp-json\/wp\/v2\/posts\/5403","targetHints":{"allow":["GET"]}}],"collection":[{"href":"https:\/\/www.enorsai.com\/noticias\/wp-json\/wp\/v2\/posts"}],"about":[{"href":"https:\/\/www.enorsai.com\/noticias\/wp-json\/wp\/v2\/types\/post"}],"author":[{"embeddable":true,"href":"https:\/\/www.enorsai.com\/noticias\/wp-json\/wp\/v2\/users\/11"}],"replies":[{"embeddable":true,"href":"https:\/\/www.enorsai.com\/noticias\/wp-json\/wp\/v2\/comments?post=5403"}],"version-history":[{"count":4,"href":"https:\/\/www.enorsai.com\/noticias\/wp-json\/wp\/v2\/posts\/5403\/revisions"}],"predecessor-version":[{"id":5408,"href":"https:\/\/www.enorsai.com\/noticias\/wp-json\/wp\/v2\/posts\/5403\/revisions\/5408"}],"wp:featuredmedia":[{"embeddable":true,"href":"https:\/\/www.enorsai.com\/noticias\/wp-json\/wp\/v2\/media\/5404"}],"wp:attachment":[{"href":"https:\/\/www.enorsai.com\/noticias\/wp-json\/wp\/v2\/media?parent=5403"}],"wp:term":[{"taxonomy":"category","embeddable":true,"href":"https:\/\/www.enorsai.com\/noticias\/wp-json\/wp\/v2\/categories?post=5403"},{"taxonomy":"post_tag","embeddable":true,"href":"https:\/\/www.enorsai.com\/noticias\/wp-json\/wp\/v2\/tags?post=5403"}],"curies":[{"name":"wp","href":"https:\/\/api.w.org\/{rel}","templated":true}]}}